{"id":1323,"date":"2017-12-24T17:30:07","date_gmt":"2017-12-24T16:30:07","guid":{"rendered":"http:\/\/www.aikido-vittorioveneto.it\/?p=1323"},"modified":"2017-12-24T17:04:52","modified_gmt":"2017-12-24T16:04:52","slug":"aikido-un-nuovo-anno-in-armonia","status":"publish","type":"post","link":"https:\/\/www.aikido-origin.it\/?p=1323","title":{"rendered":"AIKIDO: un nuovo anno in Armonia"},"content":{"rendered":"<p style=\"text-align: justify;\">L&#8217;Aikido Vittorio Veneto festeggia il 2018 cominciando il nuovo anno con la tradizionale cerimonia giapponese del Kagami Biraki. Nei giorni di <strong>sabato 6 e domenica 7 gennaio<\/strong> il Maestro Sandro Lucagnano terr\u00e0 delle speciali lezioni di Aikido intervallate dagli esami kyu (principianti) e dan (cintura nera) e da un&#8217;esibizione di Aikido aperta a tutti prevista per sabato sera alle 18.00. L&#8217;evento, volto a consolidare il Dojo in un clima di armonia ed affiatamento, culminer\u00e0 con la caratteristica cena giapponese sul tatami. Un&#8217;esperienza originale assolutamente da provare!<\/p>\n<p>&nbsp;<\/p>\n<p style=\"text-align: justify;\">Le lezioni di Aikido sono <strong>aperte a tutti<\/strong> purch\u00e9 regolarmente iscritti ad una federazione ed assicurati; portare con s\u00e9 la licenza della federazione di appartenenza, ken, jo e tanto. Si ricorda che in qualsiasi momento del Keiko sar\u00e0 possibile <strong>assistere gratuitamente<\/strong> e senza impegno alle lezioni di Aikido. Per informazioni sui costi e sulle iscrizioni si prega di rivolgersi alla Segreteria la quale sar\u00e0 a disposizione in loco per tutta la durata dell\u2019evento. Da luned\u00ec 8 Gennaio 2018 riprenderanno i corsi di Aikido per donne e uomini di tutte le et\u00e0. Lezioni ogni luned\u00ec, mercoled\u00ec e venerd\u00ec dalle 20.30 alle 22.00.<\/p>\n<p>&nbsp;<\/p>\n<p style=\"text-align: justify;\"><strong>L&#8217;INGRESSO E&#8217; LIBERO PER GLI SPETTATORI!<\/strong> Il contributo per la partecipazione \u00e8 di 30,00 EURO a persona per l\u2019accesso alle lezioni (quota unica comprensiva della cena) da versare presso la Segreteria all&#8217;inizio dell&#8217;evento. E&#8217; possibile partecipare solamente alla cena con un contributo di 10,00 EURO a persona (\u00e8 necessaria la prenotazione). <strong>Il ricavato, decurtato delle spese di affitto, sar\u00e0 interamente devoluto alla raccolta fondi per l\u2019acquisto di un tatami destinato alle attivit\u00e0 associative.<\/strong> Per ogni informazione e prenotazioni si prega di contattare il Maestro Sandro Lucagnano al numero 347\/6264129 (SMS e WhatsApp). Venite a scoprire l&#8217;Aikido: l&#8217;Arte Marziale della Pace!<\/p>\n<p>&nbsp;<\/p>\n<p style=\"text-align: justify;\">Si ringrazia <a href=\"http:\/\/www.pzitaly.it\/\" target=\"_blank\" rel=\"noopener noreferrer\">PZ srl LAVORAZIONI MECCANICHE DI PRECISIONE<\/a> per il generoso contributo.<\/p>\n<p>&nbsp;<\/p>\n<p style=\"text-align: center;\"><img decoding=\"async\" src=\"http:\/\/www.aikido-origin.it\/wp-content\/uploads\/2017\/12\/Kagami_Biraki_2018_Web.jpg\" \/><\/p>\n<p style=\"text-align: center;\"><a href=\"http:\/\/www.aikido-origin.it\/wp-content\/uploads\/2017\/12\/Kagami_Biraki_2018.pdf\" target=\"_blank\" rel=\"noopener\">SCARICA LA LOCANDINA IN PDF<\/a><\/p>\n","protected":false},"excerpt":{"rendered":"<p>L&#8217;Aikido Vittorio Veneto festeggia il 2018 cominciando il nuovo anno con la tradizionale cerimonia giapponese del Kagami Biraki. Nei giorni di sabato 6 e domenica 7 gennaio il Maestro Sandro Lucagnano terr\u00e0 delle speciali lezioni di Aikido intervallate dagli esami kyu (principianti) e dan (cintura nera) e da un&#8217;esibizione di &hellip;<\/p>\n","protected":false},"author":1,"featured_media":0,"comment_status":"closed","ping_status":"open","sticky":false,"template":"","format":"standard","meta":{"sfsi_plus_gutenberg_text_before_share":"","sfsi_plus_gutenberg_show_text_before_share":"","sfsi_plus_gutenberg_icon_type":"","sfsi_plus_gutenberg_icon_alignemt":"","sfsi_plus_gutenburg_max_per_row":"","_jetpack_memberships_contains_paid_content":false,"footnotes":""},"categories":[6],"tags":[],"class_list":["post-1323","post","type-post","status-publish","format-standard","hentry","category-articoli"],"yoast_head":"<!-- This site is optimized with the Yoast SEO plugin v25.6 - https:\/\/yoast.com\/wordpress\/plugins\/seo\/ -->\n<title>AIKIDO: un nuovo anno in Armonia - Aikido Origin<\/title>\n<meta name=\"robots\" content=\"index, follow, max-snippet:-1, max-image-preview:large, max-video-preview:-1\" \/>\n<link rel=\"canonical\" href=\"https:\/\/www.aikido-origin.it\/?p=1323\" \/>\n<meta property=\"og:locale\" content=\"it_IT\" \/>\n<meta property=\"og:type\" content=\"article\" \/>\n<meta property=\"og:title\" content=\"AIKIDO: un nuovo anno in Armonia - Aikido Origin\" \/>\n<meta property=\"og:description\" content=\"L&#8217;Aikido Vittorio Veneto festeggia il 2018 cominciando il nuovo anno con la tradizionale cerimonia giapponese del Kagami Biraki. Nei giorni di sabato 6 e domenica 7 gennaio il Maestro Sandro Lucagnano terr\u00e0 delle speciali lezioni di Aikido intervallate dagli esami kyu (principianti) e dan (cintura nera) e da un&#8217;esibizione di &hellip;\" \/>\n<meta property=\"og:url\" content=\"https:\/\/www.aikido-origin.it\/?p=1323\" \/>\n<meta property=\"og:site_name\" content=\"Aikido Origin\" \/>\n<meta property=\"article:publisher\" content=\"https:\/\/www.facebook.com\/AikidoOrigin\" \/>\n<meta property=\"article:published_time\" content=\"2017-12-24T16:30:07+00:00\" \/>\n<meta property=\"og:image\" content=\"http:\/\/www.aikido-origin.it\/wp-content\/uploads\/2017\/12\/Kagami_Biraki_2018_Web.jpg\" \/>\n<meta name=\"author\" content=\"AdminSensei\" \/>\n<meta name=\"twitter:card\" content=\"summary_large_image\" \/>\n<meta name=\"twitter:label1\" content=\"Scritto da\" \/>\n\t<meta name=\"twitter:data1\" content=\"AdminSensei\" \/>\n\t<meta name=\"twitter:label2\" content=\"Tempo di lettura stimato\" \/>\n\t<meta name=\"twitter:data2\" content=\"1 minuto\" \/>\n<script type=\"application\/ld+json\" class=\"yoast-schema-graph\">{\"@context\":\"https:\/\/schema.org\",\"@graph\":[{\"@type\":\"Article\",\"@id\":\"https:\/\/www.aikido-origin.it\/?p=1323#article\",\"isPartOf\":{\"@id\":\"https:\/\/www.aikido-origin.it\/?p=1323\"},\"author\":{\"name\":\"AdminSensei\",\"@id\":\"https:\/\/www.aikido-origin.it\/#\/schema\/person\/5f355cfd81900cfddcbb83493964aae4\"},\"headline\":\"AIKIDO: un nuovo anno in Armonia\",\"datePublished\":\"2017-12-24T16:30:07+00:00\",\"mainEntityOfPage\":{\"@id\":\"https:\/\/www.aikido-origin.it\/?p=1323\"},\"wordCount\":313,\"publisher\":{\"@id\":\"https:\/\/www.aikido-origin.it\/#organization\"},\"image\":{\"@id\":\"https:\/\/www.aikido-origin.it\/?p=1323#primaryimage\"},\"thumbnailUrl\":\"http:\/\/www.aikido-origin.it\/wp-content\/uploads\/2017\/12\/Kagami_Biraki_2018_Web.jpg\",\"articleSection\":[\"Articoli\"],\"inLanguage\":\"it-IT\"},{\"@type\":\"WebPage\",\"@id\":\"https:\/\/www.aikido-origin.it\/?p=1323\",\"url\":\"https:\/\/www.aikido-origin.it\/?p=1323\",\"name\":\"AIKIDO: un nuovo anno in Armonia - Aikido Origin\",\"isPartOf\":{\"@id\":\"https:\/\/www.aikido-origin.it\/#website\"},\"primaryImageOfPage\":{\"@id\":\"https:\/\/www.aikido-origin.it\/?p=1323#primaryimage\"},\"image\":{\"@id\":\"https:\/\/www.aikido-origin.it\/?p=1323#primaryimage\"},\"thumbnailUrl\":\"http:\/\/www.aikido-origin.it\/wp-content\/uploads\/2017\/12\/Kagami_Biraki_2018_Web.jpg\",\"datePublished\":\"2017-12-24T16:30:07+00:00\",\"breadcrumb\":{\"@id\":\"https:\/\/www.aikido-origin.it\/?p=1323#breadcrumb\"},\"inLanguage\":\"it-IT\",\"potentialAction\":[{\"@type\":\"ReadAction\",\"target\":[\"https:\/\/www.aikido-origin.it\/?p=1323\"]}]},{\"@type\":\"ImageObject\",\"inLanguage\":\"it-IT\",\"@id\":\"https:\/\/www.aikido-origin.it\/?p=1323#primaryimage\",\"url\":\"http:\/\/www.aikido-origin.it\/wp-content\/uploads\/2017\/12\/Kagami_Biraki_2018_Web.jpg\",\"contentUrl\":\"http:\/\/www.aikido-origin.it\/wp-content\/uploads\/2017\/12\/Kagami_Biraki_2018_Web.jpg\"},{\"@type\":\"BreadcrumbList\",\"@id\":\"https:\/\/www.aikido-origin.it\/?p=1323#breadcrumb\",\"itemListElement\":[{\"@type\":\"ListItem\",\"position\":1,\"name\":\"Home\",\"item\":\"https:\/\/www.aikido-origin.it\/\"},{\"@type\":\"ListItem\",\"position\":2,\"name\":\"AIKIDO: un nuovo anno in Armonia\"}]},{\"@type\":\"WebSite\",\"@id\":\"https:\/\/www.aikido-origin.it\/#website\",\"url\":\"https:\/\/www.aikido-origin.it\/\",\"name\":\"Aikido Origin\",\"description\":\"The Art of Peace\",\"publisher\":{\"@id\":\"https:\/\/www.aikido-origin.it\/#organization\"},\"potentialAction\":[{\"@type\":\"SearchAction\",\"target\":{\"@type\":\"EntryPoint\",\"urlTemplate\":\"https:\/\/www.aikido-origin.it\/?s={search_term_string}\"},\"query-input\":{\"@type\":\"PropertyValueSpecification\",\"valueRequired\":true,\"valueName\":\"search_term_string\"}}],\"inLanguage\":\"it-IT\"},{\"@type\":\"Organization\",\"@id\":\"https:\/\/www.aikido-origin.it\/#organization\",\"name\":\"Aikido Origin\",\"url\":\"https:\/\/www.aikido-origin.it\/\",\"logo\":{\"@type\":\"ImageObject\",\"inLanguage\":\"it-IT\",\"@id\":\"https:\/\/www.aikido-origin.it\/#\/schema\/logo\/image\/\",\"url\":\"https:\/\/www.aikido-origin.it\/wordpress\/wp-content\/uploads\/2019\/09\/cropped-AIKIDO-ORIGIN-DEFINITIVO-1-1.png\",\"contentUrl\":\"https:\/\/www.aikido-origin.it\/wordpress\/wp-content\/uploads\/2019\/09\/cropped-AIKIDO-ORIGIN-DEFINITIVO-1-1.png\",\"width\":1002,\"height\":1042,\"caption\":\"Aikido Origin\"},\"image\":{\"@id\":\"https:\/\/www.aikido-origin.it\/#\/schema\/logo\/image\/\"},\"sameAs\":[\"https:\/\/www.facebook.com\/AikidoOrigin\",\"https:\/\/www.youtube.com\/AikidoOrigin\",\"https:\/\/www.instagram.com\/aikido_origin\"]},{\"@type\":\"Person\",\"@id\":\"https:\/\/www.aikido-origin.it\/#\/schema\/person\/5f355cfd81900cfddcbb83493964aae4\",\"name\":\"AdminSensei\",\"image\":{\"@type\":\"ImageObject\",\"inLanguage\":\"it-IT\",\"@id\":\"https:\/\/www.aikido-origin.it\/#\/schema\/person\/image\/\",\"url\":\"https:\/\/secure.gravatar.com\/avatar\/73767cd6cd374cc216306eebd0d67968?s=96&d=mm&r=g\",\"contentUrl\":\"https:\/\/secure.gravatar.com\/avatar\/73767cd6cd374cc216306eebd0d67968?s=96&d=mm&r=g\",\"caption\":\"AdminSensei\"},\"url\":\"https:\/\/www.aikido-origin.it\/?author=1\"}]}<\/script>\n<!-- \/ Yoast SEO plugin. -->","yoast_head_json":{"title":"AIKIDO: un nuovo anno in Armonia - Aikido Origin","robots":{"index":"index","follow":"follow","max-snippet":"max-snippet:-1","max-image-preview":"max-image-preview:large","max-video-preview":"max-video-preview:-1"},"canonical":"https:\/\/www.aikido-origin.it\/?p=1323","og_locale":"it_IT","og_type":"article","og_title":"AIKIDO: un nuovo anno in Armonia - Aikido Origin","og_description":"L&#8217;Aikido Vittorio Veneto festeggia il 2018 cominciando il nuovo anno con la tradizionale cerimonia giapponese del Kagami Biraki. Nei giorni di sabato 6 e domenica 7 gennaio il Maestro Sandro Lucagnano terr\u00e0 delle speciali lezioni di Aikido intervallate dagli esami kyu (principianti) e dan (cintura nera) e da un&#8217;esibizione di &hellip;","og_url":"https:\/\/www.aikido-origin.it\/?p=1323","og_site_name":"Aikido Origin","article_publisher":"https:\/\/www.facebook.com\/AikidoOrigin","article_published_time":"2017-12-24T16:30:07+00:00","og_image":[{"url":"http:\/\/www.aikido-origin.it\/wp-content\/uploads\/2017\/12\/Kagami_Biraki_2018_Web.jpg","type":"","width":"","height":""}],"author":"AdminSensei","twitter_card":"summary_large_image","twitter_misc":{"Scritto da":"AdminSensei","Tempo di lettura stimato":"1 minuto"},"schema":{"@context":"https:\/\/schema.org","@graph":[{"@type":"Article","@id":"https:\/\/www.aikido-origin.it\/?p=1323#article","isPartOf":{"@id":"https:\/\/www.aikido-origin.it\/?p=1323"},"author":{"name":"AdminSensei","@id":"https:\/\/www.aikido-origin.it\/#\/schema\/person\/5f355cfd81900cfddcbb83493964aae4"},"headline":"AIKIDO: un nuovo anno in Armonia","datePublished":"2017-12-24T16:30:07+00:00","mainEntityOfPage":{"@id":"https:\/\/www.aikido-origin.it\/?p=1323"},"wordCount":313,"publisher":{"@id":"https:\/\/www.aikido-origin.it\/#organization"},"image":{"@id":"https:\/\/www.aikido-origin.it\/?p=1323#primaryimage"},"thumbnailUrl":"http:\/\/www.aikido-origin.it\/wp-content\/uploads\/2017\/12\/Kagami_Biraki_2018_Web.jpg","articleSection":["Articoli"],"inLanguage":"it-IT"},{"@type":"WebPage","@id":"https:\/\/www.aikido-origin.it\/?p=1323","url":"https:\/\/www.aikido-origin.it\/?p=1323","name":"AIKIDO: un nuovo anno in Armonia - Aikido Origin","isPartOf":{"@id":"https:\/\/www.aikido-origin.it\/#website"},"primaryImageOfPage":{"@id":"https:\/\/www.aikido-origin.it\/?p=1323#primaryimage"},"image":{"@id":"https:\/\/www.aikido-origin.it\/?p=1323#primaryimage"},"thumbnailUrl":"http:\/\/www.aikido-origin.it\/wp-content\/uploads\/2017\/12\/Kagami_Biraki_2018_Web.jpg","datePublished":"2017-12-24T16:30:07+00:00","breadcrumb":{"@id":"https:\/\/www.aikido-origin.it\/?p=1323#breadcrumb"},"inLanguage":"it-IT","potentialAction":[{"@type":"ReadAction","target":["https:\/\/www.aikido-origin.it\/?p=1323"]}]},{"@type":"ImageObject","inLanguage":"it-IT","@id":"https:\/\/www.aikido-origin.it\/?p=1323#primaryimage","url":"http:\/\/www.aikido-origin.it\/wp-content\/uploads\/2017\/12\/Kagami_Biraki_2018_Web.jpg","contentUrl":"http:\/\/www.aikido-origin.it\/wp-content\/uploads\/2017\/12\/Kagami_Biraki_2018_Web.jpg"},{"@type":"BreadcrumbList","@id":"https:\/\/www.aikido-origin.it\/?p=1323#breadcrumb","itemListElement":[{"@type":"ListItem","position":1,"name":"Home","item":"https:\/\/www.aikido-origin.it\/"},{"@type":"ListItem","position":2,"name":"AIKIDO: un nuovo anno in Armonia"}]},{"@type":"WebSite","@id":"https:\/\/www.aikido-origin.it\/#website","url":"https:\/\/www.aikido-origin.it\/","name":"Aikido Origin","description":"The Art of Peace","publisher":{"@id":"https:\/\/www.aikido-origin.it\/#organization"},"potentialAction":[{"@type":"SearchAction","target":{"@type":"EntryPoint","urlTemplate":"https:\/\/www.aikido-origin.it\/?s={search_term_string}"},"query-input":{"@type":"PropertyValueSpecification","valueRequired":true,"valueName":"search_term_string"}}],"inLanguage":"it-IT"},{"@type":"Organization","@id":"https:\/\/www.aikido-origin.it\/#organization","name":"Aikido Origin","url":"https:\/\/www.aikido-origin.it\/","logo":{"@type":"ImageObject","inLanguage":"it-IT","@id":"https:\/\/www.aikido-origin.it\/#\/schema\/logo\/image\/","url":"https:\/\/www.aikido-origin.it\/wordpress\/wp-content\/uploads\/2019\/09\/cropped-AIKIDO-ORIGIN-DEFINITIVO-1-1.png","contentUrl":"https:\/\/www.aikido-origin.it\/wordpress\/wp-content\/uploads\/2019\/09\/cropped-AIKIDO-ORIGIN-DEFINITIVO-1-1.png","width":1002,"height":1042,"caption":"Aikido Origin"},"image":{"@id":"https:\/\/www.aikido-origin.it\/#\/schema\/logo\/image\/"},"sameAs":["https:\/\/www.facebook.com\/AikidoOrigin","https:\/\/www.youtube.com\/AikidoOrigin","https:\/\/www.instagram.com\/aikido_origin"]},{"@type":"Person","@id":"https:\/\/www.aikido-origin.it\/#\/schema\/person\/5f355cfd81900cfddcbb83493964aae4","name":"AdminSensei","image":{"@type":"ImageObject","inLanguage":"it-IT","@id":"https:\/\/www.aikido-origin.it\/#\/schema\/person\/image\/","url":"https:\/\/secure.gravatar.com\/avatar\/73767cd6cd374cc216306eebd0d67968?s=96&d=mm&r=g","contentUrl":"https:\/\/secure.gravatar.com\/avatar\/73767cd6cd374cc216306eebd0d67968?s=96&d=mm&r=g","caption":"AdminSensei"},"url":"https:\/\/www.aikido-origin.it\/?author=1"}]}},"jetpack_featured_media_url":"","jetpack_sharing_enabled":true,"_links":{"self":[{"href":"https:\/\/www.aikido-origin.it\/index.php?rest_route=\/wp\/v2\/posts\/1323","targetHints":{"allow":["GET"]}}],"collection":[{"href":"https:\/\/www.aikido-origin.it\/index.php?rest_route=\/wp\/v2\/posts"}],"about":[{"href":"https:\/\/www.aikido-origin.it\/index.php?rest_route=\/wp\/v2\/types\/post"}],"author":[{"embeddable":true,"href":"https:\/\/www.aikido-origin.it\/index.php?rest_route=\/wp\/v2\/users\/1"}],"replies":[{"embeddable":true,"href":"https:\/\/www.aikido-origin.it\/index.php?rest_route=%2Fwp%2Fv2%2Fcomments&post=1323"}],"version-history":[{"count":6,"href":"https:\/\/www.aikido-origin.it\/index.php?rest_route=\/wp\/v2\/posts\/1323\/revisions"}],"predecessor-version":[{"id":1333,"href":"https:\/\/www.aikido-origin.it\/index.php?rest_route=\/wp\/v2\/posts\/1323\/revisions\/1333"}],"wp:attachment":[{"href":"https:\/\/www.aikido-origin.it\/index.php?rest_route=%2Fwp%2Fv2%2Fmedia&parent=1323"}],"wp:term":[{"taxonomy":"category","embeddable":true,"href":"https:\/\/www.aikido-origin.it\/index.php?rest_route=%2Fwp%2Fv2%2Fcategories&post=1323"},{"taxonomy":"post_tag","embeddable":true,"href":"https:\/\/www.aikido-origin.it\/index.php?rest_route=%2Fwp%2Fv2%2Ftags&post=1323"}],"curies":[{"name":"wp","href":"https:\/\/api.w.org\/{rel}","templated":true}]}}