{"id":1500,"date":"2019-01-02T15:00:25","date_gmt":"2019-01-02T14:00:25","guid":{"rendered":"http:\/\/www.aikido-vittorioveneto.it\/?p=1500"},"modified":"2019-01-01T21:58:01","modified_gmt":"2019-01-01T20:58:01","slug":"aikido-un-nuovo-anno-in-armonia-2","status":"publish","type":"post","link":"https:\/\/www.aikido-origin.it\/?p=1500","title":{"rendered":"AIKIDO: un nuovo anno in Armonia"},"content":{"rendered":"<p style=\"text-align: justify;\">L&#8217;Aikido Vittorio Veneto festeggia il 2019 cominciando il nuovo anno con la tradizionale cerimonia giapponese del Kagami Biraki. Nella giornata di <strong>sabato 12 gennaio<\/strong> il Maestro Sandro Lucagnano terr\u00e0 una speciale lezione di Aikido ed un&#8217;esibizione di Aikido aperta a tutti. L&#8217;evento, volto a consolidare il Dojo in un clima di armonia ed affiatamento, culminer\u00e0 con la caratteristica <strong>cena giapponese sul tatami<\/strong>. Un&#8217;esperienza originale assolutamente da provare!<\/p>\n<p style=\"text-align: justify;\">Le lezioni di Aikido sono <strong>aperte a tutti<\/strong> purch\u00e9 regolarmente iscritti ad una federazione ed assicurati; portare con s\u00e9 la licenza della federazione di appartenenza, ken, jo e tanto. Si ricorda che in qualsiasi momento del Keiko sar\u00e0 possibile <strong>assistere gratuitamente<\/strong> e senza impegno alle lezioni di Aikido. Per informazioni sui costi e sulle iscrizioni si prega di rivolgersi alla Segreteria la quale sar\u00e0 a disposizione in loco per tutta la durata dell\u2019evento. Si ricorda che da luned\u00ec 7 Gennaio 2019 riprenderanno i corsi di Aikido per donne e uomini di tutte le et\u00e0. Lezioni ogni luned\u00ec, mercoled\u00ec e venerd\u00ec dalle 20.30 alle 22.00.<\/p>\n<p style=\"text-align: justify;\"><strong>L&#8217;INGRESSO E&#8217; LIBERO PER GLI SPETTATORI!<\/strong> Il contributo per la partecipazione \u00e8 di 35,00 EURO a persona per l\u2019accesso alle lezioni (quota unica comprensiva della cena) da versare presso la Segreteria all&#8217;inizio dell&#8217;evento. E&#8217; possibile partecipare solamente alla cena con un contributo di 15,00 EURO a persona <strong>(\u00e8 necessaria la prenotazione)<\/strong>. Per ogni informazione e prenotazioni si prega di contattare il Maestro Sandro Lucagnano al numero 347\/6264129 (SMS e WhatsApp). Venite a scoprire l&#8217;Aikido: l&#8217;Arte Marziale della Pace!<\/p>\n<p align=\"justify\"><strong>e.mail<\/strong> <a href=\"mailto:aikidovittorioveneto@gmail.com\">aikidovittorioveneto@gmail.com<\/a><br \/>\n<strong>website<\/strong> <a href=\"http:\/\/www.aikido-vittorioveneto.it\" target=\"_blank\" rel=\"noopener\">www.aikido-vittorioveneto.it<\/a><br \/>\n<strong>facebook<\/strong> <a href=\"http:\/\/www.facebook.com\/sandro.lucagnano\" target=\"_blank\" rel=\"noopener\">www.facebook.com\/sandro.lucagnano<\/a><br \/>\n<strong>youtube<\/strong> <a href=\"http:\/\/www.youtube.com\/aikidoorigin\" target=\"_blank\" rel=\"noopener\">www.youtube.com\/aikidoorigin<\/a><\/p>\n<p style=\"text-align: center;\"><img loading=\"lazy\" decoding=\"async\" src=\"http:\/\/www.aikido-origin.it\/wp-content\/uploads\/2019\/01\/Kagami_Biraki_2019.jpg\" width=\"600\" height=\"1500\" \/><\/p>\n<p style=\"text-align: center;\"><a href=\"http:\/\/www.aikido-origin.it\/wp-content\/uploads\/2019\/01\/Kagami_Biraki_2019.pdf\" target=\"_blank\" rel=\"noopener\">SCARICA LA LOCANDINA IN PDF<\/a><\/p>\n","protected":false},"excerpt":{"rendered":"<p>L&#8217;Aikido Vittorio Veneto festeggia il 2019 cominciando il nuovo anno con la tradizionale cerimonia giapponese del Kagami Biraki. Nella giornata di sabato 12 gennaio il Maestro Sandro Lucagnano terr\u00e0 una speciale lezione di Aikido ed un&#8217;esibizione di Aikido aperta a tutti. L&#8217;evento, volto a consolidare il Dojo in un clima &hellip;<\/p>\n","protected":false},"author":1,"featured_media":0,"comment_status":"closed","ping_status":"open","sticky":false,"template":"","format":"standard","meta":{"sfsi_plus_gutenberg_text_before_share":"","sfsi_plus_gutenberg_show_text_before_share":"","sfsi_plus_gutenberg_icon_type":"","sfsi_plus_gutenberg_icon_alignemt":"","sfsi_plus_gutenburg_max_per_row":"","_jetpack_memberships_contains_paid_content":false,"footnotes":""},"categories":[6],"tags":[],"class_list":["post-1500","post","type-post","status-publish","format-standard","hentry","category-articoli"],"yoast_head":"<!-- This site is optimized with the Yoast SEO plugin v25.6 - https:\/\/yoast.com\/wordpress\/plugins\/seo\/ -->\n<title>AIKIDO: un nuovo anno in Armonia - Aikido Origin<\/title>\n<meta name=\"robots\" content=\"index, follow, max-snippet:-1, max-image-preview:large, max-video-preview:-1\" \/>\n<link rel=\"canonical\" href=\"https:\/\/www.aikido-origin.it\/?p=1500\" \/>\n<meta property=\"og:locale\" content=\"it_IT\" \/>\n<meta property=\"og:type\" content=\"article\" \/>\n<meta property=\"og:title\" content=\"AIKIDO: un nuovo anno in Armonia - Aikido Origin\" \/>\n<meta property=\"og:description\" content=\"L&#8217;Aikido Vittorio Veneto festeggia il 2019 cominciando il nuovo anno con la tradizionale cerimonia giapponese del Kagami Biraki. Nella giornata di sabato 12 gennaio il Maestro Sandro Lucagnano terr\u00e0 una speciale lezione di Aikido ed un&#8217;esibizione di Aikido aperta a tutti. L&#8217;evento, volto a consolidare il Dojo in un clima &hellip;\" \/>\n<meta property=\"og:url\" content=\"https:\/\/www.aikido-origin.it\/?p=1500\" \/>\n<meta property=\"og:site_name\" content=\"Aikido Origin\" \/>\n<meta property=\"article:publisher\" content=\"https:\/\/www.facebook.com\/AikidoOrigin\" \/>\n<meta property=\"article:published_time\" content=\"2019-01-02T14:00:25+00:00\" \/>\n<meta property=\"og:image\" content=\"http:\/\/www.aikido-origin.it\/wp-content\/uploads\/2019\/01\/Kagami_Biraki_2019.jpg\" \/>\n<meta name=\"author\" content=\"AdminSensei\" \/>\n<meta name=\"twitter:card\" content=\"summary_large_image\" \/>\n<meta name=\"twitter:label1\" content=\"Scritto da\" \/>\n\t<meta name=\"twitter:data1\" content=\"AdminSensei\" \/>\n\t<meta name=\"twitter:label2\" content=\"Tempo di lettura stimato\" \/>\n\t<meta name=\"twitter:data2\" content=\"1 minuto\" \/>\n<script type=\"application\/ld+json\" class=\"yoast-schema-graph\">{\"@context\":\"https:\/\/schema.org\",\"@graph\":[{\"@type\":\"Article\",\"@id\":\"https:\/\/www.aikido-origin.it\/?p=1500#article\",\"isPartOf\":{\"@id\":\"https:\/\/www.aikido-origin.it\/?p=1500\"},\"author\":{\"name\":\"AdminSensei\",\"@id\":\"https:\/\/www.aikido-origin.it\/#\/schema\/person\/5f355cfd81900cfddcbb83493964aae4\"},\"headline\":\"AIKIDO: un nuovo anno in Armonia\",\"datePublished\":\"2019-01-02T14:00:25+00:00\",\"mainEntityOfPage\":{\"@id\":\"https:\/\/www.aikido-origin.it\/?p=1500\"},\"wordCount\":280,\"publisher\":{\"@id\":\"https:\/\/www.aikido-origin.it\/#organization\"},\"image\":{\"@id\":\"https:\/\/www.aikido-origin.it\/?p=1500#primaryimage\"},\"thumbnailUrl\":\"http:\/\/www.aikido-origin.it\/wp-content\/uploads\/2019\/01\/Kagami_Biraki_2019.jpg\",\"articleSection\":[\"Articoli\"],\"inLanguage\":\"it-IT\"},{\"@type\":\"WebPage\",\"@id\":\"https:\/\/www.aikido-origin.it\/?p=1500\",\"url\":\"https:\/\/www.aikido-origin.it\/?p=1500\",\"name\":\"AIKIDO: un nuovo anno in Armonia - Aikido Origin\",\"isPartOf\":{\"@id\":\"https:\/\/www.aikido-origin.it\/#website\"},\"primaryImageOfPage\":{\"@id\":\"https:\/\/www.aikido-origin.it\/?p=1500#primaryimage\"},\"image\":{\"@id\":\"https:\/\/www.aikido-origin.it\/?p=1500#primaryimage\"},\"thumbnailUrl\":\"http:\/\/www.aikido-origin.it\/wp-content\/uploads\/2019\/01\/Kagami_Biraki_2019.jpg\",\"datePublished\":\"2019-01-02T14:00:25+00:00\",\"breadcrumb\":{\"@id\":\"https:\/\/www.aikido-origin.it\/?p=1500#breadcrumb\"},\"inLanguage\":\"it-IT\",\"potentialAction\":[{\"@type\":\"ReadAction\",\"target\":[\"https:\/\/www.aikido-origin.it\/?p=1500\"]}]},{\"@type\":\"ImageObject\",\"inLanguage\":\"it-IT\",\"@id\":\"https:\/\/www.aikido-origin.it\/?p=1500#primaryimage\",\"url\":\"http:\/\/www.aikido-origin.it\/wp-content\/uploads\/2019\/01\/Kagami_Biraki_2019.jpg\",\"contentUrl\":\"http:\/\/www.aikido-origin.it\/wp-content\/uploads\/2019\/01\/Kagami_Biraki_2019.jpg\"},{\"@type\":\"BreadcrumbList\",\"@id\":\"https:\/\/www.aikido-origin.it\/?p=1500#breadcrumb\",\"itemListElement\":[{\"@type\":\"ListItem\",\"position\":1,\"name\":\"Home\",\"item\":\"https:\/\/www.aikido-origin.it\/\"},{\"@type\":\"ListItem\",\"position\":2,\"name\":\"AIKIDO: un nuovo anno in Armonia\"}]},{\"@type\":\"WebSite\",\"@id\":\"https:\/\/www.aikido-origin.it\/#website\",\"url\":\"https:\/\/www.aikido-origin.it\/\",\"name\":\"Aikido Origin\",\"description\":\"The Art of Peace\",\"publisher\":{\"@id\":\"https:\/\/www.aikido-origin.it\/#organization\"},\"potentialAction\":[{\"@type\":\"SearchAction\",\"target\":{\"@type\":\"EntryPoint\",\"urlTemplate\":\"https:\/\/www.aikido-origin.it\/?s={search_term_string}\"},\"query-input\":{\"@type\":\"PropertyValueSpecification\",\"valueRequired\":true,\"valueName\":\"search_term_string\"}}],\"inLanguage\":\"it-IT\"},{\"@type\":\"Organization\",\"@id\":\"https:\/\/www.aikido-origin.it\/#organization\",\"name\":\"Aikido Origin\",\"url\":\"https:\/\/www.aikido-origin.it\/\",\"logo\":{\"@type\":\"ImageObject\",\"inLanguage\":\"it-IT\",\"@id\":\"https:\/\/www.aikido-origin.it\/#\/schema\/logo\/image\/\",\"url\":\"https:\/\/www.aikido-origin.it\/wordpress\/wp-content\/uploads\/2019\/09\/cropped-AIKIDO-ORIGIN-DEFINITIVO-1-1.png\",\"contentUrl\":\"https:\/\/www.aikido-origin.it\/wordpress\/wp-content\/uploads\/2019\/09\/cropped-AIKIDO-ORIGIN-DEFINITIVO-1-1.png\",\"width\":1002,\"height\":1042,\"caption\":\"Aikido Origin\"},\"image\":{\"@id\":\"https:\/\/www.aikido-origin.it\/#\/schema\/logo\/image\/\"},\"sameAs\":[\"https:\/\/www.facebook.com\/AikidoOrigin\",\"https:\/\/www.youtube.com\/AikidoOrigin\",\"https:\/\/www.instagram.com\/aikido_origin\"]},{\"@type\":\"Person\",\"@id\":\"https:\/\/www.aikido-origin.it\/#\/schema\/person\/5f355cfd81900cfddcbb83493964aae4\",\"name\":\"AdminSensei\",\"image\":{\"@type\":\"ImageObject\",\"inLanguage\":\"it-IT\",\"@id\":\"https:\/\/www.aikido-origin.it\/#\/schema\/person\/image\/\",\"url\":\"https:\/\/secure.gravatar.com\/avatar\/73767cd6cd374cc216306eebd0d67968?s=96&d=mm&r=g\",\"contentUrl\":\"https:\/\/secure.gravatar.com\/avatar\/73767cd6cd374cc216306eebd0d67968?s=96&d=mm&r=g\",\"caption\":\"AdminSensei\"},\"url\":\"https:\/\/www.aikido-origin.it\/?author=1\"}]}<\/script>\n<!-- \/ Yoast SEO plugin. -->","yoast_head_json":{"title":"AIKIDO: un nuovo anno in Armonia - Aikido Origin","robots":{"index":"index","follow":"follow","max-snippet":"max-snippet:-1","max-image-preview":"max-image-preview:large","max-video-preview":"max-video-preview:-1"},"canonical":"https:\/\/www.aikido-origin.it\/?p=1500","og_locale":"it_IT","og_type":"article","og_title":"AIKIDO: un nuovo anno in Armonia - Aikido Origin","og_description":"L&#8217;Aikido Vittorio Veneto festeggia il 2019 cominciando il nuovo anno con la tradizionale cerimonia giapponese del Kagami Biraki. Nella giornata di sabato 12 gennaio il Maestro Sandro Lucagnano terr\u00e0 una speciale lezione di Aikido ed un&#8217;esibizione di Aikido aperta a tutti. L&#8217;evento, volto a consolidare il Dojo in un clima &hellip;","og_url":"https:\/\/www.aikido-origin.it\/?p=1500","og_site_name":"Aikido Origin","article_publisher":"https:\/\/www.facebook.com\/AikidoOrigin","article_published_time":"2019-01-02T14:00:25+00:00","og_image":[{"url":"http:\/\/www.aikido-origin.it\/wp-content\/uploads\/2019\/01\/Kagami_Biraki_2019.jpg","type":"","width":"","height":""}],"author":"AdminSensei","twitter_card":"summary_large_image","twitter_misc":{"Scritto da":"AdminSensei","Tempo di lettura stimato":"1 minuto"},"schema":{"@context":"https:\/\/schema.org","@graph":[{"@type":"Article","@id":"https:\/\/www.aikido-origin.it\/?p=1500#article","isPartOf":{"@id":"https:\/\/www.aikido-origin.it\/?p=1500"},"author":{"name":"AdminSensei","@id":"https:\/\/www.aikido-origin.it\/#\/schema\/person\/5f355cfd81900cfddcbb83493964aae4"},"headline":"AIKIDO: un nuovo anno in Armonia","datePublished":"2019-01-02T14:00:25+00:00","mainEntityOfPage":{"@id":"https:\/\/www.aikido-origin.it\/?p=1500"},"wordCount":280,"publisher":{"@id":"https:\/\/www.aikido-origin.it\/#organization"},"image":{"@id":"https:\/\/www.aikido-origin.it\/?p=1500#primaryimage"},"thumbnailUrl":"http:\/\/www.aikido-origin.it\/wp-content\/uploads\/2019\/01\/Kagami_Biraki_2019.jpg","articleSection":["Articoli"],"inLanguage":"it-IT"},{"@type":"WebPage","@id":"https:\/\/www.aikido-origin.it\/?p=1500","url":"https:\/\/www.aikido-origin.it\/?p=1500","name":"AIKIDO: un nuovo anno in Armonia - Aikido Origin","isPartOf":{"@id":"https:\/\/www.aikido-origin.it\/#website"},"primaryImageOfPage":{"@id":"https:\/\/www.aikido-origin.it\/?p=1500#primaryimage"},"image":{"@id":"https:\/\/www.aikido-origin.it\/?p=1500#primaryimage"},"thumbnailUrl":"http:\/\/www.aikido-origin.it\/wp-content\/uploads\/2019\/01\/Kagami_Biraki_2019.jpg","datePublished":"2019-01-02T14:00:25+00:00","breadcrumb":{"@id":"https:\/\/www.aikido-origin.it\/?p=1500#breadcrumb"},"inLanguage":"it-IT","potentialAction":[{"@type":"ReadAction","target":["https:\/\/www.aikido-origin.it\/?p=1500"]}]},{"@type":"ImageObject","inLanguage":"it-IT","@id":"https:\/\/www.aikido-origin.it\/?p=1500#primaryimage","url":"http:\/\/www.aikido-origin.it\/wp-content\/uploads\/2019\/01\/Kagami_Biraki_2019.jpg","contentUrl":"http:\/\/www.aikido-origin.it\/wp-content\/uploads\/2019\/01\/Kagami_Biraki_2019.jpg"},{"@type":"BreadcrumbList","@id":"https:\/\/www.aikido-origin.it\/?p=1500#breadcrumb","itemListElement":[{"@type":"ListItem","position":1,"name":"Home","item":"https:\/\/www.aikido-origin.it\/"},{"@type":"ListItem","position":2,"name":"AIKIDO: un nuovo anno in Armonia"}]},{"@type":"WebSite","@id":"https:\/\/www.aikido-origin.it\/#website","url":"https:\/\/www.aikido-origin.it\/","name":"Aikido Origin","description":"The Art of Peace","publisher":{"@id":"https:\/\/www.aikido-origin.it\/#organization"},"potentialAction":[{"@type":"SearchAction","target":{"@type":"EntryPoint","urlTemplate":"https:\/\/www.aikido-origin.it\/?s={search_term_string}"},"query-input":{"@type":"PropertyValueSpecification","valueRequired":true,"valueName":"search_term_string"}}],"inLanguage":"it-IT"},{"@type":"Organization","@id":"https:\/\/www.aikido-origin.it\/#organization","name":"Aikido Origin","url":"https:\/\/www.aikido-origin.it\/","logo":{"@type":"ImageObject","inLanguage":"it-IT","@id":"https:\/\/www.aikido-origin.it\/#\/schema\/logo\/image\/","url":"https:\/\/www.aikido-origin.it\/wordpress\/wp-content\/uploads\/2019\/09\/cropped-AIKIDO-ORIGIN-DEFINITIVO-1-1.png","contentUrl":"https:\/\/www.aikido-origin.it\/wordpress\/wp-content\/uploads\/2019\/09\/cropped-AIKIDO-ORIGIN-DEFINITIVO-1-1.png","width":1002,"height":1042,"caption":"Aikido Origin"},"image":{"@id":"https:\/\/www.aikido-origin.it\/#\/schema\/logo\/image\/"},"sameAs":["https:\/\/www.facebook.com\/AikidoOrigin","https:\/\/www.youtube.com\/AikidoOrigin","https:\/\/www.instagram.com\/aikido_origin"]},{"@type":"Person","@id":"https:\/\/www.aikido-origin.it\/#\/schema\/person\/5f355cfd81900cfddcbb83493964aae4","name":"AdminSensei","image":{"@type":"ImageObject","inLanguage":"it-IT","@id":"https:\/\/www.aikido-origin.it\/#\/schema\/person\/image\/","url":"https:\/\/secure.gravatar.com\/avatar\/73767cd6cd374cc216306eebd0d67968?s=96&d=mm&r=g","contentUrl":"https:\/\/secure.gravatar.com\/avatar\/73767cd6cd374cc216306eebd0d67968?s=96&d=mm&r=g","caption":"AdminSensei"},"url":"https:\/\/www.aikido-origin.it\/?author=1"}]}},"jetpack_featured_media_url":"","jetpack_sharing_enabled":true,"_links":{"self":[{"href":"https:\/\/www.aikido-origin.it\/index.php?rest_route=\/wp\/v2\/posts\/1500","targetHints":{"allow":["GET"]}}],"collection":[{"href":"https:\/\/www.aikido-origin.it\/index.php?rest_route=\/wp\/v2\/posts"}],"about":[{"href":"https:\/\/www.aikido-origin.it\/index.php?rest_route=\/wp\/v2\/types\/post"}],"author":[{"embeddable":true,"href":"https:\/\/www.aikido-origin.it\/index.php?rest_route=\/wp\/v2\/users\/1"}],"replies":[{"embeddable":true,"href":"https:\/\/www.aikido-origin.it\/index.php?rest_route=%2Fwp%2Fv2%2Fcomments&post=1500"}],"version-history":[{"count":1,"href":"https:\/\/www.aikido-origin.it\/index.php?rest_route=\/wp\/v2\/posts\/1500\/revisions"}],"predecessor-version":[{"id":1503,"href":"https:\/\/www.aikido-origin.it\/index.php?rest_route=\/wp\/v2\/posts\/1500\/revisions\/1503"}],"wp:attachment":[{"href":"https:\/\/www.aikido-origin.it\/index.php?rest_route=%2Fwp%2Fv2%2Fmedia&parent=1500"}],"wp:term":[{"taxonomy":"category","embeddable":true,"href":"https:\/\/www.aikido-origin.it\/index.php?rest_route=%2Fwp%2Fv2%2Fcategories&post=1500"},{"taxonomy":"post_tag","embeddable":true,"href":"https:\/\/www.aikido-origin.it\/index.php?rest_route=%2Fwp%2Fv2%2Ftags&post=1500"}],"curies":[{"name":"wp","href":"https:\/\/api.w.org\/{rel}","templated":true}]}}