{"id":151,"date":"2012-01-12T21:10:51","date_gmt":"2012-01-12T20:10:51","guid":{"rendered":"http:\/\/www.aikido-origin.it\/wordpress\/?p=151"},"modified":"2013-03-29T12:20:24","modified_gmt":"2013-03-29T11:20:24","slug":"aikidoka-vittoriesi-in-trasferta-a-berlino","status":"publish","type":"post","link":"https:\/\/www.aikido-origin.it\/?p=151","title":{"rendered":"Aikidoka vittoriesi in trasferta a Berlino"},"content":{"rendered":"<h2>Sandro Lucagnano ed alcuni allievi dell\u2019 Aikido Vittorio Veneto, in ritiro per una settimana dal Maestro 6\u00b0dan Wolfgang Baumgartner<\/h2>\n<p>&nbsp;<\/p>\n<p align=\"center\"><a href=\"http:\/\/www.aikido-origin.it\/wp-content\/uploads\/2013\/03\/berlinogruppo.jpg\"><img loading=\"lazy\" decoding=\"async\" class=\"aligncenter size-full wp-image-292\" alt=\"berlinogruppo\" src=\"http:\/\/www.aikido-origin.it\/wp-content\/uploads\/2013\/03\/berlinogruppo.jpg\" width=\"500\" height=\"369\" srcset=\"https:\/\/www.aikido-origin.it\/wordpress\/wp-content\/uploads\/2013\/03\/berlinogruppo.jpg 500w, https:\/\/www.aikido-origin.it\/wordpress\/wp-content\/uploads\/2013\/03\/berlinogruppo-300x221.jpg 300w, https:\/\/www.aikido-origin.it\/wordpress\/wp-content\/uploads\/2013\/03\/berlinogruppo-406x300.jpg 406w\" sizes=\"auto, (max-width: 500px) 100vw, 500px\" \/><\/a><\/p>\n<p align=\"justify\">Dopo la recente trasferta a Roma, dove gli Aikidoka Vittoriesi hanno ricevuto complimenti ed applausi per il felice traguardo di ben cinque nuove cinture nere, eccoli di nuovo in viaggio diretti questa volta verso il cuore della Germania, dove vive uno dei migliori Aikidoka d\u2019Europa.<br \/>\nPromotore dell\u2019iniziativa il Maestro Sandro Lucagnano, che ha guidato la delegazione Vittoriese a Berlino, per seguire gli insegnamenti del 6\u00b0dan Aikikai, Maestro Wolfgang Baumgartner. E\u2019 tipico della tradizione orientale, trascorrere infatti dei ritiri di miglioramento tecnico e conseguente formazione personale vivendo accanto a dei grandi Maestri, con i quali condividere ogni momento della giornata.<br \/>\nL\u2019esperienza, come si pu\u00f2 immaginare \u00e8 veramente completa, perch\u00e8 accanto alla approfondita conoscenza tecnica fatta di pi\u00f9 allenamenti quotidiani, si aggiunge la possibilit\u00e0 di condividere una crescita personale, in armonia con le persone e l\u2019ambiente in cui vivi. Del resto, questi principi sono alla base dell\u2019 insegnamento dell\u2019Aikido, che accanto all\u2019indubbia efficacia difensiva e non violenta delle tecniche che vengono insegnate, abbina una filosofia di vita in \u201cawase\u201d ovvero in armonia con tutto e tutti.<\/p>\n<p align=\"center\"><a href=\"http:\/\/www.aikido-origin.it\/wp-content\/uploads\/2013\/03\/berlinosensei.jpg\"><img loading=\"lazy\" decoding=\"async\" class=\"aligncenter size-medium wp-image-293\" alt=\"berlinosensei\" src=\"http:\/\/www.aikido-origin.it\/wp-content\/uploads\/2013\/03\/berlinosensei-300x225.jpg\" width=\"300\" height=\"225\" srcset=\"https:\/\/www.aikido-origin.it\/wordpress\/wp-content\/uploads\/2013\/03\/berlinosensei-300x225.jpg 300w, https:\/\/www.aikido-origin.it\/wordpress\/wp-content\/uploads\/2013\/03\/berlinosensei-400x300.jpg 400w, https:\/\/www.aikido-origin.it\/wordpress\/wp-content\/uploads\/2013\/03\/berlinosensei.jpg 500w\" sizes=\"auto, (max-width: 300px) 100vw, 300px\" \/><\/a><\/p>\n<p align=\"justify\">Per una settimana, gli Aikidoka vittoriesi sono cosi\u2019 vissuti fianco a fianco del Maestro Baumgartner, condivivendo ogni momento della giornata scandita dagli allenamenti quotidiani, intervallati da pause culinarie (ovviamente in stile Giapponese) o dai tanti interessi culturali che una grande capitale come Berlino offre senza problemi.<br \/>\nIn modo analogo, la visita degli Aikidoka Vittoriesi sar\u00e0 ricambiata tra un paio di mesi dall\u2019arrivo in citt\u00e0 del Maestro Baumgartner, che nella settimana dal 24 al 29 Aprile, terr\u00e0 ogni giorno lezione presso il Palasport accanto alle piscine comunali, concludendo quindi il suo soggiorno con una stage nazionale nel weekend di sabato 28 e domenica 29 Aprile , sempre nel Palasport Vittoriese.<\/p>\n","protected":false},"excerpt":{"rendered":"<p>Sandro Lucagnano ed alcuni allievi dell\u2019 Aikido Vittorio Veneto, in ritiro per una settimana dal Maestro 6\u00b0dan Wolfgang Baumgartner &nbsp; Dopo la recente trasferta a Roma, dove gli Aikidoka Vittoriesi hanno ricevuto complimenti ed applausi per il felice traguardo di ben cinque nuove cinture nere, eccoli di nuovo in viaggio &hellip;<\/p>\n","protected":false},"author":1,"featured_media":0,"comment_status":"closed","ping_status":"open","sticky":false,"template":"","format":"standard","meta":{"sfsi_plus_gutenberg_text_before_share":"","sfsi_plus_gutenberg_show_text_before_share":"","sfsi_plus_gutenberg_icon_type":"","sfsi_plus_gutenberg_icon_alignemt":"","sfsi_plus_gutenburg_max_per_row":"","_jetpack_memberships_contains_paid_content":false,"footnotes":""},"categories":[6],"tags":[],"class_list":["post-151","post","type-post","status-publish","format-standard","hentry","category-articoli"],"yoast_head":"<!-- This site is optimized with the Yoast SEO plugin v25.6 - https:\/\/yoast.com\/wordpress\/plugins\/seo\/ -->\n<title>Aikidoka vittoriesi in trasferta a Berlino - Aikido Origin<\/title>\n<meta name=\"robots\" content=\"index, follow, max-snippet:-1, max-image-preview:large, max-video-preview:-1\" \/>\n<link rel=\"canonical\" href=\"https:\/\/www.aikido-origin.it\/?p=151\" \/>\n<meta property=\"og:locale\" content=\"it_IT\" \/>\n<meta property=\"og:type\" content=\"article\" \/>\n<meta property=\"og:title\" content=\"Aikidoka vittoriesi in trasferta a Berlino - Aikido Origin\" \/>\n<meta property=\"og:description\" content=\"Sandro Lucagnano ed alcuni allievi dell\u2019 Aikido Vittorio Veneto, in ritiro per una settimana dal Maestro 6\u00b0dan Wolfgang Baumgartner &nbsp; Dopo la recente trasferta a Roma, dove gli Aikidoka Vittoriesi hanno ricevuto complimenti ed applausi per il felice traguardo di ben cinque nuove cinture nere, eccoli di nuovo in viaggio &hellip;\" \/>\n<meta property=\"og:url\" content=\"https:\/\/www.aikido-origin.it\/?p=151\" \/>\n<meta property=\"og:site_name\" content=\"Aikido Origin\" \/>\n<meta property=\"article:publisher\" content=\"https:\/\/www.facebook.com\/AikidoOrigin\" \/>\n<meta property=\"article:published_time\" content=\"2012-01-12T20:10:51+00:00\" \/>\n<meta property=\"article:modified_time\" content=\"2013-03-29T11:20:24+00:00\" \/>\n<meta property=\"og:image\" content=\"http:\/\/www.aikido-origin.it\/wp-content\/uploads\/2013\/03\/berlinogruppo.jpg\" \/>\n<meta name=\"author\" content=\"AdminSensei\" \/>\n<meta name=\"twitter:card\" content=\"summary_large_image\" \/>\n<meta name=\"twitter:label1\" content=\"Scritto da\" \/>\n\t<meta name=\"twitter:data1\" content=\"AdminSensei\" \/>\n\t<meta name=\"twitter:label2\" content=\"Tempo di lettura stimato\" \/>\n\t<meta name=\"twitter:data2\" content=\"2 minuti\" \/>\n<script type=\"application\/ld+json\" class=\"yoast-schema-graph\">{\"@context\":\"https:\/\/schema.org\",\"@graph\":[{\"@type\":\"Article\",\"@id\":\"https:\/\/www.aikido-origin.it\/?p=151#article\",\"isPartOf\":{\"@id\":\"https:\/\/www.aikido-origin.it\/?p=151\"},\"author\":{\"name\":\"AdminSensei\",\"@id\":\"https:\/\/www.aikido-origin.it\/#\/schema\/person\/5f355cfd81900cfddcbb83493964aae4\"},\"headline\":\"Aikidoka vittoriesi in trasferta a Berlino\",\"datePublished\":\"2012-01-12T20:10:51+00:00\",\"dateModified\":\"2013-03-29T11:20:24+00:00\",\"mainEntityOfPage\":{\"@id\":\"https:\/\/www.aikido-origin.it\/?p=151\"},\"wordCount\":310,\"publisher\":{\"@id\":\"https:\/\/www.aikido-origin.it\/#organization\"},\"image\":{\"@id\":\"https:\/\/www.aikido-origin.it\/?p=151#primaryimage\"},\"thumbnailUrl\":\"http:\/\/www.aikido-origin.it\/wp-content\/uploads\/2013\/03\/berlinogruppo.jpg\",\"articleSection\":[\"Articoli\"],\"inLanguage\":\"it-IT\"},{\"@type\":\"WebPage\",\"@id\":\"https:\/\/www.aikido-origin.it\/?p=151\",\"url\":\"https:\/\/www.aikido-origin.it\/?p=151\",\"name\":\"Aikidoka vittoriesi in trasferta a Berlino - Aikido Origin\",\"isPartOf\":{\"@id\":\"https:\/\/www.aikido-origin.it\/#website\"},\"primaryImageOfPage\":{\"@id\":\"https:\/\/www.aikido-origin.it\/?p=151#primaryimage\"},\"image\":{\"@id\":\"https:\/\/www.aikido-origin.it\/?p=151#primaryimage\"},\"thumbnailUrl\":\"http:\/\/www.aikido-origin.it\/wp-content\/uploads\/2013\/03\/berlinogruppo.jpg\",\"datePublished\":\"2012-01-12T20:10:51+00:00\",\"dateModified\":\"2013-03-29T11:20:24+00:00\",\"breadcrumb\":{\"@id\":\"https:\/\/www.aikido-origin.it\/?p=151#breadcrumb\"},\"inLanguage\":\"it-IT\",\"potentialAction\":[{\"@type\":\"ReadAction\",\"target\":[\"https:\/\/www.aikido-origin.it\/?p=151\"]}]},{\"@type\":\"ImageObject\",\"inLanguage\":\"it-IT\",\"@id\":\"https:\/\/www.aikido-origin.it\/?p=151#primaryimage\",\"url\":\"http:\/\/www.aikido-origin.it\/wp-content\/uploads\/2013\/03\/berlinogruppo.jpg\",\"contentUrl\":\"http:\/\/www.aikido-origin.it\/wp-content\/uploads\/2013\/03\/berlinogruppo.jpg\"},{\"@type\":\"BreadcrumbList\",\"@id\":\"https:\/\/www.aikido-origin.it\/?p=151#breadcrumb\",\"itemListElement\":[{\"@type\":\"ListItem\",\"position\":1,\"name\":\"Home\",\"item\":\"https:\/\/www.aikido-origin.it\/\"},{\"@type\":\"ListItem\",\"position\":2,\"name\":\"Aikidoka vittoriesi in trasferta a Berlino\"}]},{\"@type\":\"WebSite\",\"@id\":\"https:\/\/www.aikido-origin.it\/#website\",\"url\":\"https:\/\/www.aikido-origin.it\/\",\"name\":\"Aikido Origin\",\"description\":\"The Art of Peace\",\"publisher\":{\"@id\":\"https:\/\/www.aikido-origin.it\/#organization\"},\"potentialAction\":[{\"@type\":\"SearchAction\",\"target\":{\"@type\":\"EntryPoint\",\"urlTemplate\":\"https:\/\/www.aikido-origin.it\/?s={search_term_string}\"},\"query-input\":{\"@type\":\"PropertyValueSpecification\",\"valueRequired\":true,\"valueName\":\"search_term_string\"}}],\"inLanguage\":\"it-IT\"},{\"@type\":\"Organization\",\"@id\":\"https:\/\/www.aikido-origin.it\/#organization\",\"name\":\"Aikido Origin\",\"url\":\"https:\/\/www.aikido-origin.it\/\",\"logo\":{\"@type\":\"ImageObject\",\"inLanguage\":\"it-IT\",\"@id\":\"https:\/\/www.aikido-origin.it\/#\/schema\/logo\/image\/\",\"url\":\"https:\/\/www.aikido-origin.it\/wordpress\/wp-content\/uploads\/2019\/09\/cropped-AIKIDO-ORIGIN-DEFINITIVO-1-1.png\",\"contentUrl\":\"https:\/\/www.aikido-origin.it\/wordpress\/wp-content\/uploads\/2019\/09\/cropped-AIKIDO-ORIGIN-DEFINITIVO-1-1.png\",\"width\":1002,\"height\":1042,\"caption\":\"Aikido Origin\"},\"image\":{\"@id\":\"https:\/\/www.aikido-origin.it\/#\/schema\/logo\/image\/\"},\"sameAs\":[\"https:\/\/www.facebook.com\/AikidoOrigin\",\"https:\/\/www.youtube.com\/AikidoOrigin\",\"https:\/\/www.instagram.com\/aikido_origin\"]},{\"@type\":\"Person\",\"@id\":\"https:\/\/www.aikido-origin.it\/#\/schema\/person\/5f355cfd81900cfddcbb83493964aae4\",\"name\":\"AdminSensei\",\"image\":{\"@type\":\"ImageObject\",\"inLanguage\":\"it-IT\",\"@id\":\"https:\/\/www.aikido-origin.it\/#\/schema\/person\/image\/\",\"url\":\"https:\/\/secure.gravatar.com\/avatar\/73767cd6cd374cc216306eebd0d67968?s=96&d=mm&r=g\",\"contentUrl\":\"https:\/\/secure.gravatar.com\/avatar\/73767cd6cd374cc216306eebd0d67968?s=96&d=mm&r=g\",\"caption\":\"AdminSensei\"},\"url\":\"https:\/\/www.aikido-origin.it\/?author=1\"}]}<\/script>\n<!-- \/ Yoast SEO plugin. -->","yoast_head_json":{"title":"Aikidoka vittoriesi in trasferta a Berlino - Aikido Origin","robots":{"index":"index","follow":"follow","max-snippet":"max-snippet:-1","max-image-preview":"max-image-preview:large","max-video-preview":"max-video-preview:-1"},"canonical":"https:\/\/www.aikido-origin.it\/?p=151","og_locale":"it_IT","og_type":"article","og_title":"Aikidoka vittoriesi in trasferta a Berlino - Aikido Origin","og_description":"Sandro Lucagnano ed alcuni allievi dell\u2019 Aikido Vittorio Veneto, in ritiro per una settimana dal Maestro 6\u00b0dan Wolfgang Baumgartner &nbsp; Dopo la recente trasferta a Roma, dove gli Aikidoka Vittoriesi hanno ricevuto complimenti ed applausi per il felice traguardo di ben cinque nuove cinture nere, eccoli di nuovo in viaggio &hellip;","og_url":"https:\/\/www.aikido-origin.it\/?p=151","og_site_name":"Aikido Origin","article_publisher":"https:\/\/www.facebook.com\/AikidoOrigin","article_published_time":"2012-01-12T20:10:51+00:00","article_modified_time":"2013-03-29T11:20:24+00:00","og_image":[{"url":"http:\/\/www.aikido-origin.it\/wp-content\/uploads\/2013\/03\/berlinogruppo.jpg","type":"","width":"","height":""}],"author":"AdminSensei","twitter_card":"summary_large_image","twitter_misc":{"Scritto da":"AdminSensei","Tempo di lettura stimato":"2 minuti"},"schema":{"@context":"https:\/\/schema.org","@graph":[{"@type":"Article","@id":"https:\/\/www.aikido-origin.it\/?p=151#article","isPartOf":{"@id":"https:\/\/www.aikido-origin.it\/?p=151"},"author":{"name":"AdminSensei","@id":"https:\/\/www.aikido-origin.it\/#\/schema\/person\/5f355cfd81900cfddcbb83493964aae4"},"headline":"Aikidoka vittoriesi in trasferta a Berlino","datePublished":"2012-01-12T20:10:51+00:00","dateModified":"2013-03-29T11:20:24+00:00","mainEntityOfPage":{"@id":"https:\/\/www.aikido-origin.it\/?p=151"},"wordCount":310,"publisher":{"@id":"https:\/\/www.aikido-origin.it\/#organization"},"image":{"@id":"https:\/\/www.aikido-origin.it\/?p=151#primaryimage"},"thumbnailUrl":"http:\/\/www.aikido-origin.it\/wp-content\/uploads\/2013\/03\/berlinogruppo.jpg","articleSection":["Articoli"],"inLanguage":"it-IT"},{"@type":"WebPage","@id":"https:\/\/www.aikido-origin.it\/?p=151","url":"https:\/\/www.aikido-origin.it\/?p=151","name":"Aikidoka vittoriesi in trasferta a Berlino - Aikido Origin","isPartOf":{"@id":"https:\/\/www.aikido-origin.it\/#website"},"primaryImageOfPage":{"@id":"https:\/\/www.aikido-origin.it\/?p=151#primaryimage"},"image":{"@id":"https:\/\/www.aikido-origin.it\/?p=151#primaryimage"},"thumbnailUrl":"http:\/\/www.aikido-origin.it\/wp-content\/uploads\/2013\/03\/berlinogruppo.jpg","datePublished":"2012-01-12T20:10:51+00:00","dateModified":"2013-03-29T11:20:24+00:00","breadcrumb":{"@id":"https:\/\/www.aikido-origin.it\/?p=151#breadcrumb"},"inLanguage":"it-IT","potentialAction":[{"@type":"ReadAction","target":["https:\/\/www.aikido-origin.it\/?p=151"]}]},{"@type":"ImageObject","inLanguage":"it-IT","@id":"https:\/\/www.aikido-origin.it\/?p=151#primaryimage","url":"http:\/\/www.aikido-origin.it\/wp-content\/uploads\/2013\/03\/berlinogruppo.jpg","contentUrl":"http:\/\/www.aikido-origin.it\/wp-content\/uploads\/2013\/03\/berlinogruppo.jpg"},{"@type":"BreadcrumbList","@id":"https:\/\/www.aikido-origin.it\/?p=151#breadcrumb","itemListElement":[{"@type":"ListItem","position":1,"name":"Home","item":"https:\/\/www.aikido-origin.it\/"},{"@type":"ListItem","position":2,"name":"Aikidoka vittoriesi in trasferta a Berlino"}]},{"@type":"WebSite","@id":"https:\/\/www.aikido-origin.it\/#website","url":"https:\/\/www.aikido-origin.it\/","name":"Aikido Origin","description":"The Art of Peace","publisher":{"@id":"https:\/\/www.aikido-origin.it\/#organization"},"potentialAction":[{"@type":"SearchAction","target":{"@type":"EntryPoint","urlTemplate":"https:\/\/www.aikido-origin.it\/?s={search_term_string}"},"query-input":{"@type":"PropertyValueSpecification","valueRequired":true,"valueName":"search_term_string"}}],"inLanguage":"it-IT"},{"@type":"Organization","@id":"https:\/\/www.aikido-origin.it\/#organization","name":"Aikido Origin","url":"https:\/\/www.aikido-origin.it\/","logo":{"@type":"ImageObject","inLanguage":"it-IT","@id":"https:\/\/www.aikido-origin.it\/#\/schema\/logo\/image\/","url":"https:\/\/www.aikido-origin.it\/wordpress\/wp-content\/uploads\/2019\/09\/cropped-AIKIDO-ORIGIN-DEFINITIVO-1-1.png","contentUrl":"https:\/\/www.aikido-origin.it\/wordpress\/wp-content\/uploads\/2019\/09\/cropped-AIKIDO-ORIGIN-DEFINITIVO-1-1.png","width":1002,"height":1042,"caption":"Aikido Origin"},"image":{"@id":"https:\/\/www.aikido-origin.it\/#\/schema\/logo\/image\/"},"sameAs":["https:\/\/www.facebook.com\/AikidoOrigin","https:\/\/www.youtube.com\/AikidoOrigin","https:\/\/www.instagram.com\/aikido_origin"]},{"@type":"Person","@id":"https:\/\/www.aikido-origin.it\/#\/schema\/person\/5f355cfd81900cfddcbb83493964aae4","name":"AdminSensei","image":{"@type":"ImageObject","inLanguage":"it-IT","@id":"https:\/\/www.aikido-origin.it\/#\/schema\/person\/image\/","url":"https:\/\/secure.gravatar.com\/avatar\/73767cd6cd374cc216306eebd0d67968?s=96&d=mm&r=g","contentUrl":"https:\/\/secure.gravatar.com\/avatar\/73767cd6cd374cc216306eebd0d67968?s=96&d=mm&r=g","caption":"AdminSensei"},"url":"https:\/\/www.aikido-origin.it\/?author=1"}]}},"jetpack_featured_media_url":"","jetpack_sharing_enabled":true,"_links":{"self":[{"href":"https:\/\/www.aikido-origin.it\/index.php?rest_route=\/wp\/v2\/posts\/151","targetHints":{"allow":["GET"]}}],"collection":[{"href":"https:\/\/www.aikido-origin.it\/index.php?rest_route=\/wp\/v2\/posts"}],"about":[{"href":"https:\/\/www.aikido-origin.it\/index.php?rest_route=\/wp\/v2\/types\/post"}],"author":[{"embeddable":true,"href":"https:\/\/www.aikido-origin.it\/index.php?rest_route=\/wp\/v2\/users\/1"}],"replies":[{"embeddable":true,"href":"https:\/\/www.aikido-origin.it\/index.php?rest_route=%2Fwp%2Fv2%2Fcomments&post=151"}],"version-history":[{"count":5,"href":"https:\/\/www.aikido-origin.it\/index.php?rest_route=\/wp\/v2\/posts\/151\/revisions"}],"predecessor-version":[{"id":386,"href":"https:\/\/www.aikido-origin.it\/index.php?rest_route=\/wp\/v2\/posts\/151\/revisions\/386"}],"wp:attachment":[{"href":"https:\/\/www.aikido-origin.it\/index.php?rest_route=%2Fwp%2Fv2%2Fmedia&parent=151"}],"wp:term":[{"taxonomy":"category","embeddable":true,"href":"https:\/\/www.aikido-origin.it\/index.php?rest_route=%2Fwp%2Fv2%2Fcategories&post=151"},{"taxonomy":"post_tag","embeddable":true,"href":"https:\/\/www.aikido-origin.it\/index.php?rest_route=%2Fwp%2Fv2%2Ftags&post=151"}],"curies":[{"name":"wp","href":"https:\/\/api.w.org\/{rel}","templated":true}]}}