{"id":153,"date":"2012-05-07T21:11:23","date_gmt":"2012-05-07T19:11:23","guid":{"rendered":"http:\/\/www.aikido-origin.it\/wordpress\/?p=153"},"modified":"2013-03-29T12:19:22","modified_gmt":"2013-03-29T11:19:22","slug":"grande-successo-per-il-1-seminar-citta-di-vittorio-veneto","status":"publish","type":"post","link":"https:\/\/www.aikido-origin.it\/?p=153","title":{"rendered":"Grande Successo per il 1\u00b0 Seminar Citt\u00e0 di Vittorio Veneto!"},"content":{"rendered":"<h2 style=\"text-align: justify;\">Dal 24 al 29 Aprile l&#8217;Aikido a Vittorio Veneto con Wolfgang Baumgartner, referente Europeo di quest&#8217;arte marziale.<\/h2>\n<p style=\"text-align: justify;\">\n<p style=\"text-align: justify;\" align=\"center\"><a href=\"http:\/\/www.aikido-origin.it\/wp-content\/uploads\/2013\/03\/1SeminarCittadiVittVeneto_1.png\"><img loading=\"lazy\" decoding=\"async\" class=\"aligncenter size-large wp-image-285\" alt=\"1SeminarCittadiVittVeneto_1\" src=\"http:\/\/www.aikido-origin.it\/wp-content\/uploads\/2013\/03\/1SeminarCittadiVittVeneto_1-1024x576.png\" width=\"584\" height=\"328\" srcset=\"https:\/\/www.aikido-origin.it\/wordpress\/wp-content\/uploads\/2013\/03\/1SeminarCittadiVittVeneto_1-1024x576.png 1024w, https:\/\/www.aikido-origin.it\/wordpress\/wp-content\/uploads\/2013\/03\/1SeminarCittadiVittVeneto_1-300x168.png 300w, https:\/\/www.aikido-origin.it\/wordpress\/wp-content\/uploads\/2013\/03\/1SeminarCittadiVittVeneto_1-500x281.png 500w, https:\/\/www.aikido-origin.it\/wordpress\/wp-content\/uploads\/2013\/03\/1SeminarCittadiVittVeneto_1.png 1600w\" sizes=\"auto, (max-width: 584px) 100vw, 584px\" \/><\/a><\/p>\n<p style=\"text-align: justify;\" align=\"justify\">Il 28-29 Aprile 2012 si \u00e8 svolto nella palestra dell&#8217;ASD Aikido Vittorio Veneto il 1\u00b0 Seminar di Takemusu Aikido &#8220;Citt\u00e0 di Vittorio Veneto&#8221;. A dirigere gli allenamenti il Maestro Wolfgang Baumgartner, 6\u00b0 Dan Aikikai e referente per la TAA (Takemusu Aikido Association) in Italia.<\/p>\n<p style=\"text-align: justify;\">Quotidianamente, da marted\u00ec 24 Aprile, si sono tenuti due allenamenti al Dojo di Vittorio Veneto mentre il gioved\u00ec pomeriggio, dato il bel tempo, si \u00e8 svolto un allenamento all&#8217;aperto di buki waza (armi) e di lancio degli shuriken (punte da lancio) nel magnifico panorama del Parco dell&#8217;Area Fender di Vittorio Veneto. L&#8217;attivit\u00e0 \u00e8 culminata nel week end ed ha visto la partecipazione al Seminar di numerosi Aikidoka provenienti da ogni parte dell&#8217;Italia e della Germania.<\/p>\n<p style=\"text-align: justify;\">Durante la settimana di permanenza nel Vittoriese, il Maestro Wolfgang Baumgartner, oltre che a tenere degli allenamenti sempre molto proficui e stimolanti, ha anche avuto modo di visitare le bellezze territoriali e di apprezzare le tipicit\u00e0 eno-gastronomiche locali.<\/p>\n<p style=\"text-align: justify;\" align=\"justify\">\n<a href=\"http:\/\/www.aikido-origin.it\/wp-content\/uploads\/2013\/03\/1SeminarCittadiVittVeneto_2.png\"><img loading=\"lazy\" decoding=\"async\" class=\"alignright size-thumbnail wp-image-286\" alt=\"1SeminarCittadiVittVeneto_2\" src=\"http:\/\/www.aikido-origin.it\/wp-content\/uploads\/2013\/03\/1SeminarCittadiVittVeneto_2-150x150.png\" width=\"150\" height=\"150\" \/><\/a>Personalmente porgo i miei ringraziamenti al\u00a0<i>Comune di Vittorio Veneto<\/i>\u00a0che ha patrocinato l&#8217;evento; agli Sponsor:\u00a0<i>Banca di Credito Cooperativo delle Prealpi, Centro estetico Coco Sun, Autoscuola Cesca, Bar Lux, Boianoflon S.r.l., Strumenti Musicali Amadeus, Pizzeria Ristorante da Gennaro, Il Re del Gelato, Eliografia Lezier, Vini Furlan e Fioreria Primavera<\/i>\u00a0che ci hanno permesso di realizzare un evento di successo, cos\u00ec apprezzato da ricevere numerose richieste perch\u00e9 questo Seminar possa ripetersi annualmente.<\/p>\n<p style=\"text-align: justify;\">Ringrazio tutti gli organizzatori e gli allievi che mi hanno supportato nella realizzazione di questo Seminar e tutti i partecipanti che hanno reso l&#8217;evento molto particolare perch\u00e9 caratterizzato da grande intensit\u00e0 di pratica e da un ottimo spirito.<\/p>\n<p style=\"text-align: justify;\">Un grazie speciale va al M\u00b0 Wolfgang Baumgartner, che si \u00e8 dato molto nell&#8217;insegnamento, non solo all&#8217;interno del Tatami, ma anche al di fuori, dimostrandosi un Maestro con un notevole bagaglio tecnico e una persona di grande cordialit\u00e0 e affabilit\u00e0.<br \/>\nInfine, da non dimenticare, un sentito ringraziamento al M\u00b0 Vascellari per la fiducia che mi ha dimostrato affidandomi il settore Aikido e l&#8217;organizzazione di questo evento, e per avermi insegnato che con il sacrificio e l&#8217;impegno si possono raggiungere grandi risultati.<\/p>\n<p style=\"text-align: justify;\">Arrivederci dunque al prossimo anno!<\/p>\n<p style=\"text-align: justify;\">\n","protected":false},"excerpt":{"rendered":"<p>Dal 24 al 29 Aprile l&#8217;Aikido a Vittorio Veneto con Wolfgang Baumgartner, referente Europeo di quest&#8217;arte marziale. Il 28-29 Aprile 2012 si \u00e8 svolto nella palestra dell&#8217;ASD Aikido Vittorio Veneto il 1\u00b0 Seminar di Takemusu Aikido &#8220;Citt\u00e0 di Vittorio Veneto&#8221;. A dirigere gli allenamenti il Maestro Wolfgang Baumgartner, 6\u00b0 Dan &hellip;<\/p>\n","protected":false},"author":1,"featured_media":0,"comment_status":"closed","ping_status":"open","sticky":false,"template":"","format":"standard","meta":{"sfsi_plus_gutenberg_text_before_share":"","sfsi_plus_gutenberg_show_text_before_share":"","sfsi_plus_gutenberg_icon_type":"","sfsi_plus_gutenberg_icon_alignemt":"","sfsi_plus_gutenburg_max_per_row":"","_jetpack_memberships_contains_paid_content":false,"footnotes":""},"categories":[6],"tags":[],"class_list":["post-153","post","type-post","status-publish","format-standard","hentry","category-articoli"],"yoast_head":"<!-- This site is optimized with the Yoast SEO plugin v25.6 - https:\/\/yoast.com\/wordpress\/plugins\/seo\/ -->\n<title>Grande Successo per il 1\u00b0 Seminar Citt\u00e0 di Vittorio Veneto! - Aikido Origin<\/title>\n<meta name=\"robots\" content=\"index, follow, max-snippet:-1, max-image-preview:large, max-video-preview:-1\" \/>\n<link rel=\"canonical\" href=\"https:\/\/www.aikido-origin.it\/?p=153\" \/>\n<meta property=\"og:locale\" content=\"it_IT\" \/>\n<meta property=\"og:type\" content=\"article\" \/>\n<meta property=\"og:title\" content=\"Grande Successo per il 1\u00b0 Seminar Citt\u00e0 di Vittorio Veneto! - Aikido Origin\" \/>\n<meta property=\"og:description\" content=\"Dal 24 al 29 Aprile l&#8217;Aikido a Vittorio Veneto con Wolfgang Baumgartner, referente Europeo di quest&#8217;arte marziale. Il 28-29 Aprile 2012 si \u00e8 svolto nella palestra dell&#8217;ASD Aikido Vittorio Veneto il 1\u00b0 Seminar di Takemusu Aikido &#8220;Citt\u00e0 di Vittorio Veneto&#8221;. A dirigere gli allenamenti il Maestro Wolfgang Baumgartner, 6\u00b0 Dan &hellip;\" \/>\n<meta property=\"og:url\" content=\"https:\/\/www.aikido-origin.it\/?p=153\" \/>\n<meta property=\"og:site_name\" content=\"Aikido Origin\" \/>\n<meta property=\"article:publisher\" content=\"https:\/\/www.facebook.com\/AikidoOrigin\" \/>\n<meta property=\"article:published_time\" content=\"2012-05-07T19:11:23+00:00\" \/>\n<meta property=\"article:modified_time\" content=\"2013-03-29T11:19:22+00:00\" \/>\n<meta property=\"og:image\" content=\"http:\/\/www.aikido-origin.it\/wp-content\/uploads\/2013\/03\/1SeminarCittadiVittVeneto_1-1024x576.png\" \/>\n<meta name=\"author\" content=\"AdminSensei\" \/>\n<meta name=\"twitter:card\" content=\"summary_large_image\" \/>\n<meta name=\"twitter:label1\" content=\"Scritto da\" \/>\n\t<meta name=\"twitter:data1\" content=\"AdminSensei\" \/>\n\t<meta name=\"twitter:label2\" content=\"Tempo di lettura stimato\" \/>\n\t<meta name=\"twitter:data2\" content=\"2 minuti\" \/>\n<script type=\"application\/ld+json\" class=\"yoast-schema-graph\">{\"@context\":\"https:\/\/schema.org\",\"@graph\":[{\"@type\":\"Article\",\"@id\":\"https:\/\/www.aikido-origin.it\/?p=153#article\",\"isPartOf\":{\"@id\":\"https:\/\/www.aikido-origin.it\/?p=153\"},\"author\":{\"name\":\"AdminSensei\",\"@id\":\"https:\/\/www.aikido-origin.it\/#\/schema\/person\/5f355cfd81900cfddcbb83493964aae4\"},\"headline\":\"Grande Successo per il 1\u00b0 Seminar Citt\u00e0 di Vittorio Veneto!\",\"datePublished\":\"2012-05-07T19:11:23+00:00\",\"dateModified\":\"2013-03-29T11:19:22+00:00\",\"mainEntityOfPage\":{\"@id\":\"https:\/\/www.aikido-origin.it\/?p=153\"},\"wordCount\":384,\"publisher\":{\"@id\":\"https:\/\/www.aikido-origin.it\/#organization\"},\"image\":{\"@id\":\"https:\/\/www.aikido-origin.it\/?p=153#primaryimage\"},\"thumbnailUrl\":\"http:\/\/www.aikido-origin.it\/wp-content\/uploads\/2013\/03\/1SeminarCittadiVittVeneto_1-1024x576.png\",\"articleSection\":[\"Articoli\"],\"inLanguage\":\"it-IT\"},{\"@type\":\"WebPage\",\"@id\":\"https:\/\/www.aikido-origin.it\/?p=153\",\"url\":\"https:\/\/www.aikido-origin.it\/?p=153\",\"name\":\"Grande Successo per il 1\u00b0 Seminar Citt\u00e0 di Vittorio Veneto! - Aikido Origin\",\"isPartOf\":{\"@id\":\"https:\/\/www.aikido-origin.it\/#website\"},\"primaryImageOfPage\":{\"@id\":\"https:\/\/www.aikido-origin.it\/?p=153#primaryimage\"},\"image\":{\"@id\":\"https:\/\/www.aikido-origin.it\/?p=153#primaryimage\"},\"thumbnailUrl\":\"http:\/\/www.aikido-origin.it\/wp-content\/uploads\/2013\/03\/1SeminarCittadiVittVeneto_1-1024x576.png\",\"datePublished\":\"2012-05-07T19:11:23+00:00\",\"dateModified\":\"2013-03-29T11:19:22+00:00\",\"breadcrumb\":{\"@id\":\"https:\/\/www.aikido-origin.it\/?p=153#breadcrumb\"},\"inLanguage\":\"it-IT\",\"potentialAction\":[{\"@type\":\"ReadAction\",\"target\":[\"https:\/\/www.aikido-origin.it\/?p=153\"]}]},{\"@type\":\"ImageObject\",\"inLanguage\":\"it-IT\",\"@id\":\"https:\/\/www.aikido-origin.it\/?p=153#primaryimage\",\"url\":\"https:\/\/www.aikido-origin.it\/wordpress\/wp-content\/uploads\/2013\/03\/1SeminarCittadiVittVeneto_1.png\",\"contentUrl\":\"https:\/\/www.aikido-origin.it\/wordpress\/wp-content\/uploads\/2013\/03\/1SeminarCittadiVittVeneto_1.png\",\"width\":1600,\"height\":900},{\"@type\":\"BreadcrumbList\",\"@id\":\"https:\/\/www.aikido-origin.it\/?p=153#breadcrumb\",\"itemListElement\":[{\"@type\":\"ListItem\",\"position\":1,\"name\":\"Home\",\"item\":\"https:\/\/www.aikido-origin.it\/\"},{\"@type\":\"ListItem\",\"position\":2,\"name\":\"Grande Successo per il 1\u00b0 Seminar Citt\u00e0 di Vittorio Veneto!\"}]},{\"@type\":\"WebSite\",\"@id\":\"https:\/\/www.aikido-origin.it\/#website\",\"url\":\"https:\/\/www.aikido-origin.it\/\",\"name\":\"Aikido Origin\",\"description\":\"The Art of Peace\",\"publisher\":{\"@id\":\"https:\/\/www.aikido-origin.it\/#organization\"},\"potentialAction\":[{\"@type\":\"SearchAction\",\"target\":{\"@type\":\"EntryPoint\",\"urlTemplate\":\"https:\/\/www.aikido-origin.it\/?s={search_term_string}\"},\"query-input\":{\"@type\":\"PropertyValueSpecification\",\"valueRequired\":true,\"valueName\":\"search_term_string\"}}],\"inLanguage\":\"it-IT\"},{\"@type\":\"Organization\",\"@id\":\"https:\/\/www.aikido-origin.it\/#organization\",\"name\":\"Aikido Origin\",\"url\":\"https:\/\/www.aikido-origin.it\/\",\"logo\":{\"@type\":\"ImageObject\",\"inLanguage\":\"it-IT\",\"@id\":\"https:\/\/www.aikido-origin.it\/#\/schema\/logo\/image\/\",\"url\":\"https:\/\/www.aikido-origin.it\/wordpress\/wp-content\/uploads\/2019\/09\/cropped-AIKIDO-ORIGIN-DEFINITIVO-1-1.png\",\"contentUrl\":\"https:\/\/www.aikido-origin.it\/wordpress\/wp-content\/uploads\/2019\/09\/cropped-AIKIDO-ORIGIN-DEFINITIVO-1-1.png\",\"width\":1002,\"height\":1042,\"caption\":\"Aikido Origin\"},\"image\":{\"@id\":\"https:\/\/www.aikido-origin.it\/#\/schema\/logo\/image\/\"},\"sameAs\":[\"https:\/\/www.facebook.com\/AikidoOrigin\",\"https:\/\/www.youtube.com\/AikidoOrigin\",\"https:\/\/www.instagram.com\/aikido_origin\"]},{\"@type\":\"Person\",\"@id\":\"https:\/\/www.aikido-origin.it\/#\/schema\/person\/5f355cfd81900cfddcbb83493964aae4\",\"name\":\"AdminSensei\",\"image\":{\"@type\":\"ImageObject\",\"inLanguage\":\"it-IT\",\"@id\":\"https:\/\/www.aikido-origin.it\/#\/schema\/person\/image\/\",\"url\":\"https:\/\/secure.gravatar.com\/avatar\/73767cd6cd374cc216306eebd0d67968?s=96&d=mm&r=g\",\"contentUrl\":\"https:\/\/secure.gravatar.com\/avatar\/73767cd6cd374cc216306eebd0d67968?s=96&d=mm&r=g\",\"caption\":\"AdminSensei\"},\"url\":\"https:\/\/www.aikido-origin.it\/?author=1\"}]}<\/script>\n<!-- \/ Yoast SEO plugin. -->","yoast_head_json":{"title":"Grande Successo per il 1\u00b0 Seminar Citt\u00e0 di Vittorio Veneto! - Aikido Origin","robots":{"index":"index","follow":"follow","max-snippet":"max-snippet:-1","max-image-preview":"max-image-preview:large","max-video-preview":"max-video-preview:-1"},"canonical":"https:\/\/www.aikido-origin.it\/?p=153","og_locale":"it_IT","og_type":"article","og_title":"Grande Successo per il 1\u00b0 Seminar Citt\u00e0 di Vittorio Veneto! - Aikido Origin","og_description":"Dal 24 al 29 Aprile l&#8217;Aikido a Vittorio Veneto con Wolfgang Baumgartner, referente Europeo di quest&#8217;arte marziale. Il 28-29 Aprile 2012 si \u00e8 svolto nella palestra dell&#8217;ASD Aikido Vittorio Veneto il 1\u00b0 Seminar di Takemusu Aikido &#8220;Citt\u00e0 di Vittorio Veneto&#8221;. A dirigere gli allenamenti il Maestro Wolfgang Baumgartner, 6\u00b0 Dan &hellip;","og_url":"https:\/\/www.aikido-origin.it\/?p=153","og_site_name":"Aikido Origin","article_publisher":"https:\/\/www.facebook.com\/AikidoOrigin","article_published_time":"2012-05-07T19:11:23+00:00","article_modified_time":"2013-03-29T11:19:22+00:00","og_image":[{"url":"http:\/\/www.aikido-origin.it\/wp-content\/uploads\/2013\/03\/1SeminarCittadiVittVeneto_1-1024x576.png","type":"","width":"","height":""}],"author":"AdminSensei","twitter_card":"summary_large_image","twitter_misc":{"Scritto da":"AdminSensei","Tempo di lettura stimato":"2 minuti"},"schema":{"@context":"https:\/\/schema.org","@graph":[{"@type":"Article","@id":"https:\/\/www.aikido-origin.it\/?p=153#article","isPartOf":{"@id":"https:\/\/www.aikido-origin.it\/?p=153"},"author":{"name":"AdminSensei","@id":"https:\/\/www.aikido-origin.it\/#\/schema\/person\/5f355cfd81900cfddcbb83493964aae4"},"headline":"Grande Successo per il 1\u00b0 Seminar Citt\u00e0 di Vittorio Veneto!","datePublished":"2012-05-07T19:11:23+00:00","dateModified":"2013-03-29T11:19:22+00:00","mainEntityOfPage":{"@id":"https:\/\/www.aikido-origin.it\/?p=153"},"wordCount":384,"publisher":{"@id":"https:\/\/www.aikido-origin.it\/#organization"},"image":{"@id":"https:\/\/www.aikido-origin.it\/?p=153#primaryimage"},"thumbnailUrl":"http:\/\/www.aikido-origin.it\/wp-content\/uploads\/2013\/03\/1SeminarCittadiVittVeneto_1-1024x576.png","articleSection":["Articoli"],"inLanguage":"it-IT"},{"@type":"WebPage","@id":"https:\/\/www.aikido-origin.it\/?p=153","url":"https:\/\/www.aikido-origin.it\/?p=153","name":"Grande Successo per il 1\u00b0 Seminar Citt\u00e0 di Vittorio Veneto! - Aikido Origin","isPartOf":{"@id":"https:\/\/www.aikido-origin.it\/#website"},"primaryImageOfPage":{"@id":"https:\/\/www.aikido-origin.it\/?p=153#primaryimage"},"image":{"@id":"https:\/\/www.aikido-origin.it\/?p=153#primaryimage"},"thumbnailUrl":"http:\/\/www.aikido-origin.it\/wp-content\/uploads\/2013\/03\/1SeminarCittadiVittVeneto_1-1024x576.png","datePublished":"2012-05-07T19:11:23+00:00","dateModified":"2013-03-29T11:19:22+00:00","breadcrumb":{"@id":"https:\/\/www.aikido-origin.it\/?p=153#breadcrumb"},"inLanguage":"it-IT","potentialAction":[{"@type":"ReadAction","target":["https:\/\/www.aikido-origin.it\/?p=153"]}]},{"@type":"ImageObject","inLanguage":"it-IT","@id":"https:\/\/www.aikido-origin.it\/?p=153#primaryimage","url":"https:\/\/www.aikido-origin.it\/wordpress\/wp-content\/uploads\/2013\/03\/1SeminarCittadiVittVeneto_1.png","contentUrl":"https:\/\/www.aikido-origin.it\/wordpress\/wp-content\/uploads\/2013\/03\/1SeminarCittadiVittVeneto_1.png","width":1600,"height":900},{"@type":"BreadcrumbList","@id":"https:\/\/www.aikido-origin.it\/?p=153#breadcrumb","itemListElement":[{"@type":"ListItem","position":1,"name":"Home","item":"https:\/\/www.aikido-origin.it\/"},{"@type":"ListItem","position":2,"name":"Grande Successo per il 1\u00b0 Seminar Citt\u00e0 di Vittorio Veneto!"}]},{"@type":"WebSite","@id":"https:\/\/www.aikido-origin.it\/#website","url":"https:\/\/www.aikido-origin.it\/","name":"Aikido Origin","description":"The Art of Peace","publisher":{"@id":"https:\/\/www.aikido-origin.it\/#organization"},"potentialAction":[{"@type":"SearchAction","target":{"@type":"EntryPoint","urlTemplate":"https:\/\/www.aikido-origin.it\/?s={search_term_string}"},"query-input":{"@type":"PropertyValueSpecification","valueRequired":true,"valueName":"search_term_string"}}],"inLanguage":"it-IT"},{"@type":"Organization","@id":"https:\/\/www.aikido-origin.it\/#organization","name":"Aikido Origin","url":"https:\/\/www.aikido-origin.it\/","logo":{"@type":"ImageObject","inLanguage":"it-IT","@id":"https:\/\/www.aikido-origin.it\/#\/schema\/logo\/image\/","url":"https:\/\/www.aikido-origin.it\/wordpress\/wp-content\/uploads\/2019\/09\/cropped-AIKIDO-ORIGIN-DEFINITIVO-1-1.png","contentUrl":"https:\/\/www.aikido-origin.it\/wordpress\/wp-content\/uploads\/2019\/09\/cropped-AIKIDO-ORIGIN-DEFINITIVO-1-1.png","width":1002,"height":1042,"caption":"Aikido Origin"},"image":{"@id":"https:\/\/www.aikido-origin.it\/#\/schema\/logo\/image\/"},"sameAs":["https:\/\/www.facebook.com\/AikidoOrigin","https:\/\/www.youtube.com\/AikidoOrigin","https:\/\/www.instagram.com\/aikido_origin"]},{"@type":"Person","@id":"https:\/\/www.aikido-origin.it\/#\/schema\/person\/5f355cfd81900cfddcbb83493964aae4","name":"AdminSensei","image":{"@type":"ImageObject","inLanguage":"it-IT","@id":"https:\/\/www.aikido-origin.it\/#\/schema\/person\/image\/","url":"https:\/\/secure.gravatar.com\/avatar\/73767cd6cd374cc216306eebd0d67968?s=96&d=mm&r=g","contentUrl":"https:\/\/secure.gravatar.com\/avatar\/73767cd6cd374cc216306eebd0d67968?s=96&d=mm&r=g","caption":"AdminSensei"},"url":"https:\/\/www.aikido-origin.it\/?author=1"}]}},"jetpack_featured_media_url":"","jetpack_sharing_enabled":true,"_links":{"self":[{"href":"https:\/\/www.aikido-origin.it\/index.php?rest_route=\/wp\/v2\/posts\/153","targetHints":{"allow":["GET"]}}],"collection":[{"href":"https:\/\/www.aikido-origin.it\/index.php?rest_route=\/wp\/v2\/posts"}],"about":[{"href":"https:\/\/www.aikido-origin.it\/index.php?rest_route=\/wp\/v2\/types\/post"}],"author":[{"embeddable":true,"href":"https:\/\/www.aikido-origin.it\/index.php?rest_route=\/wp\/v2\/users\/1"}],"replies":[{"embeddable":true,"href":"https:\/\/www.aikido-origin.it\/index.php?rest_route=%2Fwp%2Fv2%2Fcomments&post=153"}],"version-history":[{"count":5,"href":"https:\/\/www.aikido-origin.it\/index.php?rest_route=\/wp\/v2\/posts\/153\/revisions"}],"predecessor-version":[{"id":384,"href":"https:\/\/www.aikido-origin.it\/index.php?rest_route=\/wp\/v2\/posts\/153\/revisions\/384"}],"wp:attachment":[{"href":"https:\/\/www.aikido-origin.it\/index.php?rest_route=%2Fwp%2Fv2%2Fmedia&parent=153"}],"wp:term":[{"taxonomy":"category","embeddable":true,"href":"https:\/\/www.aikido-origin.it\/index.php?rest_route=%2Fwp%2Fv2%2Fcategories&post=153"},{"taxonomy":"post_tag","embeddable":true,"href":"https:\/\/www.aikido-origin.it\/index.php?rest_route=%2Fwp%2Fv2%2Ftags&post=153"}],"curies":[{"name":"wp","href":"https:\/\/api.w.org\/{rel}","templated":true}]}}