{"id":1555,"date":"2019-05-14T12:30:37","date_gmt":"2019-05-14T10:30:37","guid":{"rendered":"http:\/\/www.aikido-vittorioveneto.it\/?p=1555"},"modified":"2019-05-13T20:51:08","modified_gmt":"2019-05-13T18:51:08","slug":"qdpnews-it-le-arti-marziali-conquistano-revine-lago","status":"publish","type":"post","link":"https:\/\/www.aikido-origin.it\/?p=1555","title":{"rendered":"QDPnews.it &#8211; Le Arti Marziali conquistano Revine Lago"},"content":{"rendered":"\n<figure class=\"wp-block-image\"><img loading=\"lazy\" decoding=\"async\" width=\"1024\" height=\"683\" src=\"http:\/\/www.aikido-origin.it\/wp-content\/uploads\/2019\/05\/DSC_0573-1024x683.jpg\" alt=\"\" class=\"wp-image-1556\" srcset=\"https:\/\/www.aikido-origin.it\/wordpress\/wp-content\/uploads\/2019\/05\/DSC_0573-1024x683.jpg 1024w, https:\/\/www.aikido-origin.it\/wordpress\/wp-content\/uploads\/2019\/05\/DSC_0573-300x200.jpg 300w, https:\/\/www.aikido-origin.it\/wordpress\/wp-content\/uploads\/2019\/05\/DSC_0573-768x512.jpg 768w, https:\/\/www.aikido-origin.it\/wordpress\/wp-content\/uploads\/2019\/05\/DSC_0573.jpg 1293w\" sizes=\"auto, (max-width: 1024px) 100vw, 1024px\" \/><\/figure>\n\n\n\n<p><a rel=\"noreferrer noopener\" aria-label=\" (opens in a new tab)\" href=\"https:\/\/www.qdpnews.it\/sport-revine-lago\/28035-stage-di-aikido-le-arti-marziali-conquistano-revine-lago-nella-palestra-comunale-il-maestro-7-dan-wolfgang-baumgartner?fbclid=IwAR1VxaQ3Yh2qoeA2Y3Hzz5GA3qZmROoogGyarq54xzxqDVIHhPMqZhDNIJ8\" target=\"_blank\"><strong>LEGGI L&#8217;ARTICOLO ORIGINALE SU QDPnews.it<\/strong><\/a><\/p>\n\n\n\n<p><strong>E\u2019 arrivato a Revine Lago il Maestro 7\u00b0 Dan di Aikido, Wolfgang Baumgartner, per incontrare i migliori aikidoka provenienti da tutta Italia e dall&#8217;estero<\/strong>, soprattutto dalla Germania, <strong>per una pratica intensiva di due giorni dedicata allo studio di tecniche a mano nuda, di spada (cio\u00e8 la famosa affilatissima katana giapponese) e di bastone.<\/strong> <br><br>L&#8217;evento si \u00e8 tenuto il weekend del 27-28 Aprile <strong>nella palestra comunale di Revine Lago, dove regna l&#8217;Aikido Vittorio Veneto del Maestro Sandro Lucagnano. \u201cWolfgang Baumgartner \u00e8 un Maestro molto quotato a livello mondiale <\/strong>&#8211; spiega &#8211; e si presta spesso per insegnare questa nostra Arte Marziale in giro per il mondo, diffondendo l&#8217;Aikido tradizionale del suo fondatore Morihei Ueshiba e tramandato da Morihiro Saito ai giorni nostri.<strong> E&#8217; quindi anche grazie a lui che questa Arte Marziale tradizionale viene conservata per giungere incontaminata nei giorni a venire\u201d<\/strong>. <br><br>Molti appassionati e curiosi hanno potuto vedere da vicino e capire il senso dell\u2019Aikido: \u201cComunque &#8211; chiosa Lucagnano &#8211; aspettiamo chi vorr\u00e0, anche per delle prove gratuite o semplici informazioni ogni luned\u00ec, mercoled\u00ec e venerd\u00ec dalle 20:30 alle 22:00 nella palestra di Revine Lago in Via Celle 10\u201d.\u00a0<br><br><strong>L\u2019evento dello scorso fine settimana \u00e8 andato ben oltre le pi\u00f9 rosee aspettative<\/strong>, i partecipanti sono rimasti soddisfatti \u201cE abbiamo avuto &#8211; sottolinea il giovane Maestro Lucagnano, vittoriese &#8211; anche parecchi visitatori interessati tra le giornate di sabato e domenica. <strong>Nonostante la pioggia siamo riusciti a fare anche una lezione all&#8217;aperto.<\/strong> Durante la seduta di domenica mattina \u00e8 venuta a trovarci anche <strong>il sindaco Michela Coan per i saluti e per omaggiare l&#8217;evento<\/strong>. Ci ha fatto davvero piacere anche perch\u00e9 in questo periodo sappiamo che \u00e8 impegnatissima\u201d.<br><br>(Fonte: Fulvio Fioretti\u00a0\u00a9 Qdpnews.it).<br>(Foto: Aikido Vittorio Veneto).<br>#Qdpnews.it<\/p>\n","protected":false},"excerpt":{"rendered":"<p>LEGGI L&#8217;ARTICOLO ORIGINALE SU QDPnews.it E\u2019 arrivato a Revine Lago il Maestro 7\u00b0 Dan di Aikido, Wolfgang Baumgartner, per incontrare i migliori aikidoka provenienti da tutta Italia e dall&#8217;estero, soprattutto dalla Germania, per una pratica intensiva di due giorni dedicata allo studio di tecniche a mano nuda, di spada (cio\u00e8 &hellip;<\/p>\n","protected":false},"author":1,"featured_media":0,"comment_status":"closed","ping_status":"open","sticky":false,"template":"","format":"standard","meta":{"sfsi_plus_gutenberg_text_before_share":"","sfsi_plus_gutenberg_show_text_before_share":"","sfsi_plus_gutenberg_icon_type":"","sfsi_plus_gutenberg_icon_alignemt":"","sfsi_plus_gutenburg_max_per_row":"","_jetpack_memberships_contains_paid_content":false,"footnotes":""},"categories":[6],"tags":[],"class_list":["post-1555","post","type-post","status-publish","format-standard","hentry","category-articoli"],"yoast_head":"<!-- This site is optimized with the Yoast SEO plugin v25.6 - https:\/\/yoast.com\/wordpress\/plugins\/seo\/ -->\n<title>QDPnews.it - Le Arti Marziali conquistano Revine Lago - Aikido Origin<\/title>\n<meta name=\"robots\" content=\"index, follow, max-snippet:-1, max-image-preview:large, max-video-preview:-1\" \/>\n<link rel=\"canonical\" href=\"https:\/\/www.aikido-origin.it\/?p=1555\" \/>\n<meta property=\"og:locale\" content=\"it_IT\" \/>\n<meta property=\"og:type\" content=\"article\" \/>\n<meta property=\"og:title\" content=\"QDPnews.it - Le Arti Marziali conquistano Revine Lago - Aikido Origin\" \/>\n<meta property=\"og:description\" content=\"LEGGI L&#8217;ARTICOLO ORIGINALE SU QDPnews.it E\u2019 arrivato a Revine Lago il Maestro 7\u00b0 Dan di Aikido, Wolfgang Baumgartner, per incontrare i migliori aikidoka provenienti da tutta Italia e dall&#8217;estero, soprattutto dalla Germania, per una pratica intensiva di due giorni dedicata allo studio di tecniche a mano nuda, di spada (cio\u00e8 &hellip;\" \/>\n<meta property=\"og:url\" content=\"https:\/\/www.aikido-origin.it\/?p=1555\" \/>\n<meta property=\"og:site_name\" content=\"Aikido Origin\" \/>\n<meta property=\"article:publisher\" content=\"https:\/\/www.facebook.com\/AikidoOrigin\" \/>\n<meta property=\"article:published_time\" content=\"2019-05-14T10:30:37+00:00\" \/>\n<meta property=\"og:image\" content=\"http:\/\/www.aikido-origin.it\/wp-content\/uploads\/2019\/05\/DSC_0573-1024x683.jpg\" \/>\n<meta name=\"author\" content=\"AdminSensei\" \/>\n<meta name=\"twitter:card\" content=\"summary_large_image\" \/>\n<meta name=\"twitter:label1\" content=\"Scritto da\" \/>\n\t<meta name=\"twitter:data1\" content=\"AdminSensei\" \/>\n\t<meta name=\"twitter:label2\" content=\"Tempo di lettura stimato\" \/>\n\t<meta name=\"twitter:data2\" content=\"1 minuto\" \/>\n<script type=\"application\/ld+json\" class=\"yoast-schema-graph\">{\"@context\":\"https:\/\/schema.org\",\"@graph\":[{\"@type\":\"Article\",\"@id\":\"https:\/\/www.aikido-origin.it\/?p=1555#article\",\"isPartOf\":{\"@id\":\"https:\/\/www.aikido-origin.it\/?p=1555\"},\"author\":{\"name\":\"AdminSensei\",\"@id\":\"https:\/\/www.aikido-origin.it\/#\/schema\/person\/5f355cfd81900cfddcbb83493964aae4\"},\"headline\":\"QDPnews.it &#8211; Le Arti Marziali conquistano Revine Lago\",\"datePublished\":\"2019-05-14T10:30:37+00:00\",\"mainEntityOfPage\":{\"@id\":\"https:\/\/www.aikido-origin.it\/?p=1555\"},\"wordCount\":302,\"publisher\":{\"@id\":\"https:\/\/www.aikido-origin.it\/#organization\"},\"image\":{\"@id\":\"https:\/\/www.aikido-origin.it\/?p=1555#primaryimage\"},\"thumbnailUrl\":\"http:\/\/www.aikido-origin.it\/wp-content\/uploads\/2019\/05\/DSC_0573-1024x683.jpg\",\"articleSection\":[\"Articoli\"],\"inLanguage\":\"it-IT\"},{\"@type\":\"WebPage\",\"@id\":\"https:\/\/www.aikido-origin.it\/?p=1555\",\"url\":\"https:\/\/www.aikido-origin.it\/?p=1555\",\"name\":\"QDPnews.it - Le Arti Marziali conquistano Revine Lago - Aikido Origin\",\"isPartOf\":{\"@id\":\"https:\/\/www.aikido-origin.it\/#website\"},\"primaryImageOfPage\":{\"@id\":\"https:\/\/www.aikido-origin.it\/?p=1555#primaryimage\"},\"image\":{\"@id\":\"https:\/\/www.aikido-origin.it\/?p=1555#primaryimage\"},\"thumbnailUrl\":\"http:\/\/www.aikido-origin.it\/wp-content\/uploads\/2019\/05\/DSC_0573-1024x683.jpg\",\"datePublished\":\"2019-05-14T10:30:37+00:00\",\"breadcrumb\":{\"@id\":\"https:\/\/www.aikido-origin.it\/?p=1555#breadcrumb\"},\"inLanguage\":\"it-IT\",\"potentialAction\":[{\"@type\":\"ReadAction\",\"target\":[\"https:\/\/www.aikido-origin.it\/?p=1555\"]}]},{\"@type\":\"ImageObject\",\"inLanguage\":\"it-IT\",\"@id\":\"https:\/\/www.aikido-origin.it\/?p=1555#primaryimage\",\"url\":\"https:\/\/www.aikido-origin.it\/wordpress\/wp-content\/uploads\/2019\/05\/DSC_0573.jpg\",\"contentUrl\":\"https:\/\/www.aikido-origin.it\/wordpress\/wp-content\/uploads\/2019\/05\/DSC_0573.jpg\",\"width\":1293,\"height\":862},{\"@type\":\"BreadcrumbList\",\"@id\":\"https:\/\/www.aikido-origin.it\/?p=1555#breadcrumb\",\"itemListElement\":[{\"@type\":\"ListItem\",\"position\":1,\"name\":\"Home\",\"item\":\"https:\/\/www.aikido-origin.it\/\"},{\"@type\":\"ListItem\",\"position\":2,\"name\":\"QDPnews.it &#8211; Le Arti Marziali conquistano Revine Lago\"}]},{\"@type\":\"WebSite\",\"@id\":\"https:\/\/www.aikido-origin.it\/#website\",\"url\":\"https:\/\/www.aikido-origin.it\/\",\"name\":\"Aikido Origin\",\"description\":\"The Art of Peace\",\"publisher\":{\"@id\":\"https:\/\/www.aikido-origin.it\/#organization\"},\"potentialAction\":[{\"@type\":\"SearchAction\",\"target\":{\"@type\":\"EntryPoint\",\"urlTemplate\":\"https:\/\/www.aikido-origin.it\/?s={search_term_string}\"},\"query-input\":{\"@type\":\"PropertyValueSpecification\",\"valueRequired\":true,\"valueName\":\"search_term_string\"}}],\"inLanguage\":\"it-IT\"},{\"@type\":\"Organization\",\"@id\":\"https:\/\/www.aikido-origin.it\/#organization\",\"name\":\"Aikido Origin\",\"url\":\"https:\/\/www.aikido-origin.it\/\",\"logo\":{\"@type\":\"ImageObject\",\"inLanguage\":\"it-IT\",\"@id\":\"https:\/\/www.aikido-origin.it\/#\/schema\/logo\/image\/\",\"url\":\"https:\/\/www.aikido-origin.it\/wordpress\/wp-content\/uploads\/2019\/09\/cropped-AIKIDO-ORIGIN-DEFINITIVO-1-1.png\",\"contentUrl\":\"https:\/\/www.aikido-origin.it\/wordpress\/wp-content\/uploads\/2019\/09\/cropped-AIKIDO-ORIGIN-DEFINITIVO-1-1.png\",\"width\":1002,\"height\":1042,\"caption\":\"Aikido Origin\"},\"image\":{\"@id\":\"https:\/\/www.aikido-origin.it\/#\/schema\/logo\/image\/\"},\"sameAs\":[\"https:\/\/www.facebook.com\/AikidoOrigin\",\"https:\/\/www.youtube.com\/AikidoOrigin\",\"https:\/\/www.instagram.com\/aikido_origin\"]},{\"@type\":\"Person\",\"@id\":\"https:\/\/www.aikido-origin.it\/#\/schema\/person\/5f355cfd81900cfddcbb83493964aae4\",\"name\":\"AdminSensei\",\"image\":{\"@type\":\"ImageObject\",\"inLanguage\":\"it-IT\",\"@id\":\"https:\/\/www.aikido-origin.it\/#\/schema\/person\/image\/\",\"url\":\"https:\/\/secure.gravatar.com\/avatar\/73767cd6cd374cc216306eebd0d67968?s=96&d=mm&r=g\",\"contentUrl\":\"https:\/\/secure.gravatar.com\/avatar\/73767cd6cd374cc216306eebd0d67968?s=96&d=mm&r=g\",\"caption\":\"AdminSensei\"},\"url\":\"https:\/\/www.aikido-origin.it\/?author=1\"}]}<\/script>\n<!-- \/ Yoast SEO plugin. -->","yoast_head_json":{"title":"QDPnews.it - Le Arti Marziali conquistano Revine Lago - Aikido Origin","robots":{"index":"index","follow":"follow","max-snippet":"max-snippet:-1","max-image-preview":"max-image-preview:large","max-video-preview":"max-video-preview:-1"},"canonical":"https:\/\/www.aikido-origin.it\/?p=1555","og_locale":"it_IT","og_type":"article","og_title":"QDPnews.it - Le Arti Marziali conquistano Revine Lago - Aikido Origin","og_description":"LEGGI L&#8217;ARTICOLO ORIGINALE SU QDPnews.it E\u2019 arrivato a Revine Lago il Maestro 7\u00b0 Dan di Aikido, Wolfgang Baumgartner, per incontrare i migliori aikidoka provenienti da tutta Italia e dall&#8217;estero, soprattutto dalla Germania, per una pratica intensiva di due giorni dedicata allo studio di tecniche a mano nuda, di spada (cio\u00e8 &hellip;","og_url":"https:\/\/www.aikido-origin.it\/?p=1555","og_site_name":"Aikido Origin","article_publisher":"https:\/\/www.facebook.com\/AikidoOrigin","article_published_time":"2019-05-14T10:30:37+00:00","og_image":[{"url":"http:\/\/www.aikido-origin.it\/wp-content\/uploads\/2019\/05\/DSC_0573-1024x683.jpg","type":"","width":"","height":""}],"author":"AdminSensei","twitter_card":"summary_large_image","twitter_misc":{"Scritto da":"AdminSensei","Tempo di lettura stimato":"1 minuto"},"schema":{"@context":"https:\/\/schema.org","@graph":[{"@type":"Article","@id":"https:\/\/www.aikido-origin.it\/?p=1555#article","isPartOf":{"@id":"https:\/\/www.aikido-origin.it\/?p=1555"},"author":{"name":"AdminSensei","@id":"https:\/\/www.aikido-origin.it\/#\/schema\/person\/5f355cfd81900cfddcbb83493964aae4"},"headline":"QDPnews.it &#8211; Le Arti Marziali conquistano Revine Lago","datePublished":"2019-05-14T10:30:37+00:00","mainEntityOfPage":{"@id":"https:\/\/www.aikido-origin.it\/?p=1555"},"wordCount":302,"publisher":{"@id":"https:\/\/www.aikido-origin.it\/#organization"},"image":{"@id":"https:\/\/www.aikido-origin.it\/?p=1555#primaryimage"},"thumbnailUrl":"http:\/\/www.aikido-origin.it\/wp-content\/uploads\/2019\/05\/DSC_0573-1024x683.jpg","articleSection":["Articoli"],"inLanguage":"it-IT"},{"@type":"WebPage","@id":"https:\/\/www.aikido-origin.it\/?p=1555","url":"https:\/\/www.aikido-origin.it\/?p=1555","name":"QDPnews.it - Le Arti Marziali conquistano Revine Lago - Aikido Origin","isPartOf":{"@id":"https:\/\/www.aikido-origin.it\/#website"},"primaryImageOfPage":{"@id":"https:\/\/www.aikido-origin.it\/?p=1555#primaryimage"},"image":{"@id":"https:\/\/www.aikido-origin.it\/?p=1555#primaryimage"},"thumbnailUrl":"http:\/\/www.aikido-origin.it\/wp-content\/uploads\/2019\/05\/DSC_0573-1024x683.jpg","datePublished":"2019-05-14T10:30:37+00:00","breadcrumb":{"@id":"https:\/\/www.aikido-origin.it\/?p=1555#breadcrumb"},"inLanguage":"it-IT","potentialAction":[{"@type":"ReadAction","target":["https:\/\/www.aikido-origin.it\/?p=1555"]}]},{"@type":"ImageObject","inLanguage":"it-IT","@id":"https:\/\/www.aikido-origin.it\/?p=1555#primaryimage","url":"https:\/\/www.aikido-origin.it\/wordpress\/wp-content\/uploads\/2019\/05\/DSC_0573.jpg","contentUrl":"https:\/\/www.aikido-origin.it\/wordpress\/wp-content\/uploads\/2019\/05\/DSC_0573.jpg","width":1293,"height":862},{"@type":"BreadcrumbList","@id":"https:\/\/www.aikido-origin.it\/?p=1555#breadcrumb","itemListElement":[{"@type":"ListItem","position":1,"name":"Home","item":"https:\/\/www.aikido-origin.it\/"},{"@type":"ListItem","position":2,"name":"QDPnews.it &#8211; Le Arti Marziali conquistano Revine Lago"}]},{"@type":"WebSite","@id":"https:\/\/www.aikido-origin.it\/#website","url":"https:\/\/www.aikido-origin.it\/","name":"Aikido Origin","description":"The Art of Peace","publisher":{"@id":"https:\/\/www.aikido-origin.it\/#organization"},"potentialAction":[{"@type":"SearchAction","target":{"@type":"EntryPoint","urlTemplate":"https:\/\/www.aikido-origin.it\/?s={search_term_string}"},"query-input":{"@type":"PropertyValueSpecification","valueRequired":true,"valueName":"search_term_string"}}],"inLanguage":"it-IT"},{"@type":"Organization","@id":"https:\/\/www.aikido-origin.it\/#organization","name":"Aikido Origin","url":"https:\/\/www.aikido-origin.it\/","logo":{"@type":"ImageObject","inLanguage":"it-IT","@id":"https:\/\/www.aikido-origin.it\/#\/schema\/logo\/image\/","url":"https:\/\/www.aikido-origin.it\/wordpress\/wp-content\/uploads\/2019\/09\/cropped-AIKIDO-ORIGIN-DEFINITIVO-1-1.png","contentUrl":"https:\/\/www.aikido-origin.it\/wordpress\/wp-content\/uploads\/2019\/09\/cropped-AIKIDO-ORIGIN-DEFINITIVO-1-1.png","width":1002,"height":1042,"caption":"Aikido Origin"},"image":{"@id":"https:\/\/www.aikido-origin.it\/#\/schema\/logo\/image\/"},"sameAs":["https:\/\/www.facebook.com\/AikidoOrigin","https:\/\/www.youtube.com\/AikidoOrigin","https:\/\/www.instagram.com\/aikido_origin"]},{"@type":"Person","@id":"https:\/\/www.aikido-origin.it\/#\/schema\/person\/5f355cfd81900cfddcbb83493964aae4","name":"AdminSensei","image":{"@type":"ImageObject","inLanguage":"it-IT","@id":"https:\/\/www.aikido-origin.it\/#\/schema\/person\/image\/","url":"https:\/\/secure.gravatar.com\/avatar\/73767cd6cd374cc216306eebd0d67968?s=96&d=mm&r=g","contentUrl":"https:\/\/secure.gravatar.com\/avatar\/73767cd6cd374cc216306eebd0d67968?s=96&d=mm&r=g","caption":"AdminSensei"},"url":"https:\/\/www.aikido-origin.it\/?author=1"}]}},"jetpack_featured_media_url":"","jetpack_sharing_enabled":true,"_links":{"self":[{"href":"https:\/\/www.aikido-origin.it\/index.php?rest_route=\/wp\/v2\/posts\/1555","targetHints":{"allow":["GET"]}}],"collection":[{"href":"https:\/\/www.aikido-origin.it\/index.php?rest_route=\/wp\/v2\/posts"}],"about":[{"href":"https:\/\/www.aikido-origin.it\/index.php?rest_route=\/wp\/v2\/types\/post"}],"author":[{"embeddable":true,"href":"https:\/\/www.aikido-origin.it\/index.php?rest_route=\/wp\/v2\/users\/1"}],"replies":[{"embeddable":true,"href":"https:\/\/www.aikido-origin.it\/index.php?rest_route=%2Fwp%2Fv2%2Fcomments&post=1555"}],"version-history":[{"count":4,"href":"https:\/\/www.aikido-origin.it\/index.php?rest_route=\/wp\/v2\/posts\/1555\/revisions"}],"predecessor-version":[{"id":1560,"href":"https:\/\/www.aikido-origin.it\/index.php?rest_route=\/wp\/v2\/posts\/1555\/revisions\/1560"}],"wp:attachment":[{"href":"https:\/\/www.aikido-origin.it\/index.php?rest_route=%2Fwp%2Fv2%2Fmedia&parent=1555"}],"wp:term":[{"taxonomy":"category","embeddable":true,"href":"https:\/\/www.aikido-origin.it\/index.php?rest_route=%2Fwp%2Fv2%2Fcategories&post=1555"},{"taxonomy":"post_tag","embeddable":true,"href":"https:\/\/www.aikido-origin.it\/index.php?rest_route=%2Fwp%2Fv2%2Ftags&post=1555"}],"curies":[{"name":"wp","href":"https:\/\/api.w.org\/{rel}","templated":true}]}}