{"id":180,"date":"2011-11-07T12:34:21","date_gmt":"2011-11-07T11:34:21","guid":{"rendered":"http:\/\/www.aikido-origin.it\/wordpress\/?p=180"},"modified":"2013-03-29T12:25:10","modified_gmt":"2013-03-29T11:25:10","slug":"cinque-nuove-cinture-nere-allaikido-vittorio-veneto","status":"publish","type":"post","link":"https:\/\/www.aikido-origin.it\/?p=180","title":{"rendered":"Cinque nuove cinture nere all\u2019Aikido Vittorio Veneto"},"content":{"rendered":"<h2>A Roma il miglior risultato \u00e8 stato ottenuto dagli Aikidoka del Palasport Vittoriese<\/h2>\n<p>&nbsp;<\/p>\n<p align=\"center\"><a href=\"http:\/\/www.aikido-origin.it\/wp-content\/uploads\/2011\/11\/5nere.jpg\"><img loading=\"lazy\" decoding=\"async\" class=\"aligncenter size-full wp-image-387\" alt=\"5nere\" src=\"http:\/\/www.aikido-origin.it\/wp-content\/uploads\/2011\/11\/5nere.jpg\" width=\"500\" height=\"333\" srcset=\"https:\/\/www.aikido-origin.it\/wordpress\/wp-content\/uploads\/2011\/11\/5nere.jpg 500w, https:\/\/www.aikido-origin.it\/wordpress\/wp-content\/uploads\/2011\/11\/5nere-300x199.jpg 300w, https:\/\/www.aikido-origin.it\/wordpress\/wp-content\/uploads\/2011\/11\/5nere-450x300.jpg 450w\" sizes=\"auto, (max-width: 500px) 100vw, 500px\" \/><\/a><\/p>\n<p align=\"justify\">Gi\u00e0 la conquista di una cintura nera se vogliamo \u00e8 un piccolo record, ma quando si arriva a guadagnarne ben cinque e tutte nella stessa occasione c\u2019\u00e8 da restare perlomeno stupiti. Il successo \u00e8 stato ottenuto a Roma dall\u2019Aikido Vittorio Veneto, in occasione degli esami nazionali per l\u2019avanzamento del grado di cintura.<br \/>\nUna commissione Fijlkam ha cos\u00ec riconosciuto il prestigioso traguardo a Fabio Tonon, Francesco Dei Tos, Marco De Bastiani, Gloria Della Giustina ed Anna Zanchetta.<br \/>\nArtefice del successo il Maestro Sandro Lucagnano, insegnante dell\u2019Aikido Vittorio Veneto e riferimento qualificato non solo per la Federazione Italiana FIJLKAM ma anche per gli avanzamenti a cintura nera della prestigiosa \u201ccasa\u201d mondiale dell\u2019Aikikai di Tokio.<br \/>\nA rendere ancor pi\u00f9 significativo il successo numerico, ci sono stati a fine giornata i complimenti della commissione esaminatrice, che ha riconosciuto ai cinque Aikidoka una preparazione degna di merito, dando cos\u00ec ulteriore risalto al Club del Palasport Vittoriese.<\/p>\n","protected":false},"excerpt":{"rendered":"<p>A Roma il miglior risultato \u00e8 stato ottenuto dagli Aikidoka del Palasport Vittoriese &nbsp; Gi\u00e0 la conquista di una cintura nera se vogliamo \u00e8 un piccolo record, ma quando si arriva a guadagnarne ben cinque e tutte nella stessa occasione c\u2019\u00e8 da restare perlomeno stupiti. Il successo \u00e8 stato ottenuto &hellip;<\/p>\n","protected":false},"author":1,"featured_media":0,"comment_status":"closed","ping_status":"open","sticky":false,"template":"","format":"standard","meta":{"sfsi_plus_gutenberg_text_before_share":"","sfsi_plus_gutenberg_show_text_before_share":"","sfsi_plus_gutenberg_icon_type":"","sfsi_plus_gutenberg_icon_alignemt":"","sfsi_plus_gutenburg_max_per_row":"","_jetpack_memberships_contains_paid_content":false,"footnotes":""},"categories":[6],"tags":[],"class_list":["post-180","post","type-post","status-publish","format-standard","hentry","category-articoli"],"yoast_head":"<!-- This site is optimized with the Yoast SEO plugin v25.6 - https:\/\/yoast.com\/wordpress\/plugins\/seo\/ -->\n<title>Cinque nuove cinture nere all\u2019Aikido Vittorio Veneto - Aikido Origin<\/title>\n<meta name=\"robots\" content=\"index, follow, max-snippet:-1, max-image-preview:large, max-video-preview:-1\" \/>\n<link rel=\"canonical\" href=\"https:\/\/www.aikido-origin.it\/?p=180\" \/>\n<meta property=\"og:locale\" content=\"it_IT\" \/>\n<meta property=\"og:type\" content=\"article\" \/>\n<meta property=\"og:title\" content=\"Cinque nuove cinture nere all\u2019Aikido Vittorio Veneto - Aikido Origin\" \/>\n<meta property=\"og:description\" content=\"A Roma il miglior risultato \u00e8 stato ottenuto dagli Aikidoka del Palasport Vittoriese &nbsp; Gi\u00e0 la conquista di una cintura nera se vogliamo \u00e8 un piccolo record, ma quando si arriva a guadagnarne ben cinque e tutte nella stessa occasione c\u2019\u00e8 da restare perlomeno stupiti. Il successo \u00e8 stato ottenuto &hellip;\" \/>\n<meta property=\"og:url\" content=\"https:\/\/www.aikido-origin.it\/?p=180\" \/>\n<meta property=\"og:site_name\" content=\"Aikido Origin\" \/>\n<meta property=\"article:publisher\" content=\"https:\/\/www.facebook.com\/AikidoOrigin\" \/>\n<meta property=\"article:published_time\" content=\"2011-11-07T11:34:21+00:00\" \/>\n<meta property=\"article:modified_time\" content=\"2013-03-29T11:25:10+00:00\" \/>\n<meta property=\"og:image\" content=\"http:\/\/www.aikido-origin.it\/wp-content\/uploads\/2011\/11\/5nere.jpg\" \/>\n<meta name=\"author\" content=\"AdminSensei\" \/>\n<meta name=\"twitter:card\" content=\"summary_large_image\" \/>\n<meta name=\"twitter:label1\" content=\"Scritto da\" \/>\n\t<meta name=\"twitter:data1\" content=\"AdminSensei\" \/>\n\t<meta name=\"twitter:label2\" content=\"Tempo di lettura stimato\" \/>\n\t<meta name=\"twitter:data2\" content=\"1 minuto\" \/>\n<script type=\"application\/ld+json\" class=\"yoast-schema-graph\">{\"@context\":\"https:\/\/schema.org\",\"@graph\":[{\"@type\":\"Article\",\"@id\":\"https:\/\/www.aikido-origin.it\/?p=180#article\",\"isPartOf\":{\"@id\":\"https:\/\/www.aikido-origin.it\/?p=180\"},\"author\":{\"name\":\"AdminSensei\",\"@id\":\"https:\/\/www.aikido-origin.it\/#\/schema\/person\/5f355cfd81900cfddcbb83493964aae4\"},\"headline\":\"Cinque nuove cinture nere all\u2019Aikido Vittorio Veneto\",\"datePublished\":\"2011-11-07T11:34:21+00:00\",\"dateModified\":\"2013-03-29T11:25:10+00:00\",\"mainEntityOfPage\":{\"@id\":\"https:\/\/www.aikido-origin.it\/?p=180\"},\"wordCount\":174,\"publisher\":{\"@id\":\"https:\/\/www.aikido-origin.it\/#organization\"},\"image\":{\"@id\":\"https:\/\/www.aikido-origin.it\/?p=180#primaryimage\"},\"thumbnailUrl\":\"http:\/\/www.aikido-origin.it\/wp-content\/uploads\/2011\/11\/5nere.jpg\",\"articleSection\":[\"Articoli\"],\"inLanguage\":\"it-IT\"},{\"@type\":\"WebPage\",\"@id\":\"https:\/\/www.aikido-origin.it\/?p=180\",\"url\":\"https:\/\/www.aikido-origin.it\/?p=180\",\"name\":\"Cinque nuove cinture nere all\u2019Aikido Vittorio Veneto - Aikido Origin\",\"isPartOf\":{\"@id\":\"https:\/\/www.aikido-origin.it\/#website\"},\"primaryImageOfPage\":{\"@id\":\"https:\/\/www.aikido-origin.it\/?p=180#primaryimage\"},\"image\":{\"@id\":\"https:\/\/www.aikido-origin.it\/?p=180#primaryimage\"},\"thumbnailUrl\":\"http:\/\/www.aikido-origin.it\/wp-content\/uploads\/2011\/11\/5nere.jpg\",\"datePublished\":\"2011-11-07T11:34:21+00:00\",\"dateModified\":\"2013-03-29T11:25:10+00:00\",\"breadcrumb\":{\"@id\":\"https:\/\/www.aikido-origin.it\/?p=180#breadcrumb\"},\"inLanguage\":\"it-IT\",\"potentialAction\":[{\"@type\":\"ReadAction\",\"target\":[\"https:\/\/www.aikido-origin.it\/?p=180\"]}]},{\"@type\":\"ImageObject\",\"inLanguage\":\"it-IT\",\"@id\":\"https:\/\/www.aikido-origin.it\/?p=180#primaryimage\",\"url\":\"http:\/\/www.aikido-origin.it\/wp-content\/uploads\/2011\/11\/5nere.jpg\",\"contentUrl\":\"http:\/\/www.aikido-origin.it\/wp-content\/uploads\/2011\/11\/5nere.jpg\"},{\"@type\":\"BreadcrumbList\",\"@id\":\"https:\/\/www.aikido-origin.it\/?p=180#breadcrumb\",\"itemListElement\":[{\"@type\":\"ListItem\",\"position\":1,\"name\":\"Home\",\"item\":\"https:\/\/www.aikido-origin.it\/\"},{\"@type\":\"ListItem\",\"position\":2,\"name\":\"Cinque nuove cinture nere all\u2019Aikido Vittorio Veneto\"}]},{\"@type\":\"WebSite\",\"@id\":\"https:\/\/www.aikido-origin.it\/#website\",\"url\":\"https:\/\/www.aikido-origin.it\/\",\"name\":\"Aikido Origin\",\"description\":\"The Art of Peace\",\"publisher\":{\"@id\":\"https:\/\/www.aikido-origin.it\/#organization\"},\"potentialAction\":[{\"@type\":\"SearchAction\",\"target\":{\"@type\":\"EntryPoint\",\"urlTemplate\":\"https:\/\/www.aikido-origin.it\/?s={search_term_string}\"},\"query-input\":{\"@type\":\"PropertyValueSpecification\",\"valueRequired\":true,\"valueName\":\"search_term_string\"}}],\"inLanguage\":\"it-IT\"},{\"@type\":\"Organization\",\"@id\":\"https:\/\/www.aikido-origin.it\/#organization\",\"name\":\"Aikido Origin\",\"url\":\"https:\/\/www.aikido-origin.it\/\",\"logo\":{\"@type\":\"ImageObject\",\"inLanguage\":\"it-IT\",\"@id\":\"https:\/\/www.aikido-origin.it\/#\/schema\/logo\/image\/\",\"url\":\"https:\/\/www.aikido-origin.it\/wordpress\/wp-content\/uploads\/2019\/09\/cropped-AIKIDO-ORIGIN-DEFINITIVO-1-1.png\",\"contentUrl\":\"https:\/\/www.aikido-origin.it\/wordpress\/wp-content\/uploads\/2019\/09\/cropped-AIKIDO-ORIGIN-DEFINITIVO-1-1.png\",\"width\":1002,\"height\":1042,\"caption\":\"Aikido Origin\"},\"image\":{\"@id\":\"https:\/\/www.aikido-origin.it\/#\/schema\/logo\/image\/\"},\"sameAs\":[\"https:\/\/www.facebook.com\/AikidoOrigin\",\"https:\/\/www.youtube.com\/AikidoOrigin\",\"https:\/\/www.instagram.com\/aikido_origin\"]},{\"@type\":\"Person\",\"@id\":\"https:\/\/www.aikido-origin.it\/#\/schema\/person\/5f355cfd81900cfddcbb83493964aae4\",\"name\":\"AdminSensei\",\"image\":{\"@type\":\"ImageObject\",\"inLanguage\":\"it-IT\",\"@id\":\"https:\/\/www.aikido-origin.it\/#\/schema\/person\/image\/\",\"url\":\"https:\/\/secure.gravatar.com\/avatar\/73767cd6cd374cc216306eebd0d67968?s=96&d=mm&r=g\",\"contentUrl\":\"https:\/\/secure.gravatar.com\/avatar\/73767cd6cd374cc216306eebd0d67968?s=96&d=mm&r=g\",\"caption\":\"AdminSensei\"},\"url\":\"https:\/\/www.aikido-origin.it\/?author=1\"}]}<\/script>\n<!-- \/ Yoast SEO plugin. -->","yoast_head_json":{"title":"Cinque nuove cinture nere all\u2019Aikido Vittorio Veneto - Aikido Origin","robots":{"index":"index","follow":"follow","max-snippet":"max-snippet:-1","max-image-preview":"max-image-preview:large","max-video-preview":"max-video-preview:-1"},"canonical":"https:\/\/www.aikido-origin.it\/?p=180","og_locale":"it_IT","og_type":"article","og_title":"Cinque nuove cinture nere all\u2019Aikido Vittorio Veneto - Aikido Origin","og_description":"A Roma il miglior risultato \u00e8 stato ottenuto dagli Aikidoka del Palasport Vittoriese &nbsp; Gi\u00e0 la conquista di una cintura nera se vogliamo \u00e8 un piccolo record, ma quando si arriva a guadagnarne ben cinque e tutte nella stessa occasione c\u2019\u00e8 da restare perlomeno stupiti. Il successo \u00e8 stato ottenuto &hellip;","og_url":"https:\/\/www.aikido-origin.it\/?p=180","og_site_name":"Aikido Origin","article_publisher":"https:\/\/www.facebook.com\/AikidoOrigin","article_published_time":"2011-11-07T11:34:21+00:00","article_modified_time":"2013-03-29T11:25:10+00:00","og_image":[{"url":"http:\/\/www.aikido-origin.it\/wp-content\/uploads\/2011\/11\/5nere.jpg","type":"","width":"","height":""}],"author":"AdminSensei","twitter_card":"summary_large_image","twitter_misc":{"Scritto da":"AdminSensei","Tempo di lettura stimato":"1 minuto"},"schema":{"@context":"https:\/\/schema.org","@graph":[{"@type":"Article","@id":"https:\/\/www.aikido-origin.it\/?p=180#article","isPartOf":{"@id":"https:\/\/www.aikido-origin.it\/?p=180"},"author":{"name":"AdminSensei","@id":"https:\/\/www.aikido-origin.it\/#\/schema\/person\/5f355cfd81900cfddcbb83493964aae4"},"headline":"Cinque nuove cinture nere all\u2019Aikido Vittorio Veneto","datePublished":"2011-11-07T11:34:21+00:00","dateModified":"2013-03-29T11:25:10+00:00","mainEntityOfPage":{"@id":"https:\/\/www.aikido-origin.it\/?p=180"},"wordCount":174,"publisher":{"@id":"https:\/\/www.aikido-origin.it\/#organization"},"image":{"@id":"https:\/\/www.aikido-origin.it\/?p=180#primaryimage"},"thumbnailUrl":"http:\/\/www.aikido-origin.it\/wp-content\/uploads\/2011\/11\/5nere.jpg","articleSection":["Articoli"],"inLanguage":"it-IT"},{"@type":"WebPage","@id":"https:\/\/www.aikido-origin.it\/?p=180","url":"https:\/\/www.aikido-origin.it\/?p=180","name":"Cinque nuove cinture nere all\u2019Aikido Vittorio Veneto - Aikido Origin","isPartOf":{"@id":"https:\/\/www.aikido-origin.it\/#website"},"primaryImageOfPage":{"@id":"https:\/\/www.aikido-origin.it\/?p=180#primaryimage"},"image":{"@id":"https:\/\/www.aikido-origin.it\/?p=180#primaryimage"},"thumbnailUrl":"http:\/\/www.aikido-origin.it\/wp-content\/uploads\/2011\/11\/5nere.jpg","datePublished":"2011-11-07T11:34:21+00:00","dateModified":"2013-03-29T11:25:10+00:00","breadcrumb":{"@id":"https:\/\/www.aikido-origin.it\/?p=180#breadcrumb"},"inLanguage":"it-IT","potentialAction":[{"@type":"ReadAction","target":["https:\/\/www.aikido-origin.it\/?p=180"]}]},{"@type":"ImageObject","inLanguage":"it-IT","@id":"https:\/\/www.aikido-origin.it\/?p=180#primaryimage","url":"http:\/\/www.aikido-origin.it\/wp-content\/uploads\/2011\/11\/5nere.jpg","contentUrl":"http:\/\/www.aikido-origin.it\/wp-content\/uploads\/2011\/11\/5nere.jpg"},{"@type":"BreadcrumbList","@id":"https:\/\/www.aikido-origin.it\/?p=180#breadcrumb","itemListElement":[{"@type":"ListItem","position":1,"name":"Home","item":"https:\/\/www.aikido-origin.it\/"},{"@type":"ListItem","position":2,"name":"Cinque nuove cinture nere all\u2019Aikido Vittorio Veneto"}]},{"@type":"WebSite","@id":"https:\/\/www.aikido-origin.it\/#website","url":"https:\/\/www.aikido-origin.it\/","name":"Aikido Origin","description":"The Art of Peace","publisher":{"@id":"https:\/\/www.aikido-origin.it\/#organization"},"potentialAction":[{"@type":"SearchAction","target":{"@type":"EntryPoint","urlTemplate":"https:\/\/www.aikido-origin.it\/?s={search_term_string}"},"query-input":{"@type":"PropertyValueSpecification","valueRequired":true,"valueName":"search_term_string"}}],"inLanguage":"it-IT"},{"@type":"Organization","@id":"https:\/\/www.aikido-origin.it\/#organization","name":"Aikido Origin","url":"https:\/\/www.aikido-origin.it\/","logo":{"@type":"ImageObject","inLanguage":"it-IT","@id":"https:\/\/www.aikido-origin.it\/#\/schema\/logo\/image\/","url":"https:\/\/www.aikido-origin.it\/wordpress\/wp-content\/uploads\/2019\/09\/cropped-AIKIDO-ORIGIN-DEFINITIVO-1-1.png","contentUrl":"https:\/\/www.aikido-origin.it\/wordpress\/wp-content\/uploads\/2019\/09\/cropped-AIKIDO-ORIGIN-DEFINITIVO-1-1.png","width":1002,"height":1042,"caption":"Aikido Origin"},"image":{"@id":"https:\/\/www.aikido-origin.it\/#\/schema\/logo\/image\/"},"sameAs":["https:\/\/www.facebook.com\/AikidoOrigin","https:\/\/www.youtube.com\/AikidoOrigin","https:\/\/www.instagram.com\/aikido_origin"]},{"@type":"Person","@id":"https:\/\/www.aikido-origin.it\/#\/schema\/person\/5f355cfd81900cfddcbb83493964aae4","name":"AdminSensei","image":{"@type":"ImageObject","inLanguage":"it-IT","@id":"https:\/\/www.aikido-origin.it\/#\/schema\/person\/image\/","url":"https:\/\/secure.gravatar.com\/avatar\/73767cd6cd374cc216306eebd0d67968?s=96&d=mm&r=g","contentUrl":"https:\/\/secure.gravatar.com\/avatar\/73767cd6cd374cc216306eebd0d67968?s=96&d=mm&r=g","caption":"AdminSensei"},"url":"https:\/\/www.aikido-origin.it\/?author=1"}]}},"jetpack_featured_media_url":"","jetpack_sharing_enabled":true,"_links":{"self":[{"href":"https:\/\/www.aikido-origin.it\/index.php?rest_route=\/wp\/v2\/posts\/180","targetHints":{"allow":["GET"]}}],"collection":[{"href":"https:\/\/www.aikido-origin.it\/index.php?rest_route=\/wp\/v2\/posts"}],"about":[{"href":"https:\/\/www.aikido-origin.it\/index.php?rest_route=\/wp\/v2\/types\/post"}],"author":[{"embeddable":true,"href":"https:\/\/www.aikido-origin.it\/index.php?rest_route=\/wp\/v2\/users\/1"}],"replies":[{"embeddable":true,"href":"https:\/\/www.aikido-origin.it\/index.php?rest_route=%2Fwp%2Fv2%2Fcomments&post=180"}],"version-history":[{"count":7,"href":"https:\/\/www.aikido-origin.it\/index.php?rest_route=\/wp\/v2\/posts\/180\/revisions"}],"predecessor-version":[{"id":388,"href":"https:\/\/www.aikido-origin.it\/index.php?rest_route=\/wp\/v2\/posts\/180\/revisions\/388"}],"wp:attachment":[{"href":"https:\/\/www.aikido-origin.it\/index.php?rest_route=%2Fwp%2Fv2%2Fmedia&parent=180"}],"wp:term":[{"taxonomy":"category","embeddable":true,"href":"https:\/\/www.aikido-origin.it\/index.php?rest_route=%2Fwp%2Fv2%2Fcategories&post=180"},{"taxonomy":"post_tag","embeddable":true,"href":"https:\/\/www.aikido-origin.it\/index.php?rest_route=%2Fwp%2Fv2%2Ftags&post=180"}],"curies":[{"name":"wp","href":"https:\/\/api.w.org\/{rel}","templated":true}]}}