{"id":1863,"date":"2011-02-15T21:30:00","date_gmt":"2011-02-15T20:30:00","guid":{"rendered":"http:\/\/www.aikido-origin.it\/?p=1863"},"modified":"2019-10-25T21:30:59","modified_gmt":"2019-10-25T19:30:59","slug":"lettera-di-luca-de-compadri-figlio-del-maestro-fausto-de-compadri","status":"publish","type":"post","link":"https:\/\/www.aikido-origin.it\/?p=1863","title":{"rendered":"Lettera di Luca De Compadri, figlio del Maestro Fausto De Compadri"},"content":{"rendered":"\n<p><em> Divulgo la lettera di Luca,  figlio del Maestro Fausto De Compadri con l\u2019ultimo pensiero di Suo padre.<\/em><\/p>\n\n\n\n<p>A nome di mio Padre rivolgo a voi tutti il Suo ultimo pensiero d&#8217;amore.<\/p>\n\n\n\n<p>&#8220;L&#8217;Aikido non \u00e8 il fine ma la strada dello spirito per raggiungere la trascendenza. Il movimento \u00e8 la voce del vento interiore, che pulisce l&#8217;anima, la quale nella forza trova una semplice illusione della materia, se non riesce a vedere i colori dell&#8217;arcobaleno. Pi\u00f9 il movimento incontra l&#8217;armonia, pi\u00f9 l&#8217;anima vede l&#8217;infinito ed incontra amore. Ma nel tempo l&#8217;anima dovr\u00e0 volare oltre il movimento e quando ci\u00f2 avverr\u00e0 l&#8217;Aikido avr\u00e0 compiuto il suo cammino, perch\u00e9 l&#8217;allievo vivr\u00e0 del silenzio profondo della luce di Dio&#8221;.<\/p>\n\n\n\n<p>Per espressa volont\u00e0 di mio Padre rivolgo al Dott. Paolo Corallini un Suo fraterno abbraccio ed un Suo sincero ringraziamento per gli insegnamenti ricevuti. A nome di mia Madre, Sua fedele ed unica compagna di vita, di mia Sorella, figlia affettuosa e devota sino all&#8217;ultimo soffio di vita, rivolgo a tutti un profondo ringraziamento per l&#8217;affetto manifestato con tanta intensit\u00e0. A Silvia, che ha raccolto tutte le sofferenze di mio Padre con il cuore di una figlia, chiedo di rimanerci accanto e di sentirsi parte integrante della nostra famiglia. Vi chiedo, infine, di ricordare mio Padre per la sua umile disponibilit\u00e0, per il suo animo buono e per l&#8217;intensa luce dei Suoi occhi. A me rimane un dolore incontenibile e sordo, l&#8217;atroce mancanza del Suo sorriso e della Sua voce rassicurante. Spero che il tempo tramuti la mia sofferenza in una triste dolcezza. Nella sincera speranza che l&#8217; Aikido italiano possa trovare la strada dell&#8217;unit\u00e0 tanto desiderata, lasciate che vi stringa in un unico abbraccio nel nome di colui, che ora pi\u00f9 che mai, mi fa sentire l&#8217;orgoglio di averlo avuto come Padre.<\/p>\n\n\n\n<p>Con affetto vero.<\/p>\n\n\n\n<p>Luca De Compadri  <\/p>\n","protected":false},"excerpt":{"rendered":"<p>Divulgo la lettera di Luca, figlio del Maestro Fausto De Compadri con l\u2019ultimo pensiero di Suo padre. A nome di mio Padre rivolgo a voi tutti il Suo ultimo pensiero d&#8217;amore. &#8220;L&#8217;Aikido non \u00e8 il fine ma la strada dello spirito per raggiungere la trascendenza. Il movimento \u00e8 la voce &hellip;<\/p>\n","protected":false},"author":1,"featured_media":0,"comment_status":"closed","ping_status":"open","sticky":false,"template":"","format":"standard","meta":{"sfsi_plus_gutenberg_text_before_share":"","sfsi_plus_gutenberg_show_text_before_share":"","sfsi_plus_gutenberg_icon_type":"","sfsi_plus_gutenberg_icon_alignemt":"","sfsi_plus_gutenburg_max_per_row":"","_jetpack_memberships_contains_paid_content":false,"footnotes":""},"categories":[6],"tags":[],"class_list":["post-1863","post","type-post","status-publish","format-standard","hentry","category-articoli"],"yoast_head":"<!-- This site is optimized with the Yoast SEO plugin v25.6 - https:\/\/yoast.com\/wordpress\/plugins\/seo\/ -->\n<title>Lettera di Luca De Compadri, figlio del Maestro Fausto De Compadri - Aikido Origin<\/title>\n<meta name=\"robots\" content=\"index, follow, max-snippet:-1, max-image-preview:large, max-video-preview:-1\" \/>\n<link rel=\"canonical\" href=\"https:\/\/www.aikido-origin.it\/?p=1863\" \/>\n<meta property=\"og:locale\" content=\"it_IT\" \/>\n<meta property=\"og:type\" content=\"article\" \/>\n<meta property=\"og:title\" content=\"Lettera di Luca De Compadri, figlio del Maestro Fausto De Compadri - Aikido Origin\" \/>\n<meta property=\"og:description\" content=\"Divulgo la lettera di Luca, figlio del Maestro Fausto De Compadri con l\u2019ultimo pensiero di Suo padre. A nome di mio Padre rivolgo a voi tutti il Suo ultimo pensiero d&#8217;amore. &#8220;L&#8217;Aikido non \u00e8 il fine ma la strada dello spirito per raggiungere la trascendenza. Il movimento \u00e8 la voce &hellip;\" \/>\n<meta property=\"og:url\" content=\"https:\/\/www.aikido-origin.it\/?p=1863\" \/>\n<meta property=\"og:site_name\" content=\"Aikido Origin\" \/>\n<meta property=\"article:publisher\" content=\"https:\/\/www.facebook.com\/AikidoOrigin\" \/>\n<meta property=\"article:published_time\" content=\"2011-02-15T20:30:00+00:00\" \/>\n<meta property=\"article:modified_time\" content=\"2019-10-25T19:30:59+00:00\" \/>\n<meta name=\"author\" content=\"AdminSensei\" \/>\n<meta name=\"twitter:card\" content=\"summary_large_image\" \/>\n<meta name=\"twitter:label1\" content=\"Scritto da\" \/>\n\t<meta name=\"twitter:data1\" content=\"AdminSensei\" \/>\n\t<meta name=\"twitter:label2\" content=\"Tempo di lettura stimato\" \/>\n\t<meta name=\"twitter:data2\" content=\"2 minuti\" \/>\n<script type=\"application\/ld+json\" class=\"yoast-schema-graph\">{\"@context\":\"https:\/\/schema.org\",\"@graph\":[{\"@type\":\"Article\",\"@id\":\"https:\/\/www.aikido-origin.it\/?p=1863#article\",\"isPartOf\":{\"@id\":\"https:\/\/www.aikido-origin.it\/?p=1863\"},\"author\":{\"name\":\"AdminSensei\",\"@id\":\"https:\/\/www.aikido-origin.it\/#\/schema\/person\/5f355cfd81900cfddcbb83493964aae4\"},\"headline\":\"Lettera di Luca De Compadri, figlio del Maestro Fausto De Compadri\",\"datePublished\":\"2011-02-15T20:30:00+00:00\",\"dateModified\":\"2019-10-25T19:30:59+00:00\",\"mainEntityOfPage\":{\"@id\":\"https:\/\/www.aikido-origin.it\/?p=1863\"},\"wordCount\":330,\"publisher\":{\"@id\":\"https:\/\/www.aikido-origin.it\/#organization\"},\"articleSection\":[\"Articoli\"],\"inLanguage\":\"it-IT\"},{\"@type\":\"WebPage\",\"@id\":\"https:\/\/www.aikido-origin.it\/?p=1863\",\"url\":\"https:\/\/www.aikido-origin.it\/?p=1863\",\"name\":\"Lettera di Luca De Compadri, figlio del Maestro Fausto De Compadri - Aikido Origin\",\"isPartOf\":{\"@id\":\"https:\/\/www.aikido-origin.it\/#website\"},\"datePublished\":\"2011-02-15T20:30:00+00:00\",\"dateModified\":\"2019-10-25T19:30:59+00:00\",\"breadcrumb\":{\"@id\":\"https:\/\/www.aikido-origin.it\/?p=1863#breadcrumb\"},\"inLanguage\":\"it-IT\",\"potentialAction\":[{\"@type\":\"ReadAction\",\"target\":[\"https:\/\/www.aikido-origin.it\/?p=1863\"]}]},{\"@type\":\"BreadcrumbList\",\"@id\":\"https:\/\/www.aikido-origin.it\/?p=1863#breadcrumb\",\"itemListElement\":[{\"@type\":\"ListItem\",\"position\":1,\"name\":\"Home\",\"item\":\"https:\/\/www.aikido-origin.it\/\"},{\"@type\":\"ListItem\",\"position\":2,\"name\":\"Lettera di Luca De Compadri, figlio del Maestro Fausto De Compadri\"}]},{\"@type\":\"WebSite\",\"@id\":\"https:\/\/www.aikido-origin.it\/#website\",\"url\":\"https:\/\/www.aikido-origin.it\/\",\"name\":\"Aikido Origin\",\"description\":\"The Art of Peace\",\"publisher\":{\"@id\":\"https:\/\/www.aikido-origin.it\/#organization\"},\"potentialAction\":[{\"@type\":\"SearchAction\",\"target\":{\"@type\":\"EntryPoint\",\"urlTemplate\":\"https:\/\/www.aikido-origin.it\/?s={search_term_string}\"},\"query-input\":{\"@type\":\"PropertyValueSpecification\",\"valueRequired\":true,\"valueName\":\"search_term_string\"}}],\"inLanguage\":\"it-IT\"},{\"@type\":\"Organization\",\"@id\":\"https:\/\/www.aikido-origin.it\/#organization\",\"name\":\"Aikido Origin\",\"url\":\"https:\/\/www.aikido-origin.it\/\",\"logo\":{\"@type\":\"ImageObject\",\"inLanguage\":\"it-IT\",\"@id\":\"https:\/\/www.aikido-origin.it\/#\/schema\/logo\/image\/\",\"url\":\"https:\/\/www.aikido-origin.it\/wordpress\/wp-content\/uploads\/2019\/09\/cropped-AIKIDO-ORIGIN-DEFINITIVO-1-1.png\",\"contentUrl\":\"https:\/\/www.aikido-origin.it\/wordpress\/wp-content\/uploads\/2019\/09\/cropped-AIKIDO-ORIGIN-DEFINITIVO-1-1.png\",\"width\":1002,\"height\":1042,\"caption\":\"Aikido Origin\"},\"image\":{\"@id\":\"https:\/\/www.aikido-origin.it\/#\/schema\/logo\/image\/\"},\"sameAs\":[\"https:\/\/www.facebook.com\/AikidoOrigin\",\"https:\/\/www.youtube.com\/AikidoOrigin\",\"https:\/\/www.instagram.com\/aikido_origin\"]},{\"@type\":\"Person\",\"@id\":\"https:\/\/www.aikido-origin.it\/#\/schema\/person\/5f355cfd81900cfddcbb83493964aae4\",\"name\":\"AdminSensei\",\"image\":{\"@type\":\"ImageObject\",\"inLanguage\":\"it-IT\",\"@id\":\"https:\/\/www.aikido-origin.it\/#\/schema\/person\/image\/\",\"url\":\"https:\/\/secure.gravatar.com\/avatar\/73767cd6cd374cc216306eebd0d67968?s=96&d=mm&r=g\",\"contentUrl\":\"https:\/\/secure.gravatar.com\/avatar\/73767cd6cd374cc216306eebd0d67968?s=96&d=mm&r=g\",\"caption\":\"AdminSensei\"},\"url\":\"https:\/\/www.aikido-origin.it\/?author=1\"}]}<\/script>\n<!-- \/ Yoast SEO plugin. -->","yoast_head_json":{"title":"Lettera di Luca De Compadri, figlio del Maestro Fausto De Compadri - Aikido Origin","robots":{"index":"index","follow":"follow","max-snippet":"max-snippet:-1","max-image-preview":"max-image-preview:large","max-video-preview":"max-video-preview:-1"},"canonical":"https:\/\/www.aikido-origin.it\/?p=1863","og_locale":"it_IT","og_type":"article","og_title":"Lettera di Luca De Compadri, figlio del Maestro Fausto De Compadri - Aikido Origin","og_description":"Divulgo la lettera di Luca, figlio del Maestro Fausto De Compadri con l\u2019ultimo pensiero di Suo padre. A nome di mio Padre rivolgo a voi tutti il Suo ultimo pensiero d&#8217;amore. &#8220;L&#8217;Aikido non \u00e8 il fine ma la strada dello spirito per raggiungere la trascendenza. Il movimento \u00e8 la voce &hellip;","og_url":"https:\/\/www.aikido-origin.it\/?p=1863","og_site_name":"Aikido Origin","article_publisher":"https:\/\/www.facebook.com\/AikidoOrigin","article_published_time":"2011-02-15T20:30:00+00:00","article_modified_time":"2019-10-25T19:30:59+00:00","author":"AdminSensei","twitter_card":"summary_large_image","twitter_misc":{"Scritto da":"AdminSensei","Tempo di lettura stimato":"2 minuti"},"schema":{"@context":"https:\/\/schema.org","@graph":[{"@type":"Article","@id":"https:\/\/www.aikido-origin.it\/?p=1863#article","isPartOf":{"@id":"https:\/\/www.aikido-origin.it\/?p=1863"},"author":{"name":"AdminSensei","@id":"https:\/\/www.aikido-origin.it\/#\/schema\/person\/5f355cfd81900cfddcbb83493964aae4"},"headline":"Lettera di Luca De Compadri, figlio del Maestro Fausto De Compadri","datePublished":"2011-02-15T20:30:00+00:00","dateModified":"2019-10-25T19:30:59+00:00","mainEntityOfPage":{"@id":"https:\/\/www.aikido-origin.it\/?p=1863"},"wordCount":330,"publisher":{"@id":"https:\/\/www.aikido-origin.it\/#organization"},"articleSection":["Articoli"],"inLanguage":"it-IT"},{"@type":"WebPage","@id":"https:\/\/www.aikido-origin.it\/?p=1863","url":"https:\/\/www.aikido-origin.it\/?p=1863","name":"Lettera di Luca De Compadri, figlio del Maestro Fausto De Compadri - Aikido Origin","isPartOf":{"@id":"https:\/\/www.aikido-origin.it\/#website"},"datePublished":"2011-02-15T20:30:00+00:00","dateModified":"2019-10-25T19:30:59+00:00","breadcrumb":{"@id":"https:\/\/www.aikido-origin.it\/?p=1863#breadcrumb"},"inLanguage":"it-IT","potentialAction":[{"@type":"ReadAction","target":["https:\/\/www.aikido-origin.it\/?p=1863"]}]},{"@type":"BreadcrumbList","@id":"https:\/\/www.aikido-origin.it\/?p=1863#breadcrumb","itemListElement":[{"@type":"ListItem","position":1,"name":"Home","item":"https:\/\/www.aikido-origin.it\/"},{"@type":"ListItem","position":2,"name":"Lettera di Luca De Compadri, figlio del Maestro Fausto De Compadri"}]},{"@type":"WebSite","@id":"https:\/\/www.aikido-origin.it\/#website","url":"https:\/\/www.aikido-origin.it\/","name":"Aikido Origin","description":"The Art of Peace","publisher":{"@id":"https:\/\/www.aikido-origin.it\/#organization"},"potentialAction":[{"@type":"SearchAction","target":{"@type":"EntryPoint","urlTemplate":"https:\/\/www.aikido-origin.it\/?s={search_term_string}"},"query-input":{"@type":"PropertyValueSpecification","valueRequired":true,"valueName":"search_term_string"}}],"inLanguage":"it-IT"},{"@type":"Organization","@id":"https:\/\/www.aikido-origin.it\/#organization","name":"Aikido Origin","url":"https:\/\/www.aikido-origin.it\/","logo":{"@type":"ImageObject","inLanguage":"it-IT","@id":"https:\/\/www.aikido-origin.it\/#\/schema\/logo\/image\/","url":"https:\/\/www.aikido-origin.it\/wordpress\/wp-content\/uploads\/2019\/09\/cropped-AIKIDO-ORIGIN-DEFINITIVO-1-1.png","contentUrl":"https:\/\/www.aikido-origin.it\/wordpress\/wp-content\/uploads\/2019\/09\/cropped-AIKIDO-ORIGIN-DEFINITIVO-1-1.png","width":1002,"height":1042,"caption":"Aikido Origin"},"image":{"@id":"https:\/\/www.aikido-origin.it\/#\/schema\/logo\/image\/"},"sameAs":["https:\/\/www.facebook.com\/AikidoOrigin","https:\/\/www.youtube.com\/AikidoOrigin","https:\/\/www.instagram.com\/aikido_origin"]},{"@type":"Person","@id":"https:\/\/www.aikido-origin.it\/#\/schema\/person\/5f355cfd81900cfddcbb83493964aae4","name":"AdminSensei","image":{"@type":"ImageObject","inLanguage":"it-IT","@id":"https:\/\/www.aikido-origin.it\/#\/schema\/person\/image\/","url":"https:\/\/secure.gravatar.com\/avatar\/73767cd6cd374cc216306eebd0d67968?s=96&d=mm&r=g","contentUrl":"https:\/\/secure.gravatar.com\/avatar\/73767cd6cd374cc216306eebd0d67968?s=96&d=mm&r=g","caption":"AdminSensei"},"url":"https:\/\/www.aikido-origin.it\/?author=1"}]}},"jetpack_featured_media_url":"","jetpack_sharing_enabled":true,"_links":{"self":[{"href":"https:\/\/www.aikido-origin.it\/index.php?rest_route=\/wp\/v2\/posts\/1863","targetHints":{"allow":["GET"]}}],"collection":[{"href":"https:\/\/www.aikido-origin.it\/index.php?rest_route=\/wp\/v2\/posts"}],"about":[{"href":"https:\/\/www.aikido-origin.it\/index.php?rest_route=\/wp\/v2\/types\/post"}],"author":[{"embeddable":true,"href":"https:\/\/www.aikido-origin.it\/index.php?rest_route=\/wp\/v2\/users\/1"}],"replies":[{"embeddable":true,"href":"https:\/\/www.aikido-origin.it\/index.php?rest_route=%2Fwp%2Fv2%2Fcomments&post=1863"}],"version-history":[{"count":2,"href":"https:\/\/www.aikido-origin.it\/index.php?rest_route=\/wp\/v2\/posts\/1863\/revisions"}],"predecessor-version":[{"id":1865,"href":"https:\/\/www.aikido-origin.it\/index.php?rest_route=\/wp\/v2\/posts\/1863\/revisions\/1865"}],"wp:attachment":[{"href":"https:\/\/www.aikido-origin.it\/index.php?rest_route=%2Fwp%2Fv2%2Fmedia&parent=1863"}],"wp:term":[{"taxonomy":"category","embeddable":true,"href":"https:\/\/www.aikido-origin.it\/index.php?rest_route=%2Fwp%2Fv2%2Fcategories&post=1863"},{"taxonomy":"post_tag","embeddable":true,"href":"https:\/\/www.aikido-origin.it\/index.php?rest_route=%2Fwp%2Fv2%2Ftags&post=1863"}],"curies":[{"name":"wp","href":"https:\/\/api.w.org\/{rel}","templated":true}]}}