{"id":1952,"date":"2019-12-27T12:30:54","date_gmt":"2019-12-27T11:30:54","guid":{"rendered":"http:\/\/www.aikido-origin.it\/?p=1952"},"modified":"2019-12-27T10:38:43","modified_gmt":"2019-12-27T09:38:43","slug":"aikido-un-nuovo-anno-in-armonia-3","status":"publish","type":"post","link":"https:\/\/www.aikido-origin.it\/?p=1952","title":{"rendered":"AIKIDO: un nuovo anno in Armonia"},"content":{"rendered":"\n<p>L&#8217;Aikido Origin festeggia il 2020 cominciando il nuovo anno con la tradizionale cerimonia giapponese del Kagami Biraki. Nella giornata di <strong>sabato 11 gennaio<\/strong> il Maestro Sandro Lucagnano terr\u00e0 una speciale lezione di Aikido ed un&#8217;esibizione di Aikido aperta a tutti. L&#8217;evento, volto a consolidare il Dojo in un clima di armonia ed affiatamento, culminer\u00e0 con la caratteristica <strong>cena giapponese sul tatami<\/strong>. Un&#8217;esperienza originale assolutamente da provare!<\/p>\n\n\n\n<p>Le lezioni di Aikido sono <strong>aperte a tutti<\/strong> purch\u00e9 regolarmente iscritti ad una federazione ed assicurati; portare con s\u00e9 la licenza della federazione di appartenenza, ken, jo e tanto. Si ricorda che in qualsiasi momento del Seminar sar\u00e0 possibile <strong>assistere gratuitamente<\/strong>. Per informazioni sui costi e sulle iscrizioni dei normali corsi si prega di rivolgersi alla Segreteria la quale sar\u00e0 a disposizione in loco per tutta la durata dell\u2019evento. Si ricorda che da luned\u00ec 6 Gennaio 2020 riprenderanno i corsi di Aikido per donne e uomini di tutte le et\u00e0. Lezioni ogni luned\u00ec, mercoled\u00ec e venerd\u00ec dalle 20.30 alle 22.30.<\/p>\n\n\n\n<p><strong>L&#8217;INGRESSO E&#8217; LIBERO PER GLI SPETTATORI!<\/strong> Il contributo per la partecipazione \u00e8 di 35,00 EURO a persona per l\u2019accesso alle lezioni (quota unica comprensiva della cena) da versare presso la Segreteria all&#8217;inizio dell&#8217;evento. E&#8217; possibile partecipare solamente alla cena con un contributo di 15,00 EURO a persona <strong>(\u00e8 necessaria la prenotazione)<\/strong>. Per ogni informazione e prenotazioni si prega di contattare il Maestro Sandro Lucagnano al numero 347\/6264129 (SMS e WhatsApp). Venite a scoprire l&#8217;Aikido: l&#8217;Arte Marziale della Pace!<\/p>\n\n\n\n<p> <strong>e.mail<\/strong> <a href=\"mailto:aikidovittorioveneto@gmail.com\">info@aikido-origin.it<\/a><br><strong>website<\/strong> <a rel=\"noreferrer noopener\" href=\"http:\/\/www.aikido-vittorioveneto.it\" target=\"_blank\">www.aikido-origin.it<\/a><br><strong>facebook<\/strong> <a rel=\"noreferrer noopener\" href=\"http:\/\/www.facebook.com\/sandro.lucagnano\" target=\"_blank\">www.facebook.com\/AikidoOrigin<\/a><br><strong>youtube<\/strong> <a rel=\"noreferrer noopener\" href=\"http:\/\/www.youtube.com\/aikidoorigin\" target=\"_blank\">www.youtube.com\/AikidoOrigin<\/a> <\/p>\n\n\n\n<div class=\"wp-block-image\"><figure class=\"aligncenter\"><img loading=\"lazy\" decoding=\"async\" width=\"549\" height=\"1024\" src=\"http:\/\/www.aikido-origin.it\/wordpress\/wp-content\/uploads\/2019\/12\/Kagami_Biraki_2020-549x1024.jpg\" alt=\"\" class=\"wp-image-1946\" srcset=\"https:\/\/www.aikido-origin.it\/wordpress\/wp-content\/uploads\/2019\/12\/Kagami_Biraki_2020-549x1024.jpg 549w, https:\/\/www.aikido-origin.it\/wordpress\/wp-content\/uploads\/2019\/12\/Kagami_Biraki_2020-161x300.jpg 161w, https:\/\/www.aikido-origin.it\/wordpress\/wp-content\/uploads\/2019\/12\/Kagami_Biraki_2020-768x1434.jpg 768w, https:\/\/www.aikido-origin.it\/wordpress\/wp-content\/uploads\/2019\/12\/Kagami_Biraki_2020-107x200.jpg 107w, https:\/\/www.aikido-origin.it\/wordpress\/wp-content\/uploads\/2019\/12\/Kagami_Biraki_2020.jpg 1772w\" sizes=\"auto, (max-width: 549px) 100vw, 549px\" \/><figcaption> <br><\/figcaption><\/figure><\/div>\n\n\n\n<p style=\"text-align:center\"><a href=\"http:\/\/www.aikido-origin.it\/wordpress\/wp-content\/uploads\/2019\/12\/Kagami_Biraki_2020.pdf\" target=\"_blank\" rel=\"noreferrer noopener\" aria-label=\"SCARICA LA LOCANDINA IN PDF (si apre in una nuova scheda)\">SCARICA LA LOCANDINA IN PDF<\/a><\/p>\n","protected":false},"excerpt":{"rendered":"<p>L&#8217;Aikido Origin festeggia il 2020 cominciando il nuovo anno con la tradizionale cerimonia giapponese del Kagami Biraki. Nella giornata di sabato 11 gennaio il Maestro Sandro Lucagnano terr\u00e0 una speciale lezione di Aikido ed un&#8217;esibizione di Aikido aperta a tutti. L&#8217;evento, volto a consolidare il Dojo in un clima di &hellip;<\/p>\n","protected":false},"author":1,"featured_media":0,"comment_status":"closed","ping_status":"open","sticky":false,"template":"","format":"standard","meta":{"sfsi_plus_gutenberg_text_before_share":"","sfsi_plus_gutenberg_show_text_before_share":"","sfsi_plus_gutenberg_icon_type":"","sfsi_plus_gutenberg_icon_alignemt":"","sfsi_plus_gutenburg_max_per_row":"","_jetpack_memberships_contains_paid_content":false,"footnotes":""},"categories":[6],"tags":[],"class_list":["post-1952","post","type-post","status-publish","format-standard","hentry","category-articoli"],"yoast_head":"<!-- This site is optimized with the Yoast SEO plugin v25.6 - https:\/\/yoast.com\/wordpress\/plugins\/seo\/ -->\n<title>AIKIDO: un nuovo anno in Armonia - Aikido Origin<\/title>\n<meta name=\"robots\" content=\"index, follow, max-snippet:-1, max-image-preview:large, max-video-preview:-1\" \/>\n<link rel=\"canonical\" href=\"https:\/\/www.aikido-origin.it\/?p=1952\" \/>\n<meta property=\"og:locale\" content=\"it_IT\" \/>\n<meta property=\"og:type\" content=\"article\" \/>\n<meta property=\"og:title\" content=\"AIKIDO: un nuovo anno in Armonia - Aikido Origin\" \/>\n<meta property=\"og:description\" content=\"L&#8217;Aikido Origin festeggia il 2020 cominciando il nuovo anno con la tradizionale cerimonia giapponese del Kagami Biraki. Nella giornata di sabato 11 gennaio il Maestro Sandro Lucagnano terr\u00e0 una speciale lezione di Aikido ed un&#8217;esibizione di Aikido aperta a tutti. L&#8217;evento, volto a consolidare il Dojo in un clima di &hellip;\" \/>\n<meta property=\"og:url\" content=\"https:\/\/www.aikido-origin.it\/?p=1952\" \/>\n<meta property=\"og:site_name\" content=\"Aikido Origin\" \/>\n<meta property=\"article:publisher\" content=\"https:\/\/www.facebook.com\/AikidoOrigin\" \/>\n<meta property=\"article:published_time\" content=\"2019-12-27T11:30:54+00:00\" \/>\n<meta property=\"og:image\" content=\"http:\/\/www.aikido-origin.it\/wordpress\/wp-content\/uploads\/2019\/12\/Kagami_Biraki_2020-549x1024.jpg\" \/>\n<meta name=\"author\" content=\"AdminSensei\" \/>\n<meta name=\"twitter:card\" content=\"summary_large_image\" \/>\n<meta name=\"twitter:label1\" content=\"Scritto da\" \/>\n\t<meta name=\"twitter:data1\" content=\"AdminSensei\" \/>\n\t<meta name=\"twitter:label2\" content=\"Tempo di lettura stimato\" \/>\n\t<meta name=\"twitter:data2\" content=\"1 minuto\" \/>\n<script type=\"application\/ld+json\" class=\"yoast-schema-graph\">{\"@context\":\"https:\/\/schema.org\",\"@graph\":[{\"@type\":\"Article\",\"@id\":\"https:\/\/www.aikido-origin.it\/?p=1952#article\",\"isPartOf\":{\"@id\":\"https:\/\/www.aikido-origin.it\/?p=1952\"},\"author\":{\"name\":\"AdminSensei\",\"@id\":\"https:\/\/www.aikido-origin.it\/#\/schema\/person\/5f355cfd81900cfddcbb83493964aae4\"},\"headline\":\"AIKIDO: un nuovo anno in Armonia\",\"datePublished\":\"2019-12-27T11:30:54+00:00\",\"mainEntityOfPage\":{\"@id\":\"https:\/\/www.aikido-origin.it\/?p=1952\"},\"wordCount\":274,\"publisher\":{\"@id\":\"https:\/\/www.aikido-origin.it\/#organization\"},\"image\":{\"@id\":\"https:\/\/www.aikido-origin.it\/?p=1952#primaryimage\"},\"thumbnailUrl\":\"http:\/\/www.aikido-origin.it\/wordpress\/wp-content\/uploads\/2019\/12\/Kagami_Biraki_2020-549x1024.jpg\",\"articleSection\":[\"Articoli\"],\"inLanguage\":\"it-IT\"},{\"@type\":\"WebPage\",\"@id\":\"https:\/\/www.aikido-origin.it\/?p=1952\",\"url\":\"https:\/\/www.aikido-origin.it\/?p=1952\",\"name\":\"AIKIDO: un nuovo anno in Armonia - Aikido Origin\",\"isPartOf\":{\"@id\":\"https:\/\/www.aikido-origin.it\/#website\"},\"primaryImageOfPage\":{\"@id\":\"https:\/\/www.aikido-origin.it\/?p=1952#primaryimage\"},\"image\":{\"@id\":\"https:\/\/www.aikido-origin.it\/?p=1952#primaryimage\"},\"thumbnailUrl\":\"http:\/\/www.aikido-origin.it\/wordpress\/wp-content\/uploads\/2019\/12\/Kagami_Biraki_2020-549x1024.jpg\",\"datePublished\":\"2019-12-27T11:30:54+00:00\",\"breadcrumb\":{\"@id\":\"https:\/\/www.aikido-origin.it\/?p=1952#breadcrumb\"},\"inLanguage\":\"it-IT\",\"potentialAction\":[{\"@type\":\"ReadAction\",\"target\":[\"https:\/\/www.aikido-origin.it\/?p=1952\"]}]},{\"@type\":\"ImageObject\",\"inLanguage\":\"it-IT\",\"@id\":\"https:\/\/www.aikido-origin.it\/?p=1952#primaryimage\",\"url\":\"https:\/\/www.aikido-origin.it\/wordpress\/wp-content\/uploads\/2019\/12\/Kagami_Biraki_2020.jpg\",\"contentUrl\":\"https:\/\/www.aikido-origin.it\/wordpress\/wp-content\/uploads\/2019\/12\/Kagami_Biraki_2020.jpg\",\"width\":1772,\"height\":3308},{\"@type\":\"BreadcrumbList\",\"@id\":\"https:\/\/www.aikido-origin.it\/?p=1952#breadcrumb\",\"itemListElement\":[{\"@type\":\"ListItem\",\"position\":1,\"name\":\"Home\",\"item\":\"https:\/\/www.aikido-origin.it\/\"},{\"@type\":\"ListItem\",\"position\":2,\"name\":\"AIKIDO: un nuovo anno in Armonia\"}]},{\"@type\":\"WebSite\",\"@id\":\"https:\/\/www.aikido-origin.it\/#website\",\"url\":\"https:\/\/www.aikido-origin.it\/\",\"name\":\"Aikido Origin\",\"description\":\"The Art of Peace\",\"publisher\":{\"@id\":\"https:\/\/www.aikido-origin.it\/#organization\"},\"potentialAction\":[{\"@type\":\"SearchAction\",\"target\":{\"@type\":\"EntryPoint\",\"urlTemplate\":\"https:\/\/www.aikido-origin.it\/?s={search_term_string}\"},\"query-input\":{\"@type\":\"PropertyValueSpecification\",\"valueRequired\":true,\"valueName\":\"search_term_string\"}}],\"inLanguage\":\"it-IT\"},{\"@type\":\"Organization\",\"@id\":\"https:\/\/www.aikido-origin.it\/#organization\",\"name\":\"Aikido Origin\",\"url\":\"https:\/\/www.aikido-origin.it\/\",\"logo\":{\"@type\":\"ImageObject\",\"inLanguage\":\"it-IT\",\"@id\":\"https:\/\/www.aikido-origin.it\/#\/schema\/logo\/image\/\",\"url\":\"https:\/\/www.aikido-origin.it\/wordpress\/wp-content\/uploads\/2019\/09\/cropped-AIKIDO-ORIGIN-DEFINITIVO-1-1.png\",\"contentUrl\":\"https:\/\/www.aikido-origin.it\/wordpress\/wp-content\/uploads\/2019\/09\/cropped-AIKIDO-ORIGIN-DEFINITIVO-1-1.png\",\"width\":1002,\"height\":1042,\"caption\":\"Aikido Origin\"},\"image\":{\"@id\":\"https:\/\/www.aikido-origin.it\/#\/schema\/logo\/image\/\"},\"sameAs\":[\"https:\/\/www.facebook.com\/AikidoOrigin\",\"https:\/\/www.youtube.com\/AikidoOrigin\",\"https:\/\/www.instagram.com\/aikido_origin\"]},{\"@type\":\"Person\",\"@id\":\"https:\/\/www.aikido-origin.it\/#\/schema\/person\/5f355cfd81900cfddcbb83493964aae4\",\"name\":\"AdminSensei\",\"image\":{\"@type\":\"ImageObject\",\"inLanguage\":\"it-IT\",\"@id\":\"https:\/\/www.aikido-origin.it\/#\/schema\/person\/image\/\",\"url\":\"https:\/\/secure.gravatar.com\/avatar\/73767cd6cd374cc216306eebd0d67968?s=96&d=mm&r=g\",\"contentUrl\":\"https:\/\/secure.gravatar.com\/avatar\/73767cd6cd374cc216306eebd0d67968?s=96&d=mm&r=g\",\"caption\":\"AdminSensei\"},\"url\":\"https:\/\/www.aikido-origin.it\/?author=1\"}]}<\/script>\n<!-- \/ Yoast SEO plugin. -->","yoast_head_json":{"title":"AIKIDO: un nuovo anno in Armonia - Aikido Origin","robots":{"index":"index","follow":"follow","max-snippet":"max-snippet:-1","max-image-preview":"max-image-preview:large","max-video-preview":"max-video-preview:-1"},"canonical":"https:\/\/www.aikido-origin.it\/?p=1952","og_locale":"it_IT","og_type":"article","og_title":"AIKIDO: un nuovo anno in Armonia - Aikido Origin","og_description":"L&#8217;Aikido Origin festeggia il 2020 cominciando il nuovo anno con la tradizionale cerimonia giapponese del Kagami Biraki. Nella giornata di sabato 11 gennaio il Maestro Sandro Lucagnano terr\u00e0 una speciale lezione di Aikido ed un&#8217;esibizione di Aikido aperta a tutti. L&#8217;evento, volto a consolidare il Dojo in un clima di &hellip;","og_url":"https:\/\/www.aikido-origin.it\/?p=1952","og_site_name":"Aikido Origin","article_publisher":"https:\/\/www.facebook.com\/AikidoOrigin","article_published_time":"2019-12-27T11:30:54+00:00","og_image":[{"url":"http:\/\/www.aikido-origin.it\/wordpress\/wp-content\/uploads\/2019\/12\/Kagami_Biraki_2020-549x1024.jpg","type":"","width":"","height":""}],"author":"AdminSensei","twitter_card":"summary_large_image","twitter_misc":{"Scritto da":"AdminSensei","Tempo di lettura stimato":"1 minuto"},"schema":{"@context":"https:\/\/schema.org","@graph":[{"@type":"Article","@id":"https:\/\/www.aikido-origin.it\/?p=1952#article","isPartOf":{"@id":"https:\/\/www.aikido-origin.it\/?p=1952"},"author":{"name":"AdminSensei","@id":"https:\/\/www.aikido-origin.it\/#\/schema\/person\/5f355cfd81900cfddcbb83493964aae4"},"headline":"AIKIDO: un nuovo anno in Armonia","datePublished":"2019-12-27T11:30:54+00:00","mainEntityOfPage":{"@id":"https:\/\/www.aikido-origin.it\/?p=1952"},"wordCount":274,"publisher":{"@id":"https:\/\/www.aikido-origin.it\/#organization"},"image":{"@id":"https:\/\/www.aikido-origin.it\/?p=1952#primaryimage"},"thumbnailUrl":"http:\/\/www.aikido-origin.it\/wordpress\/wp-content\/uploads\/2019\/12\/Kagami_Biraki_2020-549x1024.jpg","articleSection":["Articoli"],"inLanguage":"it-IT"},{"@type":"WebPage","@id":"https:\/\/www.aikido-origin.it\/?p=1952","url":"https:\/\/www.aikido-origin.it\/?p=1952","name":"AIKIDO: un nuovo anno in Armonia - Aikido Origin","isPartOf":{"@id":"https:\/\/www.aikido-origin.it\/#website"},"primaryImageOfPage":{"@id":"https:\/\/www.aikido-origin.it\/?p=1952#primaryimage"},"image":{"@id":"https:\/\/www.aikido-origin.it\/?p=1952#primaryimage"},"thumbnailUrl":"http:\/\/www.aikido-origin.it\/wordpress\/wp-content\/uploads\/2019\/12\/Kagami_Biraki_2020-549x1024.jpg","datePublished":"2019-12-27T11:30:54+00:00","breadcrumb":{"@id":"https:\/\/www.aikido-origin.it\/?p=1952#breadcrumb"},"inLanguage":"it-IT","potentialAction":[{"@type":"ReadAction","target":["https:\/\/www.aikido-origin.it\/?p=1952"]}]},{"@type":"ImageObject","inLanguage":"it-IT","@id":"https:\/\/www.aikido-origin.it\/?p=1952#primaryimage","url":"https:\/\/www.aikido-origin.it\/wordpress\/wp-content\/uploads\/2019\/12\/Kagami_Biraki_2020.jpg","contentUrl":"https:\/\/www.aikido-origin.it\/wordpress\/wp-content\/uploads\/2019\/12\/Kagami_Biraki_2020.jpg","width":1772,"height":3308},{"@type":"BreadcrumbList","@id":"https:\/\/www.aikido-origin.it\/?p=1952#breadcrumb","itemListElement":[{"@type":"ListItem","position":1,"name":"Home","item":"https:\/\/www.aikido-origin.it\/"},{"@type":"ListItem","position":2,"name":"AIKIDO: un nuovo anno in Armonia"}]},{"@type":"WebSite","@id":"https:\/\/www.aikido-origin.it\/#website","url":"https:\/\/www.aikido-origin.it\/","name":"Aikido Origin","description":"The Art of Peace","publisher":{"@id":"https:\/\/www.aikido-origin.it\/#organization"},"potentialAction":[{"@type":"SearchAction","target":{"@type":"EntryPoint","urlTemplate":"https:\/\/www.aikido-origin.it\/?s={search_term_string}"},"query-input":{"@type":"PropertyValueSpecification","valueRequired":true,"valueName":"search_term_string"}}],"inLanguage":"it-IT"},{"@type":"Organization","@id":"https:\/\/www.aikido-origin.it\/#organization","name":"Aikido Origin","url":"https:\/\/www.aikido-origin.it\/","logo":{"@type":"ImageObject","inLanguage":"it-IT","@id":"https:\/\/www.aikido-origin.it\/#\/schema\/logo\/image\/","url":"https:\/\/www.aikido-origin.it\/wordpress\/wp-content\/uploads\/2019\/09\/cropped-AIKIDO-ORIGIN-DEFINITIVO-1-1.png","contentUrl":"https:\/\/www.aikido-origin.it\/wordpress\/wp-content\/uploads\/2019\/09\/cropped-AIKIDO-ORIGIN-DEFINITIVO-1-1.png","width":1002,"height":1042,"caption":"Aikido Origin"},"image":{"@id":"https:\/\/www.aikido-origin.it\/#\/schema\/logo\/image\/"},"sameAs":["https:\/\/www.facebook.com\/AikidoOrigin","https:\/\/www.youtube.com\/AikidoOrigin","https:\/\/www.instagram.com\/aikido_origin"]},{"@type":"Person","@id":"https:\/\/www.aikido-origin.it\/#\/schema\/person\/5f355cfd81900cfddcbb83493964aae4","name":"AdminSensei","image":{"@type":"ImageObject","inLanguage":"it-IT","@id":"https:\/\/www.aikido-origin.it\/#\/schema\/person\/image\/","url":"https:\/\/secure.gravatar.com\/avatar\/73767cd6cd374cc216306eebd0d67968?s=96&d=mm&r=g","contentUrl":"https:\/\/secure.gravatar.com\/avatar\/73767cd6cd374cc216306eebd0d67968?s=96&d=mm&r=g","caption":"AdminSensei"},"url":"https:\/\/www.aikido-origin.it\/?author=1"}]}},"jetpack_featured_media_url":"","jetpack_sharing_enabled":true,"_links":{"self":[{"href":"https:\/\/www.aikido-origin.it\/index.php?rest_route=\/wp\/v2\/posts\/1952","targetHints":{"allow":["GET"]}}],"collection":[{"href":"https:\/\/www.aikido-origin.it\/index.php?rest_route=\/wp\/v2\/posts"}],"about":[{"href":"https:\/\/www.aikido-origin.it\/index.php?rest_route=\/wp\/v2\/types\/post"}],"author":[{"embeddable":true,"href":"https:\/\/www.aikido-origin.it\/index.php?rest_route=\/wp\/v2\/users\/1"}],"replies":[{"embeddable":true,"href":"https:\/\/www.aikido-origin.it\/index.php?rest_route=%2Fwp%2Fv2%2Fcomments&post=1952"}],"version-history":[{"count":1,"href":"https:\/\/www.aikido-origin.it\/index.php?rest_route=\/wp\/v2\/posts\/1952\/revisions"}],"predecessor-version":[{"id":1953,"href":"https:\/\/www.aikido-origin.it\/index.php?rest_route=\/wp\/v2\/posts\/1952\/revisions\/1953"}],"wp:attachment":[{"href":"https:\/\/www.aikido-origin.it\/index.php?rest_route=%2Fwp%2Fv2%2Fmedia&parent=1952"}],"wp:term":[{"taxonomy":"category","embeddable":true,"href":"https:\/\/www.aikido-origin.it\/index.php?rest_route=%2Fwp%2Fv2%2Fcategories&post=1952"},{"taxonomy":"post_tag","embeddable":true,"href":"https:\/\/www.aikido-origin.it\/index.php?rest_route=%2Fwp%2Fv2%2Ftags&post=1952"}],"curies":[{"name":"wp","href":"https:\/\/api.w.org\/{rel}","templated":true}]}}