{"id":2062,"date":"2022-09-10T00:54:41","date_gmt":"2022-09-09T22:54:41","guid":{"rendered":"http:\/\/www.aikido-origin.it\/?p=2062"},"modified":"2022-09-10T00:54:41","modified_gmt":"2022-09-09T22:54:41","slug":"19-settembre-2022-inizia-una-nuova-stagione","status":"publish","type":"post","link":"https:\/\/www.aikido-origin.it\/?p=2062","title":{"rendered":"19 Settembre 2022: inizia una nuova stagione!"},"content":{"rendered":"\n<div class=\"wp-block-image\"><figure class=\"aligncenter\"><img loading=\"lazy\" decoding=\"async\" width=\"804\" height=\"214\" src=\"http:\/\/www.aikido-origin.it\/wordpress\/wp-content\/uploads\/2022\/09\/Screenshot-2022-09-09-at-22.47.56.png\" alt=\"\" class=\"wp-image-2064\" srcset=\"https:\/\/www.aikido-origin.it\/wordpress\/wp-content\/uploads\/2022\/09\/Screenshot-2022-09-09-at-22.47.56.png 804w, https:\/\/www.aikido-origin.it\/wordpress\/wp-content\/uploads\/2022\/09\/Screenshot-2022-09-09-at-22.47.56-300x80.png 300w, https:\/\/www.aikido-origin.it\/wordpress\/wp-content\/uploads\/2022\/09\/Screenshot-2022-09-09-at-22.47.56-768x204.png 768w, https:\/\/www.aikido-origin.it\/wordpress\/wp-content\/uploads\/2022\/09\/Screenshot-2022-09-09-at-22.47.56-751x200.png 751w\" sizes=\"auto, (max-width: 804px) 100vw, 804px\" \/><\/figure><\/div>\n\n\n\n<p class=\"has-regular-font-size\">Luned\u00ec 19 settembre ripartono i corsi di Aikido alla <a href=\"http:\/\/www.aikido-origin.it\/?page_id=1200\">Nuova Laneria di Vittorio Veneto<\/a>!<\/p>\n\n\n\n<p class=\"has-regular-font-size\">I corsi come sempre <strong>dalle 20:30 alle 22:30 ogni luned\u00ec e venerd\u00ec<\/strong>.<\/p>\n\n\n\n<p>Su Google l&#8217;attivit\u00e0 risulta chiusa definitivamente per errore, a causa dei passati lock down. Stiamo lavorando per rettificare l&#8217;informazione.<\/p>\n\n\n\n<p>Veniteci a trovare e non esitate a <a href=\"http:\/\/www.aikido-origin.it\/?page_id=1202\">contattarci<\/a>! 2 lezioni di prova sono gratuite!<\/p>\n\n\n\n<div style=\"height:50px\" aria-hidden=\"true\" class=\"wp-block-spacer\"><\/div>\n\n\n\n<div class=\"wp-block-image\"><figure class=\"aligncenter\"><img loading=\"lazy\" decoding=\"async\" width=\"419\" height=\"595\" src=\"http:\/\/www.aikido-origin.it\/wordpress\/wp-content\/uploads\/2022\/09\/VOLANTINO.jpg\" alt=\"\" class=\"wp-image-2067\" srcset=\"https:\/\/www.aikido-origin.it\/wordpress\/wp-content\/uploads\/2022\/09\/VOLANTINO.jpg 419w, https:\/\/www.aikido-origin.it\/wordpress\/wp-content\/uploads\/2022\/09\/VOLANTINO-211x300.jpg 211w, https:\/\/www.aikido-origin.it\/wordpress\/wp-content\/uploads\/2022\/09\/VOLANTINO-141x200.jpg 141w\" sizes=\"auto, (max-width: 419px) 100vw, 419px\" \/><\/figure><\/div>\n","protected":false},"excerpt":{"rendered":"<p>Luned\u00ec 19 settembre ripartono i corsi di Aikido alla Nuova Laneria di Vittorio Veneto! I corsi come sempre dalle 20:30 alle 22:30 ogni luned\u00ec e venerd\u00ec. Su Google l&#8217;attivit\u00e0 risulta chiusa definitivamente per errore, a causa dei passati lock down. Stiamo lavorando per rettificare l&#8217;informazione. Veniteci a trovare e non &hellip;<\/p>\n","protected":false},"author":1,"featured_media":0,"comment_status":"closed","ping_status":"open","sticky":false,"template":"","format":"standard","meta":{"sfsi_plus_gutenberg_text_before_share":"","sfsi_plus_gutenberg_show_text_before_share":"","sfsi_plus_gutenberg_icon_type":"","sfsi_plus_gutenberg_icon_alignemt":"","sfsi_plus_gutenburg_max_per_row":"","_jetpack_memberships_contains_paid_content":false,"footnotes":""},"categories":[6],"tags":[],"class_list":["post-2062","post","type-post","status-publish","format-standard","hentry","category-articoli"],"yoast_head":"<!-- This site is optimized with the Yoast SEO plugin v25.6 - https:\/\/yoast.com\/wordpress\/plugins\/seo\/ -->\n<title>19 Settembre 2022: inizia una nuova stagione! - Aikido Origin<\/title>\n<meta name=\"robots\" content=\"index, follow, max-snippet:-1, max-image-preview:large, max-video-preview:-1\" \/>\n<link rel=\"canonical\" href=\"https:\/\/www.aikido-origin.it\/?p=2062\" \/>\n<meta property=\"og:locale\" content=\"it_IT\" \/>\n<meta property=\"og:type\" content=\"article\" \/>\n<meta property=\"og:title\" content=\"19 Settembre 2022: inizia una nuova stagione! - Aikido Origin\" \/>\n<meta property=\"og:description\" content=\"Luned\u00ec 19 settembre ripartono i corsi di Aikido alla Nuova Laneria di Vittorio Veneto! I corsi come sempre dalle 20:30 alle 22:30 ogni luned\u00ec e venerd\u00ec. Su Google l&#8217;attivit\u00e0 risulta chiusa definitivamente per errore, a causa dei passati lock down. Stiamo lavorando per rettificare l&#8217;informazione. Veniteci a trovare e non &hellip;\" \/>\n<meta property=\"og:url\" content=\"https:\/\/www.aikido-origin.it\/?p=2062\" \/>\n<meta property=\"og:site_name\" content=\"Aikido Origin\" \/>\n<meta property=\"article:publisher\" content=\"https:\/\/www.facebook.com\/AikidoOrigin\" \/>\n<meta property=\"article:published_time\" content=\"2022-09-09T22:54:41+00:00\" \/>\n<meta property=\"og:image\" content=\"http:\/\/www.aikido-origin.it\/wordpress\/wp-content\/uploads\/2022\/09\/Screenshot-2022-09-09-at-22.47.56.png\" \/>\n<meta name=\"author\" content=\"AdminSensei\" \/>\n<meta name=\"twitter:card\" content=\"summary_large_image\" \/>\n<meta name=\"twitter:label1\" content=\"Scritto da\" \/>\n\t<meta name=\"twitter:data1\" content=\"AdminSensei\" \/>\n<script type=\"application\/ld+json\" class=\"yoast-schema-graph\">{\"@context\":\"https:\/\/schema.org\",\"@graph\":[{\"@type\":\"Article\",\"@id\":\"https:\/\/www.aikido-origin.it\/?p=2062#article\",\"isPartOf\":{\"@id\":\"https:\/\/www.aikido-origin.it\/?p=2062\"},\"author\":{\"name\":\"AdminSensei\",\"@id\":\"https:\/\/www.aikido-origin.it\/#\/schema\/person\/5f355cfd81900cfddcbb83493964aae4\"},\"headline\":\"19 Settembre 2022: inizia una nuova stagione!\",\"datePublished\":\"2022-09-09T22:54:41+00:00\",\"mainEntityOfPage\":{\"@id\":\"https:\/\/www.aikido-origin.it\/?p=2062\"},\"wordCount\":62,\"publisher\":{\"@id\":\"https:\/\/www.aikido-origin.it\/#organization\"},\"image\":{\"@id\":\"https:\/\/www.aikido-origin.it\/?p=2062#primaryimage\"},\"thumbnailUrl\":\"http:\/\/www.aikido-origin.it\/wordpress\/wp-content\/uploads\/2022\/09\/Screenshot-2022-09-09-at-22.47.56.png\",\"articleSection\":[\"Articoli\"],\"inLanguage\":\"it-IT\"},{\"@type\":\"WebPage\",\"@id\":\"https:\/\/www.aikido-origin.it\/?p=2062\",\"url\":\"https:\/\/www.aikido-origin.it\/?p=2062\",\"name\":\"19 Settembre 2022: inizia una nuova stagione! - Aikido Origin\",\"isPartOf\":{\"@id\":\"https:\/\/www.aikido-origin.it\/#website\"},\"primaryImageOfPage\":{\"@id\":\"https:\/\/www.aikido-origin.it\/?p=2062#primaryimage\"},\"image\":{\"@id\":\"https:\/\/www.aikido-origin.it\/?p=2062#primaryimage\"},\"thumbnailUrl\":\"http:\/\/www.aikido-origin.it\/wordpress\/wp-content\/uploads\/2022\/09\/Screenshot-2022-09-09-at-22.47.56.png\",\"datePublished\":\"2022-09-09T22:54:41+00:00\",\"breadcrumb\":{\"@id\":\"https:\/\/www.aikido-origin.it\/?p=2062#breadcrumb\"},\"inLanguage\":\"it-IT\",\"potentialAction\":[{\"@type\":\"ReadAction\",\"target\":[\"https:\/\/www.aikido-origin.it\/?p=2062\"]}]},{\"@type\":\"ImageObject\",\"inLanguage\":\"it-IT\",\"@id\":\"https:\/\/www.aikido-origin.it\/?p=2062#primaryimage\",\"url\":\"https:\/\/www.aikido-origin.it\/wordpress\/wp-content\/uploads\/2022\/09\/Screenshot-2022-09-09-at-22.47.56.png\",\"contentUrl\":\"https:\/\/www.aikido-origin.it\/wordpress\/wp-content\/uploads\/2022\/09\/Screenshot-2022-09-09-at-22.47.56.png\",\"width\":804,\"height\":214},{\"@type\":\"BreadcrumbList\",\"@id\":\"https:\/\/www.aikido-origin.it\/?p=2062#breadcrumb\",\"itemListElement\":[{\"@type\":\"ListItem\",\"position\":1,\"name\":\"Home\",\"item\":\"https:\/\/www.aikido-origin.it\/\"},{\"@type\":\"ListItem\",\"position\":2,\"name\":\"19 Settembre 2022: inizia una nuova stagione!\"}]},{\"@type\":\"WebSite\",\"@id\":\"https:\/\/www.aikido-origin.it\/#website\",\"url\":\"https:\/\/www.aikido-origin.it\/\",\"name\":\"Aikido Origin\",\"description\":\"The Art of Peace\",\"publisher\":{\"@id\":\"https:\/\/www.aikido-origin.it\/#organization\"},\"potentialAction\":[{\"@type\":\"SearchAction\",\"target\":{\"@type\":\"EntryPoint\",\"urlTemplate\":\"https:\/\/www.aikido-origin.it\/?s={search_term_string}\"},\"query-input\":{\"@type\":\"PropertyValueSpecification\",\"valueRequired\":true,\"valueName\":\"search_term_string\"}}],\"inLanguage\":\"it-IT\"},{\"@type\":\"Organization\",\"@id\":\"https:\/\/www.aikido-origin.it\/#organization\",\"name\":\"Aikido Origin\",\"url\":\"https:\/\/www.aikido-origin.it\/\",\"logo\":{\"@type\":\"ImageObject\",\"inLanguage\":\"it-IT\",\"@id\":\"https:\/\/www.aikido-origin.it\/#\/schema\/logo\/image\/\",\"url\":\"https:\/\/www.aikido-origin.it\/wordpress\/wp-content\/uploads\/2019\/09\/cropped-AIKIDO-ORIGIN-DEFINITIVO-1-1.png\",\"contentUrl\":\"https:\/\/www.aikido-origin.it\/wordpress\/wp-content\/uploads\/2019\/09\/cropped-AIKIDO-ORIGIN-DEFINITIVO-1-1.png\",\"width\":1002,\"height\":1042,\"caption\":\"Aikido Origin\"},\"image\":{\"@id\":\"https:\/\/www.aikido-origin.it\/#\/schema\/logo\/image\/\"},\"sameAs\":[\"https:\/\/www.facebook.com\/AikidoOrigin\",\"https:\/\/www.youtube.com\/AikidoOrigin\",\"https:\/\/www.instagram.com\/aikido_origin\"]},{\"@type\":\"Person\",\"@id\":\"https:\/\/www.aikido-origin.it\/#\/schema\/person\/5f355cfd81900cfddcbb83493964aae4\",\"name\":\"AdminSensei\",\"image\":{\"@type\":\"ImageObject\",\"inLanguage\":\"it-IT\",\"@id\":\"https:\/\/www.aikido-origin.it\/#\/schema\/person\/image\/\",\"url\":\"https:\/\/secure.gravatar.com\/avatar\/73767cd6cd374cc216306eebd0d67968?s=96&d=mm&r=g\",\"contentUrl\":\"https:\/\/secure.gravatar.com\/avatar\/73767cd6cd374cc216306eebd0d67968?s=96&d=mm&r=g\",\"caption\":\"AdminSensei\"},\"url\":\"https:\/\/www.aikido-origin.it\/?author=1\"}]}<\/script>\n<!-- \/ Yoast SEO plugin. -->","yoast_head_json":{"title":"19 Settembre 2022: inizia una nuova stagione! - Aikido Origin","robots":{"index":"index","follow":"follow","max-snippet":"max-snippet:-1","max-image-preview":"max-image-preview:large","max-video-preview":"max-video-preview:-1"},"canonical":"https:\/\/www.aikido-origin.it\/?p=2062","og_locale":"it_IT","og_type":"article","og_title":"19 Settembre 2022: inizia una nuova stagione! - Aikido Origin","og_description":"Luned\u00ec 19 settembre ripartono i corsi di Aikido alla Nuova Laneria di Vittorio Veneto! I corsi come sempre dalle 20:30 alle 22:30 ogni luned\u00ec e venerd\u00ec. Su Google l&#8217;attivit\u00e0 risulta chiusa definitivamente per errore, a causa dei passati lock down. Stiamo lavorando per rettificare l&#8217;informazione. Veniteci a trovare e non &hellip;","og_url":"https:\/\/www.aikido-origin.it\/?p=2062","og_site_name":"Aikido Origin","article_publisher":"https:\/\/www.facebook.com\/AikidoOrigin","article_published_time":"2022-09-09T22:54:41+00:00","og_image":[{"url":"http:\/\/www.aikido-origin.it\/wordpress\/wp-content\/uploads\/2022\/09\/Screenshot-2022-09-09-at-22.47.56.png","type":"","width":"","height":""}],"author":"AdminSensei","twitter_card":"summary_large_image","twitter_misc":{"Scritto da":"AdminSensei"},"schema":{"@context":"https:\/\/schema.org","@graph":[{"@type":"Article","@id":"https:\/\/www.aikido-origin.it\/?p=2062#article","isPartOf":{"@id":"https:\/\/www.aikido-origin.it\/?p=2062"},"author":{"name":"AdminSensei","@id":"https:\/\/www.aikido-origin.it\/#\/schema\/person\/5f355cfd81900cfddcbb83493964aae4"},"headline":"19 Settembre 2022: inizia una nuova stagione!","datePublished":"2022-09-09T22:54:41+00:00","mainEntityOfPage":{"@id":"https:\/\/www.aikido-origin.it\/?p=2062"},"wordCount":62,"publisher":{"@id":"https:\/\/www.aikido-origin.it\/#organization"},"image":{"@id":"https:\/\/www.aikido-origin.it\/?p=2062#primaryimage"},"thumbnailUrl":"http:\/\/www.aikido-origin.it\/wordpress\/wp-content\/uploads\/2022\/09\/Screenshot-2022-09-09-at-22.47.56.png","articleSection":["Articoli"],"inLanguage":"it-IT"},{"@type":"WebPage","@id":"https:\/\/www.aikido-origin.it\/?p=2062","url":"https:\/\/www.aikido-origin.it\/?p=2062","name":"19 Settembre 2022: inizia una nuova stagione! - Aikido Origin","isPartOf":{"@id":"https:\/\/www.aikido-origin.it\/#website"},"primaryImageOfPage":{"@id":"https:\/\/www.aikido-origin.it\/?p=2062#primaryimage"},"image":{"@id":"https:\/\/www.aikido-origin.it\/?p=2062#primaryimage"},"thumbnailUrl":"http:\/\/www.aikido-origin.it\/wordpress\/wp-content\/uploads\/2022\/09\/Screenshot-2022-09-09-at-22.47.56.png","datePublished":"2022-09-09T22:54:41+00:00","breadcrumb":{"@id":"https:\/\/www.aikido-origin.it\/?p=2062#breadcrumb"},"inLanguage":"it-IT","potentialAction":[{"@type":"ReadAction","target":["https:\/\/www.aikido-origin.it\/?p=2062"]}]},{"@type":"ImageObject","inLanguage":"it-IT","@id":"https:\/\/www.aikido-origin.it\/?p=2062#primaryimage","url":"https:\/\/www.aikido-origin.it\/wordpress\/wp-content\/uploads\/2022\/09\/Screenshot-2022-09-09-at-22.47.56.png","contentUrl":"https:\/\/www.aikido-origin.it\/wordpress\/wp-content\/uploads\/2022\/09\/Screenshot-2022-09-09-at-22.47.56.png","width":804,"height":214},{"@type":"BreadcrumbList","@id":"https:\/\/www.aikido-origin.it\/?p=2062#breadcrumb","itemListElement":[{"@type":"ListItem","position":1,"name":"Home","item":"https:\/\/www.aikido-origin.it\/"},{"@type":"ListItem","position":2,"name":"19 Settembre 2022: inizia una nuova stagione!"}]},{"@type":"WebSite","@id":"https:\/\/www.aikido-origin.it\/#website","url":"https:\/\/www.aikido-origin.it\/","name":"Aikido Origin","description":"The Art of Peace","publisher":{"@id":"https:\/\/www.aikido-origin.it\/#organization"},"potentialAction":[{"@type":"SearchAction","target":{"@type":"EntryPoint","urlTemplate":"https:\/\/www.aikido-origin.it\/?s={search_term_string}"},"query-input":{"@type":"PropertyValueSpecification","valueRequired":true,"valueName":"search_term_string"}}],"inLanguage":"it-IT"},{"@type":"Organization","@id":"https:\/\/www.aikido-origin.it\/#organization","name":"Aikido Origin","url":"https:\/\/www.aikido-origin.it\/","logo":{"@type":"ImageObject","inLanguage":"it-IT","@id":"https:\/\/www.aikido-origin.it\/#\/schema\/logo\/image\/","url":"https:\/\/www.aikido-origin.it\/wordpress\/wp-content\/uploads\/2019\/09\/cropped-AIKIDO-ORIGIN-DEFINITIVO-1-1.png","contentUrl":"https:\/\/www.aikido-origin.it\/wordpress\/wp-content\/uploads\/2019\/09\/cropped-AIKIDO-ORIGIN-DEFINITIVO-1-1.png","width":1002,"height":1042,"caption":"Aikido Origin"},"image":{"@id":"https:\/\/www.aikido-origin.it\/#\/schema\/logo\/image\/"},"sameAs":["https:\/\/www.facebook.com\/AikidoOrigin","https:\/\/www.youtube.com\/AikidoOrigin","https:\/\/www.instagram.com\/aikido_origin"]},{"@type":"Person","@id":"https:\/\/www.aikido-origin.it\/#\/schema\/person\/5f355cfd81900cfddcbb83493964aae4","name":"AdminSensei","image":{"@type":"ImageObject","inLanguage":"it-IT","@id":"https:\/\/www.aikido-origin.it\/#\/schema\/person\/image\/","url":"https:\/\/secure.gravatar.com\/avatar\/73767cd6cd374cc216306eebd0d67968?s=96&d=mm&r=g","contentUrl":"https:\/\/secure.gravatar.com\/avatar\/73767cd6cd374cc216306eebd0d67968?s=96&d=mm&r=g","caption":"AdminSensei"},"url":"https:\/\/www.aikido-origin.it\/?author=1"}]}},"jetpack_featured_media_url":"","jetpack_sharing_enabled":true,"_links":{"self":[{"href":"https:\/\/www.aikido-origin.it\/index.php?rest_route=\/wp\/v2\/posts\/2062","targetHints":{"allow":["GET"]}}],"collection":[{"href":"https:\/\/www.aikido-origin.it\/index.php?rest_route=\/wp\/v2\/posts"}],"about":[{"href":"https:\/\/www.aikido-origin.it\/index.php?rest_route=\/wp\/v2\/types\/post"}],"author":[{"embeddable":true,"href":"https:\/\/www.aikido-origin.it\/index.php?rest_route=\/wp\/v2\/users\/1"}],"replies":[{"embeddable":true,"href":"https:\/\/www.aikido-origin.it\/index.php?rest_route=%2Fwp%2Fv2%2Fcomments&post=2062"}],"version-history":[{"count":5,"href":"https:\/\/www.aikido-origin.it\/index.php?rest_route=\/wp\/v2\/posts\/2062\/revisions"}],"predecessor-version":[{"id":2071,"href":"https:\/\/www.aikido-origin.it\/index.php?rest_route=\/wp\/v2\/posts\/2062\/revisions\/2071"}],"wp:attachment":[{"href":"https:\/\/www.aikido-origin.it\/index.php?rest_route=%2Fwp%2Fv2%2Fmedia&parent=2062"}],"wp:term":[{"taxonomy":"category","embeddable":true,"href":"https:\/\/www.aikido-origin.it\/index.php?rest_route=%2Fwp%2Fv2%2Fcategories&post=2062"},{"taxonomy":"post_tag","embeddable":true,"href":"https:\/\/www.aikido-origin.it\/index.php?rest_route=%2Fwp%2Fv2%2Ftags&post=2062"}],"curies":[{"name":"wp","href":"https:\/\/api.w.org\/{rel}","templated":true}]}}