{"id":2085,"date":"2023-09-12T23:25:36","date_gmt":"2023-09-12T21:25:36","guid":{"rendered":"http:\/\/www.aikido-origin.it\/?p=2085"},"modified":"2023-09-27T22:00:31","modified_gmt":"2023-09-27T20:00:31","slug":"dal-25-settembre-riprendono-i-corsi-di-aikido","status":"publish","type":"post","link":"https:\/\/www.aikido-origin.it\/?p=2085","title":{"rendered":"Dal 25 settembre riprendono i corsi di Aikido"},"content":{"rendered":"\n<p style=\"font-size:22px\" class=\"has-text-color has-accent-2-color\">Nuovo anno, nuova location, stessa passione!<\/p>\n\n\n\n<p>Il 25 settembre vedr\u00e0 la ripresa delle attivit\u00e0 dell\u2019Aikido Origin in una nuova location tutta incentrata sulle arti marziali, sport da combattimento e fitness: il Round1 (ex Gym&amp;Tonic) in via delle Busate 10 a Vittorio Veneto. Trovate <a href=\"http:\/\/www.aikido-origin.it\/?page_id=1200\">qui<\/a> maggiori informazioni su come raggiungerci.<\/p>\n\n\n\n<p>I giorni delle lezioni sono sempre gli stessi, cambia leggermente l\u2019orario:<\/p>\n\n\n\n<ul class=\"wp-block-list\"><li>luned\u00ec 20:30-22:00<\/li><li>venerd\u00ec 20:30-22:00<\/li><\/ul>\n\n\n\n<p>Il Maestro Sandro Lucagnano, promosso 5\u00b0dan Aikikai all\u2019Hombu Dojo di Tokyo, vi aspetta col suo gruppo affiatato e con la sua instancabile passione per insegnarvi l\u2019&#8221;arte marziale della pace&#8221;. Spesso viene chiamata cos\u00ec ma non perch\u00e9 affronti gli avversari con balli hippy e nastri arcobaleno: la filosofia \u00e8 preservare la vita dell\u2019avversario evitando di portare colpi mortali. Ma nemmeno carezze. Lo scopo \u00e8 imparare a difendersi anche da pi\u00f9 aggressori contemporaneamente, sfruttando la loro forza a nostro vantaggio per uscire da una situazione pericolosa ed eventualmente bloccare a terra le peggiori intenzioni. Grandi o piccoli che siamo. Lo studio delle armi classiche (spada, bastone, coltello) aiuta a comprendere i movimenti delle tecniche a mano nuda, allena la percezione della distanza e la coordinazione. Il tutto condito dalla rigorosa disciplina giapponese, che insegna il rispetto e l\u2019etichetta.<\/p>\n\n\n\n<p style=\"text-align:center\" class=\"has-text-color has-large-font-size has-accent-2-color\"><strong>Vieni a provare, la prima lezione \u00e8 gratuita!&nbsp;<\/strong><\/p>\n\n\n\n<div class=\"wp-block-button aligncenter\"><a class=\"wp-block-button__link has-background has-accent-1-background-color\" href=\"http:\/\/www.aikido-origin.it\/?page_id=1202\">CONTATTACI!<\/a><\/div>\n\n\n\n<div class=\"wp-block-image\"><figure class=\"aligncenter\"><img loading=\"lazy\" decoding=\"async\" width=\"717\" height=\"1024\" src=\"http:\/\/www.aikido-origin.it\/wordpress\/wp-content\/uploads\/2023\/09\/image-717x1024.png\" alt=\"\" class=\"wp-image-2086\" srcset=\"https:\/\/www.aikido-origin.it\/wordpress\/wp-content\/uploads\/2023\/09\/image-717x1024.png 717w, https:\/\/www.aikido-origin.it\/wordpress\/wp-content\/uploads\/2023\/09\/image-210x300.png 210w, https:\/\/www.aikido-origin.it\/wordpress\/wp-content\/uploads\/2023\/09\/image-768x1097.png 768w, https:\/\/www.aikido-origin.it\/wordpress\/wp-content\/uploads\/2023\/09\/image-140x200.png 140w, https:\/\/www.aikido-origin.it\/wordpress\/wp-content\/uploads\/2023\/09\/image.png 1120w\" sizes=\"auto, (max-width: 717px) 100vw, 717px\" \/><\/figure><\/div>\n","protected":false},"excerpt":{"rendered":"<p>Nuovo anno, nuova location, stessa passione! Il 25 settembre vedr\u00e0 la ripresa delle attivit\u00e0 dell\u2019Aikido Origin in una nuova location tutta incentrata sulle arti marziali, sport da combattimento e fitness: il Round1 (ex Gym&amp;Tonic) in via delle Busate 10 a Vittorio Veneto. Trovate qui maggiori informazioni su come raggiungerci. I &hellip;<\/p>\n","protected":false},"author":1,"featured_media":0,"comment_status":"closed","ping_status":"open","sticky":false,"template":"","format":"standard","meta":{"sfsi_plus_gutenberg_text_before_share":"","sfsi_plus_gutenberg_show_text_before_share":"","sfsi_plus_gutenberg_icon_type":"","sfsi_plus_gutenberg_icon_alignemt":"","sfsi_plus_gutenburg_max_per_row":"","_jetpack_memberships_contains_paid_content":false,"footnotes":""},"categories":[6],"tags":[],"class_list":["post-2085","post","type-post","status-publish","format-standard","hentry","category-articoli"],"yoast_head":"<!-- This site is optimized with the Yoast SEO plugin v25.6 - https:\/\/yoast.com\/wordpress\/plugins\/seo\/ -->\n<title>Dal 25 settembre riprendono i corsi di Aikido - Aikido Origin<\/title>\n<meta name=\"robots\" content=\"index, follow, max-snippet:-1, max-image-preview:large, max-video-preview:-1\" \/>\n<link rel=\"canonical\" href=\"https:\/\/www.aikido-origin.it\/?p=2085\" \/>\n<meta property=\"og:locale\" content=\"it_IT\" \/>\n<meta property=\"og:type\" content=\"article\" \/>\n<meta property=\"og:title\" content=\"Dal 25 settembre riprendono i corsi di Aikido - Aikido Origin\" \/>\n<meta property=\"og:description\" content=\"Nuovo anno, nuova location, stessa passione! Il 25 settembre vedr\u00e0 la ripresa delle attivit\u00e0 dell\u2019Aikido Origin in una nuova location tutta incentrata sulle arti marziali, sport da combattimento e fitness: il Round1 (ex Gym&amp;Tonic) in via delle Busate 10 a Vittorio Veneto. Trovate qui maggiori informazioni su come raggiungerci. I &hellip;\" \/>\n<meta property=\"og:url\" content=\"https:\/\/www.aikido-origin.it\/?p=2085\" \/>\n<meta property=\"og:site_name\" content=\"Aikido Origin\" \/>\n<meta property=\"article:publisher\" content=\"https:\/\/www.facebook.com\/AikidoOrigin\" \/>\n<meta property=\"article:published_time\" content=\"2023-09-12T21:25:36+00:00\" \/>\n<meta property=\"article:modified_time\" content=\"2023-09-27T20:00:31+00:00\" \/>\n<meta property=\"og:image\" content=\"http:\/\/www.aikido-origin.it\/wordpress\/wp-content\/uploads\/2023\/09\/image-717x1024.png\" \/>\n<meta name=\"author\" content=\"AdminSensei\" \/>\n<meta name=\"twitter:card\" content=\"summary_large_image\" \/>\n<meta name=\"twitter:label1\" content=\"Scritto da\" \/>\n\t<meta name=\"twitter:data1\" content=\"AdminSensei\" \/>\n\t<meta name=\"twitter:label2\" content=\"Tempo di lettura stimato\" \/>\n\t<meta name=\"twitter:data2\" content=\"1 minuto\" \/>\n<script type=\"application\/ld+json\" class=\"yoast-schema-graph\">{\"@context\":\"https:\/\/schema.org\",\"@graph\":[{\"@type\":\"Article\",\"@id\":\"https:\/\/www.aikido-origin.it\/?p=2085#article\",\"isPartOf\":{\"@id\":\"https:\/\/www.aikido-origin.it\/?p=2085\"},\"author\":{\"name\":\"AdminSensei\",\"@id\":\"https:\/\/www.aikido-origin.it\/#\/schema\/person\/5f355cfd81900cfddcbb83493964aae4\"},\"headline\":\"Dal 25 settembre riprendono i corsi di Aikido\",\"datePublished\":\"2023-09-12T21:25:36+00:00\",\"dateModified\":\"2023-09-27T20:00:31+00:00\",\"mainEntityOfPage\":{\"@id\":\"https:\/\/www.aikido-origin.it\/?p=2085\"},\"wordCount\":220,\"publisher\":{\"@id\":\"https:\/\/www.aikido-origin.it\/#organization\"},\"image\":{\"@id\":\"https:\/\/www.aikido-origin.it\/?p=2085#primaryimage\"},\"thumbnailUrl\":\"http:\/\/www.aikido-origin.it\/wordpress\/wp-content\/uploads\/2023\/09\/image-717x1024.png\",\"articleSection\":[\"Articoli\"],\"inLanguage\":\"it-IT\"},{\"@type\":\"WebPage\",\"@id\":\"https:\/\/www.aikido-origin.it\/?p=2085\",\"url\":\"https:\/\/www.aikido-origin.it\/?p=2085\",\"name\":\"Dal 25 settembre riprendono i corsi di Aikido - Aikido Origin\",\"isPartOf\":{\"@id\":\"https:\/\/www.aikido-origin.it\/#website\"},\"primaryImageOfPage\":{\"@id\":\"https:\/\/www.aikido-origin.it\/?p=2085#primaryimage\"},\"image\":{\"@id\":\"https:\/\/www.aikido-origin.it\/?p=2085#primaryimage\"},\"thumbnailUrl\":\"http:\/\/www.aikido-origin.it\/wordpress\/wp-content\/uploads\/2023\/09\/image-717x1024.png\",\"datePublished\":\"2023-09-12T21:25:36+00:00\",\"dateModified\":\"2023-09-27T20:00:31+00:00\",\"breadcrumb\":{\"@id\":\"https:\/\/www.aikido-origin.it\/?p=2085#breadcrumb\"},\"inLanguage\":\"it-IT\",\"potentialAction\":[{\"@type\":\"ReadAction\",\"target\":[\"https:\/\/www.aikido-origin.it\/?p=2085\"]}]},{\"@type\":\"ImageObject\",\"inLanguage\":\"it-IT\",\"@id\":\"https:\/\/www.aikido-origin.it\/?p=2085#primaryimage\",\"url\":\"https:\/\/www.aikido-origin.it\/wordpress\/wp-content\/uploads\/2023\/09\/image.png\",\"contentUrl\":\"https:\/\/www.aikido-origin.it\/wordpress\/wp-content\/uploads\/2023\/09\/image.png\",\"width\":1120,\"height\":1600},{\"@type\":\"BreadcrumbList\",\"@id\":\"https:\/\/www.aikido-origin.it\/?p=2085#breadcrumb\",\"itemListElement\":[{\"@type\":\"ListItem\",\"position\":1,\"name\":\"Home\",\"item\":\"https:\/\/www.aikido-origin.it\/\"},{\"@type\":\"ListItem\",\"position\":2,\"name\":\"Dal 25 settembre riprendono i corsi di Aikido\"}]},{\"@type\":\"WebSite\",\"@id\":\"https:\/\/www.aikido-origin.it\/#website\",\"url\":\"https:\/\/www.aikido-origin.it\/\",\"name\":\"Aikido Origin\",\"description\":\"The Art of Peace\",\"publisher\":{\"@id\":\"https:\/\/www.aikido-origin.it\/#organization\"},\"potentialAction\":[{\"@type\":\"SearchAction\",\"target\":{\"@type\":\"EntryPoint\",\"urlTemplate\":\"https:\/\/www.aikido-origin.it\/?s={search_term_string}\"},\"query-input\":{\"@type\":\"PropertyValueSpecification\",\"valueRequired\":true,\"valueName\":\"search_term_string\"}}],\"inLanguage\":\"it-IT\"},{\"@type\":\"Organization\",\"@id\":\"https:\/\/www.aikido-origin.it\/#organization\",\"name\":\"Aikido Origin\",\"url\":\"https:\/\/www.aikido-origin.it\/\",\"logo\":{\"@type\":\"ImageObject\",\"inLanguage\":\"it-IT\",\"@id\":\"https:\/\/www.aikido-origin.it\/#\/schema\/logo\/image\/\",\"url\":\"https:\/\/www.aikido-origin.it\/wordpress\/wp-content\/uploads\/2019\/09\/cropped-AIKIDO-ORIGIN-DEFINITIVO-1-1.png\",\"contentUrl\":\"https:\/\/www.aikido-origin.it\/wordpress\/wp-content\/uploads\/2019\/09\/cropped-AIKIDO-ORIGIN-DEFINITIVO-1-1.png\",\"width\":1002,\"height\":1042,\"caption\":\"Aikido Origin\"},\"image\":{\"@id\":\"https:\/\/www.aikido-origin.it\/#\/schema\/logo\/image\/\"},\"sameAs\":[\"https:\/\/www.facebook.com\/AikidoOrigin\",\"https:\/\/www.youtube.com\/AikidoOrigin\",\"https:\/\/www.instagram.com\/aikido_origin\"]},{\"@type\":\"Person\",\"@id\":\"https:\/\/www.aikido-origin.it\/#\/schema\/person\/5f355cfd81900cfddcbb83493964aae4\",\"name\":\"AdminSensei\",\"image\":{\"@type\":\"ImageObject\",\"inLanguage\":\"it-IT\",\"@id\":\"https:\/\/www.aikido-origin.it\/#\/schema\/person\/image\/\",\"url\":\"https:\/\/secure.gravatar.com\/avatar\/73767cd6cd374cc216306eebd0d67968?s=96&d=mm&r=g\",\"contentUrl\":\"https:\/\/secure.gravatar.com\/avatar\/73767cd6cd374cc216306eebd0d67968?s=96&d=mm&r=g\",\"caption\":\"AdminSensei\"},\"url\":\"https:\/\/www.aikido-origin.it\/?author=1\"}]}<\/script>\n<!-- \/ Yoast SEO plugin. -->","yoast_head_json":{"title":"Dal 25 settembre riprendono i corsi di Aikido - Aikido Origin","robots":{"index":"index","follow":"follow","max-snippet":"max-snippet:-1","max-image-preview":"max-image-preview:large","max-video-preview":"max-video-preview:-1"},"canonical":"https:\/\/www.aikido-origin.it\/?p=2085","og_locale":"it_IT","og_type":"article","og_title":"Dal 25 settembre riprendono i corsi di Aikido - Aikido Origin","og_description":"Nuovo anno, nuova location, stessa passione! Il 25 settembre vedr\u00e0 la ripresa delle attivit\u00e0 dell\u2019Aikido Origin in una nuova location tutta incentrata sulle arti marziali, sport da combattimento e fitness: il Round1 (ex Gym&amp;Tonic) in via delle Busate 10 a Vittorio Veneto. Trovate qui maggiori informazioni su come raggiungerci. I &hellip;","og_url":"https:\/\/www.aikido-origin.it\/?p=2085","og_site_name":"Aikido Origin","article_publisher":"https:\/\/www.facebook.com\/AikidoOrigin","article_published_time":"2023-09-12T21:25:36+00:00","article_modified_time":"2023-09-27T20:00:31+00:00","og_image":[{"url":"http:\/\/www.aikido-origin.it\/wordpress\/wp-content\/uploads\/2023\/09\/image-717x1024.png","type":"","width":"","height":""}],"author":"AdminSensei","twitter_card":"summary_large_image","twitter_misc":{"Scritto da":"AdminSensei","Tempo di lettura stimato":"1 minuto"},"schema":{"@context":"https:\/\/schema.org","@graph":[{"@type":"Article","@id":"https:\/\/www.aikido-origin.it\/?p=2085#article","isPartOf":{"@id":"https:\/\/www.aikido-origin.it\/?p=2085"},"author":{"name":"AdminSensei","@id":"https:\/\/www.aikido-origin.it\/#\/schema\/person\/5f355cfd81900cfddcbb83493964aae4"},"headline":"Dal 25 settembre riprendono i corsi di Aikido","datePublished":"2023-09-12T21:25:36+00:00","dateModified":"2023-09-27T20:00:31+00:00","mainEntityOfPage":{"@id":"https:\/\/www.aikido-origin.it\/?p=2085"},"wordCount":220,"publisher":{"@id":"https:\/\/www.aikido-origin.it\/#organization"},"image":{"@id":"https:\/\/www.aikido-origin.it\/?p=2085#primaryimage"},"thumbnailUrl":"http:\/\/www.aikido-origin.it\/wordpress\/wp-content\/uploads\/2023\/09\/image-717x1024.png","articleSection":["Articoli"],"inLanguage":"it-IT"},{"@type":"WebPage","@id":"https:\/\/www.aikido-origin.it\/?p=2085","url":"https:\/\/www.aikido-origin.it\/?p=2085","name":"Dal 25 settembre riprendono i corsi di Aikido - Aikido Origin","isPartOf":{"@id":"https:\/\/www.aikido-origin.it\/#website"},"primaryImageOfPage":{"@id":"https:\/\/www.aikido-origin.it\/?p=2085#primaryimage"},"image":{"@id":"https:\/\/www.aikido-origin.it\/?p=2085#primaryimage"},"thumbnailUrl":"http:\/\/www.aikido-origin.it\/wordpress\/wp-content\/uploads\/2023\/09\/image-717x1024.png","datePublished":"2023-09-12T21:25:36+00:00","dateModified":"2023-09-27T20:00:31+00:00","breadcrumb":{"@id":"https:\/\/www.aikido-origin.it\/?p=2085#breadcrumb"},"inLanguage":"it-IT","potentialAction":[{"@type":"ReadAction","target":["https:\/\/www.aikido-origin.it\/?p=2085"]}]},{"@type":"ImageObject","inLanguage":"it-IT","@id":"https:\/\/www.aikido-origin.it\/?p=2085#primaryimage","url":"https:\/\/www.aikido-origin.it\/wordpress\/wp-content\/uploads\/2023\/09\/image.png","contentUrl":"https:\/\/www.aikido-origin.it\/wordpress\/wp-content\/uploads\/2023\/09\/image.png","width":1120,"height":1600},{"@type":"BreadcrumbList","@id":"https:\/\/www.aikido-origin.it\/?p=2085#breadcrumb","itemListElement":[{"@type":"ListItem","position":1,"name":"Home","item":"https:\/\/www.aikido-origin.it\/"},{"@type":"ListItem","position":2,"name":"Dal 25 settembre riprendono i corsi di Aikido"}]},{"@type":"WebSite","@id":"https:\/\/www.aikido-origin.it\/#website","url":"https:\/\/www.aikido-origin.it\/","name":"Aikido Origin","description":"The Art of Peace","publisher":{"@id":"https:\/\/www.aikido-origin.it\/#organization"},"potentialAction":[{"@type":"SearchAction","target":{"@type":"EntryPoint","urlTemplate":"https:\/\/www.aikido-origin.it\/?s={search_term_string}"},"query-input":{"@type":"PropertyValueSpecification","valueRequired":true,"valueName":"search_term_string"}}],"inLanguage":"it-IT"},{"@type":"Organization","@id":"https:\/\/www.aikido-origin.it\/#organization","name":"Aikido Origin","url":"https:\/\/www.aikido-origin.it\/","logo":{"@type":"ImageObject","inLanguage":"it-IT","@id":"https:\/\/www.aikido-origin.it\/#\/schema\/logo\/image\/","url":"https:\/\/www.aikido-origin.it\/wordpress\/wp-content\/uploads\/2019\/09\/cropped-AIKIDO-ORIGIN-DEFINITIVO-1-1.png","contentUrl":"https:\/\/www.aikido-origin.it\/wordpress\/wp-content\/uploads\/2019\/09\/cropped-AIKIDO-ORIGIN-DEFINITIVO-1-1.png","width":1002,"height":1042,"caption":"Aikido Origin"},"image":{"@id":"https:\/\/www.aikido-origin.it\/#\/schema\/logo\/image\/"},"sameAs":["https:\/\/www.facebook.com\/AikidoOrigin","https:\/\/www.youtube.com\/AikidoOrigin","https:\/\/www.instagram.com\/aikido_origin"]},{"@type":"Person","@id":"https:\/\/www.aikido-origin.it\/#\/schema\/person\/5f355cfd81900cfddcbb83493964aae4","name":"AdminSensei","image":{"@type":"ImageObject","inLanguage":"it-IT","@id":"https:\/\/www.aikido-origin.it\/#\/schema\/person\/image\/","url":"https:\/\/secure.gravatar.com\/avatar\/73767cd6cd374cc216306eebd0d67968?s=96&d=mm&r=g","contentUrl":"https:\/\/secure.gravatar.com\/avatar\/73767cd6cd374cc216306eebd0d67968?s=96&d=mm&r=g","caption":"AdminSensei"},"url":"https:\/\/www.aikido-origin.it\/?author=1"}]}},"jetpack_featured_media_url":"","jetpack_sharing_enabled":true,"_links":{"self":[{"href":"https:\/\/www.aikido-origin.it\/index.php?rest_route=\/wp\/v2\/posts\/2085","targetHints":{"allow":["GET"]}}],"collection":[{"href":"https:\/\/www.aikido-origin.it\/index.php?rest_route=\/wp\/v2\/posts"}],"about":[{"href":"https:\/\/www.aikido-origin.it\/index.php?rest_route=\/wp\/v2\/types\/post"}],"author":[{"embeddable":true,"href":"https:\/\/www.aikido-origin.it\/index.php?rest_route=\/wp\/v2\/users\/1"}],"replies":[{"embeddable":true,"href":"https:\/\/www.aikido-origin.it\/index.php?rest_route=%2Fwp%2Fv2%2Fcomments&post=2085"}],"version-history":[{"count":8,"href":"https:\/\/www.aikido-origin.it\/index.php?rest_route=\/wp\/v2\/posts\/2085\/revisions"}],"predecessor-version":[{"id":2115,"href":"https:\/\/www.aikido-origin.it\/index.php?rest_route=\/wp\/v2\/posts\/2085\/revisions\/2115"}],"wp:attachment":[{"href":"https:\/\/www.aikido-origin.it\/index.php?rest_route=%2Fwp%2Fv2%2Fmedia&parent=2085"}],"wp:term":[{"taxonomy":"category","embeddable":true,"href":"https:\/\/www.aikido-origin.it\/index.php?rest_route=%2Fwp%2Fv2%2Fcategories&post=2085"},{"taxonomy":"post_tag","embeddable":true,"href":"https:\/\/www.aikido-origin.it\/index.php?rest_route=%2Fwp%2Fv2%2Ftags&post=2085"}],"curies":[{"name":"wp","href":"https:\/\/api.w.org\/{rel}","templated":true}]}}