{"id":2120,"date":"2023-10-11T23:49:02","date_gmt":"2023-10-11T21:49:02","guid":{"rendered":"http:\/\/www.aikido-origin.it\/?p=2120"},"modified":"2024-01-10T23:28:52","modified_gmt":"2024-01-10T22:28:52","slug":"european-gasshuku-2023-2","status":"publish","type":"post","link":"https:\/\/www.aikido-origin.it\/?p=2120","title":{"rendered":"European Gasshuku 2023"},"content":{"rendered":"\n<div class=\"wp-block-button is-style-squared\"><a class=\"wp-block-button__link has-text-color has-accent-2-color has-background has-sitebg-background-color\" href=\"https:\/\/www.aikido-origin.it\/?p=2138\">&#x1f1ec;&#x1f1e7; English version<\/a><\/div>\n\n\n\n<figure class=\"wp-block-image\"><img loading=\"lazy\" decoding=\"async\" width=\"1024\" height=\"604\" src=\"http:\/\/www.aikido-origin.it\/wordpress\/wp-content\/uploads\/2023\/10\/image0-1024x604.jpeg\" alt=\"Foto di gruppo\" class=\"wp-image-2121\" srcset=\"https:\/\/www.aikido-origin.it\/wordpress\/wp-content\/uploads\/2023\/10\/image0-1024x604.jpeg 1024w, https:\/\/www.aikido-origin.it\/wordpress\/wp-content\/uploads\/2023\/10\/image0-300x177.jpeg 300w, https:\/\/www.aikido-origin.it\/wordpress\/wp-content\/uploads\/2023\/10\/image0-768x453.jpeg 768w, https:\/\/www.aikido-origin.it\/wordpress\/wp-content\/uploads\/2023\/10\/image0-339x200.jpeg 339w, https:\/\/www.aikido-origin.it\/wordpress\/wp-content\/uploads\/2023\/10\/image0.jpeg 1440w\" sizes=\"auto, (max-width: 1024px) 100vw, 1024px\" \/><\/figure>\n\n\n\n<p>Tra il 6 e l\u20198 Ottobre la bellissima Berlino ha ospitato l\u2019appuntamento annuale con il <em>Gasshuku<\/em> Europeo, evento che unisce i praticanti della nostra amata arte marziale provenienti principalmente dall\u2019Europa, ma che conta partecipazioni anche dagli Stati Uniti e altri paesi extra UE. L&#8217;evento consiste in una serata di apertura e due giornate piene di lezioni in cui si alternano sul <em>tatami<\/em> tra i migliori insegnanti a livello mondiale, portando ognuno un proprio tema sul quale si eserciteranno praticanti di qualsiasi grado, dalle cinture bianche alle nere. Questa edizione \u00e8 stata organizzata magistralmente da Julian St\u00fcven, <em>dojo-cho<\/em> (capo-palestra) del &#8220;Randori e.V. &#8211; International Schule Berlin&#8221; in una struttura che ha calorosamente accolto i numerosi ed entusiasti partecipanti e noi di Aikido Origin non potevamo mancare.&nbsp;<\/p>\n\n\n\n<p style=\"text-align:left\" class=\"has-text-color has-large-font-size has-accent-1-color\">Venerd\u00ec<\/p>\n\n\n\n<p>Proprio Julian St\u00fcven <em>Sensei<\/em> ha aperto le danze nella lezione tenutasi venerd\u00ec sera nella quale ha trasmesso ai partecipanti uno studio personale inerente gli <em>Henka Waza<\/em>. Letteralemnte <em>Henka Waza<\/em> significa &#8220;variazione tecnica&#8221; e durante la lezione sono stati analizzati e studiati casi nei quali si poteva appunto modificare, variare una tecnica al verificarsi di certe condizioni &#8220;anomale&#8221;. Questo porta una riflessione su come il mondo tecnico dell&#8217;Aikido possa essere ampio e come, con la conoscenza&nbsp; e la capacit\u00e0 di applicare i principi di base, si possa dare significato a quel concetto, <em>Takemusu Aiki<\/em>, inteso appunto come fonte inesauribile dal quale sgorgano le tecniche dell\u2019<em>Aiki<\/em>.<\/p>\n\n\n\n<p>La ciliegina sulla torta del venerd\u00ec sera \u00e8 stata messa da Andrea Lembo <em>Sensei<\/em>, caro amico e Sensei del &#8220;Aikido Ibaragi Dojo&#8221; di Roma, rappresentanza italiana in questo <em>Gasshuku<\/em> Europeo. Tema della sua lezione sono stati <em>Jo dori<\/em> (disarmo dal bastone) e <em>Jo Nage <\/em>(proiezioni usando il bastone). Sono state affrontate numerose tecniche, tutte accomunate alla connessione con i movimenti base di <em>Taijutsu <\/em>(tecniche a corpo libero).&nbsp;<\/p>\n\n\n\n<p>La serata di allenamento \u00e8 passata molto velocemente ed \u00e8 stata un ottimo preludio per ci\u00f2 che ci avrebbe aspettato nei giorni seguenti.<\/p>\n\n\n\n<p style=\"text-align:left\" class=\"has-text-color has-large-font-size has-accent-1-color\">Sabato<\/p>\n\n\n\n<figure class=\"wp-block-image\"><img loading=\"lazy\" decoding=\"async\" width=\"1024\" height=\"609\" src=\"http:\/\/www.aikido-origin.it\/wordpress\/wp-content\/uploads\/2023\/10\/image2-1024x609.jpeg\" alt=\"\" class=\"wp-image-2128\" srcset=\"https:\/\/www.aikido-origin.it\/wordpress\/wp-content\/uploads\/2023\/10\/image2-1024x609.jpeg 1024w, https:\/\/www.aikido-origin.it\/wordpress\/wp-content\/uploads\/2023\/10\/image2-300x178.jpeg 300w, https:\/\/www.aikido-origin.it\/wordpress\/wp-content\/uploads\/2023\/10\/image2-768x457.jpeg 768w, https:\/\/www.aikido-origin.it\/wordpress\/wp-content\/uploads\/2023\/10\/image2-336x200.jpeg 336w, https:\/\/www.aikido-origin.it\/wordpress\/wp-content\/uploads\/2023\/10\/image2.jpeg 1440w\" sizes=\"auto, (max-width: 1024px) 100vw, 1024px\" \/><figcaption>Hoa Newens (a destra) dimostra una tecnica durante la sua lezione<br>Uke: Sandro Lucagnano<\/figcaption><\/figure>\n\n\n\n<p>Il sabato mattina \u00e8 cominciato con Hoa Newens <em>Shihan<\/em>, <em>Sensei<\/em> presso &#8220;Aikido Institute Davis&#8221; in California e <em>Chief Instructor<\/em> della &#8220;Takemusu Aikido Association&#8221;. La lezione di Hoa Sensei ha ispirato la pratica di molti presenti, enfatizzando l&#8217;importanza dell&#8217;allenamento del <em>Kokyu<\/em> (respiro), lavorando sul principio tecnico di <em>Nikyo<\/em> a vari livelli di armonizzazione: <em>Ki-hon<\/em>, <em>Yawarakai<\/em> e <em>Ki No Nagare<\/em>.<\/p>\n\n\n\n<p>La lezione successiva ha visto come protagonista Aviv Goldsmith <em>Sensei<\/em>, insegnante presso il suo dojo personale &#8220;Aikido Fredericksburg&#8221; in Virginia e presidente della &#8220;Takemusu Aikido Association&#8221;. Obbiettivo dell&#8217;allenamento proposto era quello di focalizzare l&#8217;apprendimento di alcuni aspetti specifici delle tecniche e di cercare uno sviluppo della stessa partendo da essi. Un lavoro interessante che ha messo a prova la capacit\u00e0 di concentrazione prima e poi la capacit\u00e0 di fondere questi principi in un unico grande movimento affrontando la tecnica in <em>Ki No Nagare<\/em>.<\/p>\n\n\n\n<p>Anche la convivialit\u00e0 fa parte del nostro percorso all&#8217;interno dell&#8217;Aikido e ci siamo ritrovati a discutere di Aikido e delle lezioni appena concluse durante il pranzo organizzato nella struttura tramite un catering. Un ottimo modo per stare insieme e rafforzare conoscenze e amicizie.<\/p>\n\n\n\n<p>Nel pomeriggio \u00e8 stato il turno di Axel Rabenhorst <em>Sensei<\/em>, insegnate di Berlino. Lezione basata sullo studio dell&#8217;<em>Aiki ken<\/em> (spada) attraverso i <em>Kumi Tachi<\/em>, ovvero delle forme codificate di combattimento con la spada. Una lezione passata molto velocemente, con numerosi particolari precisati, utili ad ogni livello di pratica.<\/p>\n\n\n\n<p>\u00c8 seguita la lezione di Rosmarie Herzig <em>Sensei<\/em>, insegnante svizzera presso &#8220;Aikido Ennetbaden&#8221;. Attraverso l&#8217;approfondimento del tema proposto su <em>Irimi Nage<\/em>, sono stati enfatizzati i principi ed i livelli di armonizzazione in questa tecnica, dando cos\u00ec dinamicit\u00e0 ad una lezione interessante e ricca di spunti in una tecnica fondamentale e caratteristica dell&#8217;Aikido.<\/p>\n\n\n\n<p>A conclusione della giornata di sabato la lezione di Carsten Mielke <em>Sensei<\/em>, insegnante di Berlino, che ha portato l&#8217;attenzione su alcuni punti chiave relativi alla tecnica proposta, <em>Ryote Dori Kokyu Nage<\/em>, accompagnandoci successivamente nello studio del <em>Ki-Hon<\/em>, <em>Yawarakai<\/em> e <em>Ki No Nagare<\/em>.<\/p>\n\n\n\n<p>Com&#8217;\u00e8 consuetudine, il sabato sera dei <em>Gasshuku<\/em> \u00e8 dedicato al party, e questo non ha deluso le aspettative. Abbiamo mangiato tutti insieme al Dojo, parlato e fatto numerosi <em>Kanpai<\/em> (brindisi).&nbsp;<\/p>\n\n\n\n<p class=\"has-text-color has-large-font-size has-accent-1-color\">Domenica<\/p>\n\n\n\n<figure class=\"wp-block-image\"><img loading=\"lazy\" decoding=\"async\" width=\"1024\" height=\"833\" src=\"http:\/\/www.aikido-origin.it\/wordpress\/wp-content\/uploads\/2023\/10\/image4-1024x833.jpeg\" alt=\"Wolfgang Baumgartner con l'Aikido Origin\" class=\"wp-image-2125\" srcset=\"https:\/\/www.aikido-origin.it\/wordpress\/wp-content\/uploads\/2023\/10\/image4-1024x833.jpeg 1024w, https:\/\/www.aikido-origin.it\/wordpress\/wp-content\/uploads\/2023\/10\/image4-300x244.jpeg 300w, https:\/\/www.aikido-origin.it\/wordpress\/wp-content\/uploads\/2023\/10\/image4-768x625.jpeg 768w, https:\/\/www.aikido-origin.it\/wordpress\/wp-content\/uploads\/2023\/10\/image4-246x200.jpeg 246w, https:\/\/www.aikido-origin.it\/wordpress\/wp-content\/uploads\/2023\/10\/image4.jpeg 1809w\" sizes=\"auto, (max-width: 1024px) 100vw, 1024px\" \/><figcaption>Wolfgang Baumgartner con l&#8217;Aikido Origin<br>Da sinistra: Jamil Didon\u00e8, Sandro Lucagnano, Wolfgang Baumgartner, Mirco Costacurta<\/figcaption><\/figure>\n\n\n\n<p>Siamo alla domenica, l&#8217;ultimo giorno di Seminar. Ad aprire la mattinata di allenamenti c&#8217;\u00e8 Wolfgang Baumgartner <em>Shihan<\/em>, insegnante di Berlino presso &#8220;Aikido Berlin Karow&#8221; e nostro insegnante di riferimento per Aikido Origin. La lezione \u00e8 stata dedicata allo studio dell&#8217;applicazione del <em>kata<\/em> dei 13, una sequenza codificata eseguita con l\u2019<em>Aiki Jo<\/em>, il bastone dell&#8217;aikido. Ogni persona, dal principiante all&#8217;avanzato, attraverso la didattica espressa ha potuto portare a termine la comprensione e l&#8217;esecuzione del <em>kata<\/em> nonostante il relativo poco tempo a disposizione.<\/p>\n\n\n\n<p>La lezione successiva \u00e8 stata tenuta da Gabi e J\u00f6rg Ollmann, insegnanti di Aikido a Francoforte. Hanno presentato un lavoro con l\u2019<em>Aiki jo<\/em> inerente lo studio delle connessioni tra diversi <em>Kumi Jo<\/em>, forme di combattimento codificate con il bastone. Per la precisione, lo studio riguardava la connessione dei movimenti tra il 6\u00b0 ed il 10\u00b0 <em>Kumi Jo<\/em>. La lezione \u00e8 stata interessante, ricca di spunti di riflessione e di appunti da prendere per un tema che difficilmente viene trattato.<\/p>\n\n\n\n<p>A conclusione di tutto l&#8217;evento il dinamico Fabian Horn <em>Sensei<\/em>, insegnante di Aikido ad Augsburg che ha presentato uno studio di armonizzazioni in <em>Ushiro Ryote Dori<\/em> enfatizzando le tecniche di <em>Kokyu Ho<\/em>. Lo studio \u00e8 stato progressivo e ben gestito, dando la possibilit\u00e0&nbsp; a tutti i vari livelli di comprendere i punti da lui spiegati.&nbsp;<\/p>\n\n\n\n<p>Terminato il Seminar, dopo il saluto finale, \u00e8 tradizione formare un grande cerchio con i partecipanti durante il quale ognuno, in 3 parole, esprime una propria sensazione a caldo dell&#8217;esperienza vissuta. Non c&#8217;\u00e8 che dire, l&#8217;esperienza vissuta in queste giornate \u00e8 stata speciale. Ha ispirato molti praticanti, ci ha fatto sudare insieme e c&#8217;\u00e8 stata molta concentrazione sul tatami.<br>Uno degli obiettivi di questo tipo di eventi \u00e8 di unire le persone e la loro passione per l\u2019Aikido, alimentandone l\u2019entusiasmo. Personalmente ritengo che, se guardandomi in giro vedo gente che sorride, allora l&#8217;obbiettivo dell\u2019evento \u00e8 stato raggiunto. Ed \u00e8 proprio cos\u00ec che \u00e8 andata.<br>Ringrazio dunque tutti i <em>Sensei<\/em> che hanno elargito il loro sapere in queste magnifiche giornate, l&#8217;organizzazione che ha permesso tutto questo e soprattutto ringrazio i miei allievi e tutti gli amici che hanno condiviso con me questa esperienza.<br>E sono sicuro che molti di loro li rivedr\u00f2 tra un anno in Italia, al prossimo <em>Gasshuku<\/em> Europeo che si terr\u00e0 dall\u201911 al 13 Ottobre e sar\u00e0 organizzato dall\u2019&#8221;Aiki Shuren Dojo&#8221; di Michele Alessi a Viterbo!<\/p>\n\n\n\n<p><br><\/p>\n\n\n\n<ul class=\"wp-block-gallery columns-1 is-cropped wp-block-gallery-1 is-layout-flex wp-block-gallery-is-layout-flex\"><li class=\"blocks-gallery-item\"><figure><img loading=\"lazy\" decoding=\"async\" width=\"1024\" height=\"768\" src=\"http:\/\/www.aikido-origin.it\/wordpress\/wp-content\/uploads\/2023\/10\/image10-1024x768.jpeg\" alt=\"\" data-id=\"2124\" data-link=\"http:\/\/www.aikido-origin.it\/?attachment_id=2124\" class=\"wp-image-2124\" srcset=\"https:\/\/www.aikido-origin.it\/wordpress\/wp-content\/uploads\/2023\/10\/image10-1024x768.jpeg 1024w, https:\/\/www.aikido-origin.it\/wordpress\/wp-content\/uploads\/2023\/10\/image10-300x225.jpeg 300w, https:\/\/www.aikido-origin.it\/wordpress\/wp-content\/uploads\/2023\/10\/image10-768x576.jpeg 768w, https:\/\/www.aikido-origin.it\/wordpress\/wp-content\/uploads\/2023\/10\/image10-267x200.jpeg 267w, https:\/\/www.aikido-origin.it\/wordpress\/wp-content\/uploads\/2023\/10\/image10.jpeg 1286w\" sizes=\"auto, (max-width: 1024px) 100vw, 1024px\" \/><figcaption>Gli insegnanti<br>Da sinistra: Rosmarie Herzig, Julian St\u00fcven, Gabi Ollmann, Wolfgang Baumgartner, Hoa Newens, J\u00f6rg Ollmann, Aviv Goldsmith, Axel Rabenhorst, Carsten Mielke, Fabian Horn, Andrea Lembo<\/figcaption><\/figure><\/li><\/ul>\n\n\n\n<ul class=\"wp-block-gallery columns-3 is-cropped wp-block-gallery-2 is-layout-flex wp-block-gallery-is-layout-flex\"><li class=\"blocks-gallery-item\"><figure><img loading=\"lazy\" decoding=\"async\" width=\"780\" height=\"1024\" src=\"http:\/\/www.aikido-origin.it\/wordpress\/wp-content\/uploads\/2023\/10\/image3-780x1024.jpeg\" alt=\"\" data-id=\"2129\" data-link=\"http:\/\/www.aikido-origin.it\/?attachment_id=2129\" class=\"wp-image-2129\" srcset=\"https:\/\/www.aikido-origin.it\/wordpress\/wp-content\/uploads\/2023\/10\/image3-780x1024.jpeg 780w, https:\/\/www.aikido-origin.it\/wordpress\/wp-content\/uploads\/2023\/10\/image3-229x300.jpeg 229w, https:\/\/www.aikido-origin.it\/wordpress\/wp-content\/uploads\/2023\/10\/image3-768x1008.jpeg 768w, https:\/\/www.aikido-origin.it\/wordpress\/wp-content\/uploads\/2023\/10\/image3-152x200.jpeg 152w, https:\/\/www.aikido-origin.it\/wordpress\/wp-content\/uploads\/2023\/10\/image3.jpeg 1800w\" sizes=\"auto, (max-width: 780px) 100vw, 780px\" \/><figcaption>Hoa Newens<\/figcaption><\/figure><\/li><li class=\"blocks-gallery-item\"><figure><img loading=\"lazy\" decoding=\"async\" width=\"768\" height=\"1024\" src=\"http:\/\/www.aikido-origin.it\/wordpress\/wp-content\/uploads\/2023\/10\/image9-768x1024.jpeg\" alt=\"\" data-id=\"2127\" data-link=\"http:\/\/www.aikido-origin.it\/?attachment_id=2127\" class=\"wp-image-2127\" srcset=\"https:\/\/www.aikido-origin.it\/wordpress\/wp-content\/uploads\/2023\/10\/image9-768x1024.jpeg 768w, https:\/\/www.aikido-origin.it\/wordpress\/wp-content\/uploads\/2023\/10\/image9-225x300.jpeg 225w, https:\/\/www.aikido-origin.it\/wordpress\/wp-content\/uploads\/2023\/10\/image9-150x200.jpeg 150w, https:\/\/www.aikido-origin.it\/wordpress\/wp-content\/uploads\/2023\/10\/image9.jpeg 1536w\" sizes=\"auto, (max-width: 768px) 100vw, 768px\" \/><figcaption>Aviv Goldsmith<\/figcaption><\/figure><\/li><li class=\"blocks-gallery-item\"><figure><img loading=\"lazy\" decoding=\"async\" width=\"830\" height=\"1024\" src=\"http:\/\/www.aikido-origin.it\/wordpress\/wp-content\/uploads\/2023\/10\/image5-830x1024.jpeg\" alt=\"\" data-id=\"2126\" data-link=\"http:\/\/www.aikido-origin.it\/?attachment_id=2126\" class=\"wp-image-2126\" srcset=\"https:\/\/www.aikido-origin.it\/wordpress\/wp-content\/uploads\/2023\/10\/image5-830x1024.jpeg 830w, https:\/\/www.aikido-origin.it\/wordpress\/wp-content\/uploads\/2023\/10\/image5-243x300.jpeg 243w, https:\/\/www.aikido-origin.it\/wordpress\/wp-content\/uploads\/2023\/10\/image5-768x948.jpeg 768w, https:\/\/www.aikido-origin.it\/wordpress\/wp-content\/uploads\/2023\/10\/image5-162x200.jpeg 162w, https:\/\/www.aikido-origin.it\/wordpress\/wp-content\/uploads\/2023\/10\/image5.jpeg 1800w\" sizes=\"auto, (max-width: 830px) 100vw, 830px\" \/><figcaption>Axel Rabenhorst<\/figcaption><\/figure><\/li><li class=\"blocks-gallery-item\"><figure><img loading=\"lazy\" decoding=\"async\" width=\"1024\" height=\"812\" src=\"http:\/\/www.aikido-origin.it\/wordpress\/wp-content\/uploads\/2023\/10\/image6-1024x812.jpeg\" alt=\"\" data-id=\"2123\" data-link=\"http:\/\/www.aikido-origin.it\/?attachment_id=2123\" class=\"wp-image-2123\" srcset=\"https:\/\/www.aikido-origin.it\/wordpress\/wp-content\/uploads\/2023\/10\/image6-1024x812.jpeg 1024w, https:\/\/www.aikido-origin.it\/wordpress\/wp-content\/uploads\/2023\/10\/image6-300x238.jpeg 300w, https:\/\/www.aikido-origin.it\/wordpress\/wp-content\/uploads\/2023\/10\/image6-768x609.jpeg 768w, https:\/\/www.aikido-origin.it\/wordpress\/wp-content\/uploads\/2023\/10\/image6-252x200.jpeg 252w\" sizes=\"auto, (max-width: 1024px) 100vw, 1024px\" \/><figcaption>Gabi e J\u00f6rg Ollman<\/figcaption><\/figure><\/li><\/ul>\n","protected":false},"excerpt":{"rendered":"<p>Tra il 6 e l\u20198 Ottobre la bellissima Berlino ha ospitato l\u2019appuntamento annuale con il Gasshuku Europeo, evento che unisce i praticanti della nostra amata arte marziale provenienti principalmente dall\u2019Europa, ma che conta partecipazioni anche dagli Stati Uniti e altri paesi extra UE. L&#8217;evento consiste in una serata di apertura &hellip;<\/p>\n","protected":false},"author":1,"featured_media":2148,"comment_status":"closed","ping_status":"open","sticky":false,"template":"","format":"standard","meta":{"sfsi_plus_gutenberg_text_before_share":"","sfsi_plus_gutenberg_show_text_before_share":"","sfsi_plus_gutenberg_icon_type":"","sfsi_plus_gutenberg_icon_alignemt":"","sfsi_plus_gutenburg_max_per_row":"","_jetpack_memberships_contains_paid_content":false,"footnotes":""},"categories":[6],"tags":[],"class_list":["post-2120","post","type-post","status-publish","format-standard","has-post-thumbnail","hentry","category-articoli"],"yoast_head":"<!-- This site is optimized with the Yoast SEO plugin v25.6 - https:\/\/yoast.com\/wordpress\/plugins\/seo\/ -->\n<title>European Gasshuku 2023 - Aikido Origin<\/title>\n<meta name=\"robots\" content=\"index, follow, max-snippet:-1, max-image-preview:large, max-video-preview:-1\" \/>\n<link rel=\"canonical\" href=\"https:\/\/www.aikido-origin.it\/?p=2120\" \/>\n<meta property=\"og:locale\" content=\"it_IT\" \/>\n<meta property=\"og:type\" content=\"article\" \/>\n<meta property=\"og:title\" content=\"European Gasshuku 2023 - Aikido Origin\" \/>\n<meta property=\"og:description\" content=\"Tra il 6 e l\u20198 Ottobre la bellissima Berlino ha ospitato l\u2019appuntamento annuale con il Gasshuku Europeo, evento che unisce i praticanti della nostra amata arte marziale provenienti principalmente dall\u2019Europa, ma che conta partecipazioni anche dagli Stati Uniti e altri paesi extra UE. L&#8217;evento consiste in una serata di apertura &hellip;\" \/>\n<meta property=\"og:url\" content=\"https:\/\/www.aikido-origin.it\/?p=2120\" \/>\n<meta property=\"og:site_name\" content=\"Aikido Origin\" \/>\n<meta property=\"article:publisher\" content=\"https:\/\/www.facebook.com\/AikidoOrigin\" \/>\n<meta property=\"article:published_time\" content=\"2023-10-11T21:49:02+00:00\" \/>\n<meta property=\"article:modified_time\" content=\"2024-01-10T22:28:52+00:00\" \/>\n<meta property=\"og:image\" content=\"https:\/\/www.aikido-origin.it\/wordpress\/wp-content\/uploads\/2023\/10\/ImmagineInEvidenza.jpg\" \/>\n\t<meta property=\"og:image:width\" content=\"1434\" \/>\n\t<meta property=\"og:image:height\" content=\"334\" \/>\n\t<meta property=\"og:image:type\" content=\"image\/jpeg\" \/>\n<meta name=\"author\" content=\"AdminSensei\" \/>\n<meta name=\"twitter:card\" content=\"summary_large_image\" \/>\n<meta name=\"twitter:label1\" content=\"Scritto da\" \/>\n\t<meta name=\"twitter:data1\" content=\"AdminSensei\" \/>\n\t<meta name=\"twitter:label2\" content=\"Tempo di lettura stimato\" \/>\n\t<meta name=\"twitter:data2\" content=\"6 minuti\" \/>\n<script type=\"application\/ld+json\" class=\"yoast-schema-graph\">{\"@context\":\"https:\/\/schema.org\",\"@graph\":[{\"@type\":\"Article\",\"@id\":\"https:\/\/www.aikido-origin.it\/?p=2120#article\",\"isPartOf\":{\"@id\":\"https:\/\/www.aikido-origin.it\/?p=2120\"},\"author\":{\"name\":\"AdminSensei\",\"@id\":\"https:\/\/www.aikido-origin.it\/#\/schema\/person\/5f355cfd81900cfddcbb83493964aae4\"},\"headline\":\"European Gasshuku 2023\",\"datePublished\":\"2023-10-11T21:49:02+00:00\",\"dateModified\":\"2024-01-10T22:28:52+00:00\",\"mainEntityOfPage\":{\"@id\":\"https:\/\/www.aikido-origin.it\/?p=2120\"},\"wordCount\":1164,\"publisher\":{\"@id\":\"https:\/\/www.aikido-origin.it\/#organization\"},\"image\":{\"@id\":\"https:\/\/www.aikido-origin.it\/?p=2120#primaryimage\"},\"thumbnailUrl\":\"https:\/\/www.aikido-origin.it\/wordpress\/wp-content\/uploads\/2023\/10\/ImmagineInEvidenza.jpg\",\"articleSection\":[\"Articoli\"],\"inLanguage\":\"it-IT\"},{\"@type\":\"WebPage\",\"@id\":\"https:\/\/www.aikido-origin.it\/?p=2120\",\"url\":\"https:\/\/www.aikido-origin.it\/?p=2120\",\"name\":\"European Gasshuku 2023 - Aikido Origin\",\"isPartOf\":{\"@id\":\"https:\/\/www.aikido-origin.it\/#website\"},\"primaryImageOfPage\":{\"@id\":\"https:\/\/www.aikido-origin.it\/?p=2120#primaryimage\"},\"image\":{\"@id\":\"https:\/\/www.aikido-origin.it\/?p=2120#primaryimage\"},\"thumbnailUrl\":\"https:\/\/www.aikido-origin.it\/wordpress\/wp-content\/uploads\/2023\/10\/ImmagineInEvidenza.jpg\",\"datePublished\":\"2023-10-11T21:49:02+00:00\",\"dateModified\":\"2024-01-10T22:28:52+00:00\",\"breadcrumb\":{\"@id\":\"https:\/\/www.aikido-origin.it\/?p=2120#breadcrumb\"},\"inLanguage\":\"it-IT\",\"potentialAction\":[{\"@type\":\"ReadAction\",\"target\":[\"https:\/\/www.aikido-origin.it\/?p=2120\"]}]},{\"@type\":\"ImageObject\",\"inLanguage\":\"it-IT\",\"@id\":\"https:\/\/www.aikido-origin.it\/?p=2120#primaryimage\",\"url\":\"https:\/\/www.aikido-origin.it\/wordpress\/wp-content\/uploads\/2023\/10\/ImmagineInEvidenza.jpg\",\"contentUrl\":\"https:\/\/www.aikido-origin.it\/wordpress\/wp-content\/uploads\/2023\/10\/ImmagineInEvidenza.jpg\",\"width\":1434,\"height\":334},{\"@type\":\"BreadcrumbList\",\"@id\":\"https:\/\/www.aikido-origin.it\/?p=2120#breadcrumb\",\"itemListElement\":[{\"@type\":\"ListItem\",\"position\":1,\"name\":\"Home\",\"item\":\"https:\/\/www.aikido-origin.it\/\"},{\"@type\":\"ListItem\",\"position\":2,\"name\":\"European Gasshuku 2023\"}]},{\"@type\":\"WebSite\",\"@id\":\"https:\/\/www.aikido-origin.it\/#website\",\"url\":\"https:\/\/www.aikido-origin.it\/\",\"name\":\"Aikido Origin\",\"description\":\"The Art of Peace\",\"publisher\":{\"@id\":\"https:\/\/www.aikido-origin.it\/#organization\"},\"potentialAction\":[{\"@type\":\"SearchAction\",\"target\":{\"@type\":\"EntryPoint\",\"urlTemplate\":\"https:\/\/www.aikido-origin.it\/?s={search_term_string}\"},\"query-input\":{\"@type\":\"PropertyValueSpecification\",\"valueRequired\":true,\"valueName\":\"search_term_string\"}}],\"inLanguage\":\"it-IT\"},{\"@type\":\"Organization\",\"@id\":\"https:\/\/www.aikido-origin.it\/#organization\",\"name\":\"Aikido Origin\",\"url\":\"https:\/\/www.aikido-origin.it\/\",\"logo\":{\"@type\":\"ImageObject\",\"inLanguage\":\"it-IT\",\"@id\":\"https:\/\/www.aikido-origin.it\/#\/schema\/logo\/image\/\",\"url\":\"https:\/\/www.aikido-origin.it\/wordpress\/wp-content\/uploads\/2019\/09\/cropped-AIKIDO-ORIGIN-DEFINITIVO-1-1.png\",\"contentUrl\":\"https:\/\/www.aikido-origin.it\/wordpress\/wp-content\/uploads\/2019\/09\/cropped-AIKIDO-ORIGIN-DEFINITIVO-1-1.png\",\"width\":1002,\"height\":1042,\"caption\":\"Aikido Origin\"},\"image\":{\"@id\":\"https:\/\/www.aikido-origin.it\/#\/schema\/logo\/image\/\"},\"sameAs\":[\"https:\/\/www.facebook.com\/AikidoOrigin\",\"https:\/\/www.youtube.com\/AikidoOrigin\",\"https:\/\/www.instagram.com\/aikido_origin\"]},{\"@type\":\"Person\",\"@id\":\"https:\/\/www.aikido-origin.it\/#\/schema\/person\/5f355cfd81900cfddcbb83493964aae4\",\"name\":\"AdminSensei\",\"image\":{\"@type\":\"ImageObject\",\"inLanguage\":\"it-IT\",\"@id\":\"https:\/\/www.aikido-origin.it\/#\/schema\/person\/image\/\",\"url\":\"https:\/\/secure.gravatar.com\/avatar\/73767cd6cd374cc216306eebd0d67968?s=96&d=mm&r=g\",\"contentUrl\":\"https:\/\/secure.gravatar.com\/avatar\/73767cd6cd374cc216306eebd0d67968?s=96&d=mm&r=g\",\"caption\":\"AdminSensei\"},\"url\":\"https:\/\/www.aikido-origin.it\/?author=1\"}]}<\/script>\n<!-- \/ Yoast SEO plugin. -->","yoast_head_json":{"title":"European Gasshuku 2023 - Aikido Origin","robots":{"index":"index","follow":"follow","max-snippet":"max-snippet:-1","max-image-preview":"max-image-preview:large","max-video-preview":"max-video-preview:-1"},"canonical":"https:\/\/www.aikido-origin.it\/?p=2120","og_locale":"it_IT","og_type":"article","og_title":"European Gasshuku 2023 - Aikido Origin","og_description":"Tra il 6 e l\u20198 Ottobre la bellissima Berlino ha ospitato l\u2019appuntamento annuale con il Gasshuku Europeo, evento che unisce i praticanti della nostra amata arte marziale provenienti principalmente dall\u2019Europa, ma che conta partecipazioni anche dagli Stati Uniti e altri paesi extra UE. L&#8217;evento consiste in una serata di apertura &hellip;","og_url":"https:\/\/www.aikido-origin.it\/?p=2120","og_site_name":"Aikido Origin","article_publisher":"https:\/\/www.facebook.com\/AikidoOrigin","article_published_time":"2023-10-11T21:49:02+00:00","article_modified_time":"2024-01-10T22:28:52+00:00","og_image":[{"width":1434,"height":334,"url":"https:\/\/www.aikido-origin.it\/wordpress\/wp-content\/uploads\/2023\/10\/ImmagineInEvidenza.jpg","type":"image\/jpeg"}],"author":"AdminSensei","twitter_card":"summary_large_image","twitter_misc":{"Scritto da":"AdminSensei","Tempo di lettura stimato":"6 minuti"},"schema":{"@context":"https:\/\/schema.org","@graph":[{"@type":"Article","@id":"https:\/\/www.aikido-origin.it\/?p=2120#article","isPartOf":{"@id":"https:\/\/www.aikido-origin.it\/?p=2120"},"author":{"name":"AdminSensei","@id":"https:\/\/www.aikido-origin.it\/#\/schema\/person\/5f355cfd81900cfddcbb83493964aae4"},"headline":"European Gasshuku 2023","datePublished":"2023-10-11T21:49:02+00:00","dateModified":"2024-01-10T22:28:52+00:00","mainEntityOfPage":{"@id":"https:\/\/www.aikido-origin.it\/?p=2120"},"wordCount":1164,"publisher":{"@id":"https:\/\/www.aikido-origin.it\/#organization"},"image":{"@id":"https:\/\/www.aikido-origin.it\/?p=2120#primaryimage"},"thumbnailUrl":"https:\/\/www.aikido-origin.it\/wordpress\/wp-content\/uploads\/2023\/10\/ImmagineInEvidenza.jpg","articleSection":["Articoli"],"inLanguage":"it-IT"},{"@type":"WebPage","@id":"https:\/\/www.aikido-origin.it\/?p=2120","url":"https:\/\/www.aikido-origin.it\/?p=2120","name":"European Gasshuku 2023 - Aikido Origin","isPartOf":{"@id":"https:\/\/www.aikido-origin.it\/#website"},"primaryImageOfPage":{"@id":"https:\/\/www.aikido-origin.it\/?p=2120#primaryimage"},"image":{"@id":"https:\/\/www.aikido-origin.it\/?p=2120#primaryimage"},"thumbnailUrl":"https:\/\/www.aikido-origin.it\/wordpress\/wp-content\/uploads\/2023\/10\/ImmagineInEvidenza.jpg","datePublished":"2023-10-11T21:49:02+00:00","dateModified":"2024-01-10T22:28:52+00:00","breadcrumb":{"@id":"https:\/\/www.aikido-origin.it\/?p=2120#breadcrumb"},"inLanguage":"it-IT","potentialAction":[{"@type":"ReadAction","target":["https:\/\/www.aikido-origin.it\/?p=2120"]}]},{"@type":"ImageObject","inLanguage":"it-IT","@id":"https:\/\/www.aikido-origin.it\/?p=2120#primaryimage","url":"https:\/\/www.aikido-origin.it\/wordpress\/wp-content\/uploads\/2023\/10\/ImmagineInEvidenza.jpg","contentUrl":"https:\/\/www.aikido-origin.it\/wordpress\/wp-content\/uploads\/2023\/10\/ImmagineInEvidenza.jpg","width":1434,"height":334},{"@type":"BreadcrumbList","@id":"https:\/\/www.aikido-origin.it\/?p=2120#breadcrumb","itemListElement":[{"@type":"ListItem","position":1,"name":"Home","item":"https:\/\/www.aikido-origin.it\/"},{"@type":"ListItem","position":2,"name":"European Gasshuku 2023"}]},{"@type":"WebSite","@id":"https:\/\/www.aikido-origin.it\/#website","url":"https:\/\/www.aikido-origin.it\/","name":"Aikido Origin","description":"The Art of Peace","publisher":{"@id":"https:\/\/www.aikido-origin.it\/#organization"},"potentialAction":[{"@type":"SearchAction","target":{"@type":"EntryPoint","urlTemplate":"https:\/\/www.aikido-origin.it\/?s={search_term_string}"},"query-input":{"@type":"PropertyValueSpecification","valueRequired":true,"valueName":"search_term_string"}}],"inLanguage":"it-IT"},{"@type":"Organization","@id":"https:\/\/www.aikido-origin.it\/#organization","name":"Aikido Origin","url":"https:\/\/www.aikido-origin.it\/","logo":{"@type":"ImageObject","inLanguage":"it-IT","@id":"https:\/\/www.aikido-origin.it\/#\/schema\/logo\/image\/","url":"https:\/\/www.aikido-origin.it\/wordpress\/wp-content\/uploads\/2019\/09\/cropped-AIKIDO-ORIGIN-DEFINITIVO-1-1.png","contentUrl":"https:\/\/www.aikido-origin.it\/wordpress\/wp-content\/uploads\/2019\/09\/cropped-AIKIDO-ORIGIN-DEFINITIVO-1-1.png","width":1002,"height":1042,"caption":"Aikido Origin"},"image":{"@id":"https:\/\/www.aikido-origin.it\/#\/schema\/logo\/image\/"},"sameAs":["https:\/\/www.facebook.com\/AikidoOrigin","https:\/\/www.youtube.com\/AikidoOrigin","https:\/\/www.instagram.com\/aikido_origin"]},{"@type":"Person","@id":"https:\/\/www.aikido-origin.it\/#\/schema\/person\/5f355cfd81900cfddcbb83493964aae4","name":"AdminSensei","image":{"@type":"ImageObject","inLanguage":"it-IT","@id":"https:\/\/www.aikido-origin.it\/#\/schema\/person\/image\/","url":"https:\/\/secure.gravatar.com\/avatar\/73767cd6cd374cc216306eebd0d67968?s=96&d=mm&r=g","contentUrl":"https:\/\/secure.gravatar.com\/avatar\/73767cd6cd374cc216306eebd0d67968?s=96&d=mm&r=g","caption":"AdminSensei"},"url":"https:\/\/www.aikido-origin.it\/?author=1"}]}},"jetpack_featured_media_url":"https:\/\/www.aikido-origin.it\/wordpress\/wp-content\/uploads\/2023\/10\/ImmagineInEvidenza.jpg","jetpack_sharing_enabled":true,"_links":{"self":[{"href":"https:\/\/www.aikido-origin.it\/index.php?rest_route=\/wp\/v2\/posts\/2120","targetHints":{"allow":["GET"]}}],"collection":[{"href":"https:\/\/www.aikido-origin.it\/index.php?rest_route=\/wp\/v2\/posts"}],"about":[{"href":"https:\/\/www.aikido-origin.it\/index.php?rest_route=\/wp\/v2\/types\/post"}],"author":[{"embeddable":true,"href":"https:\/\/www.aikido-origin.it\/index.php?rest_route=\/wp\/v2\/users\/1"}],"replies":[{"embeddable":true,"href":"https:\/\/www.aikido-origin.it\/index.php?rest_route=%2Fwp%2Fv2%2Fcomments&post=2120"}],"version-history":[{"count":10,"href":"https:\/\/www.aikido-origin.it\/index.php?rest_route=\/wp\/v2\/posts\/2120\/revisions"}],"predecessor-version":[{"id":2147,"href":"https:\/\/www.aikido-origin.it\/index.php?rest_route=\/wp\/v2\/posts\/2120\/revisions\/2147"}],"wp:featuredmedia":[{"embeddable":true,"href":"https:\/\/www.aikido-origin.it\/index.php?rest_route=\/wp\/v2\/media\/2148"}],"wp:attachment":[{"href":"https:\/\/www.aikido-origin.it\/index.php?rest_route=%2Fwp%2Fv2%2Fmedia&parent=2120"}],"wp:term":[{"taxonomy":"category","embeddable":true,"href":"https:\/\/www.aikido-origin.it\/index.php?rest_route=%2Fwp%2Fv2%2Fcategories&post=2120"},{"taxonomy":"post_tag","embeddable":true,"href":"https:\/\/www.aikido-origin.it\/index.php?rest_route=%2Fwp%2Fv2%2Ftags&post=2120"}],"curies":[{"name":"wp","href":"https:\/\/api.w.org\/{rel}","templated":true}]}}