{"id":281,"date":"2013-03-10T09:53:34","date_gmt":"2013-03-10T08:53:34","guid":{"rendered":"http:\/\/www.aikido-vittorioveneto.it\/?p=281"},"modified":"2015-02-09T21:47:34","modified_gmt":"2015-02-09T20:47:34","slug":"prima-sessione-di-esami-2013","status":"publish","type":"post","link":"https:\/\/www.aikido-origin.it\/?p=281","title":{"rendered":"Prima sessione di Esami 2013!"},"content":{"rendered":"<p style=\"text-align: justify;\">Il cammino di un praticante di Aikido per arrivare all&#8217;ambita cintura nera \u00e8 ricco di piccole tappe intermedie che lo portano ad una conoscenza sempre maggiore. Il 10 marzo all&#8217;Aikido Vittorio Veneto si \u00e8 svolta la prima sessione di esami\u00a0del 2013 per l&#8217;avanzamento di grado. L&#8217;occasione \u00e8 stata buona per organizzare un Seminar diretto dal Maestro Sandro Lucagnano al quale hanno partecipato anche gli amici del Takemusu Aikido Padova.\u00a0Nel corso del seminar sono state approfondite le tecniche poi richieste agli esami individuali che si sono svolti nel pomeriggio e che hanno visto impegnati numerosi aikidoka.<\/p>\n<p style=\"text-align: justify;\">Grandi complimenti vanno quindi ai candidati che hanno superato brillantemente l&#8217;esame:<\/p>\n<div style=\"text-align: center;\">Marco Olivi &#8211; Cintura Gialla 5\u00b0 Kyu<\/div>\n<div style=\"text-align: center;\">Seminara Gianluca &#8211;\u00a0Cintura\u00a0Gialla 5\u00b0 Kyu<\/div>\n<div style=\"text-align: center;\">Antonio Steffan &#8211; Cintura Verde 3\u00b0 Kyu<\/div>\n<div style=\"text-align: center;\">Cosimo Cherchi &#8211; Cintura Verde 3\u00b0 Kyu<\/div>\n<div style=\"text-align: center;\">Emanuele Sitton &#8211; Cintura Verde 3\u00b0 Kyu<\/div>\n<div style=\"text-align: center;\">Guarnieri Getulio &#8211;\u00a0Cintura\u00a0Verde 3\u00b0 Kyu<\/div>\n<div style=\"text-align: center;\">Lunetti Marco\u00a0&#8211;\u00a0Cintura\u00a0Verde 3\u00b0 Kyu<\/div>\n<div style=\"text-align: center;\">Zago Daniele &#8211;\u00a0Cintura\u00a0Verde 3\u00b0 Kyu<\/div>\n<p style=\"text-align: justify;\">\n<div style=\"text-align: justify;\"><a href=\"http:\/\/www.aikido-origin.it\/wp-content\/uploads\/2013\/03\/10-03-2013-esame-cinture-verdi.jpg\"><img loading=\"lazy\" decoding=\"async\" class=\"aligncenter size-medium wp-image-363\" src=\"http:\/\/www.aikido-origin.it\/wp-content\/uploads\/2013\/03\/10-03-2013-esame-cinture-verdi-300x162.jpg\" alt=\"10-03-2013 esame cinture verdi\" width=\"300\" height=\"162\" srcset=\"https:\/\/www.aikido-origin.it\/wordpress\/wp-content\/uploads\/2013\/03\/10-03-2013-esame-cinture-verdi-300x162.jpg 300w, https:\/\/www.aikido-origin.it\/wordpress\/wp-content\/uploads\/2013\/03\/10-03-2013-esame-cinture-verdi-1024x553.jpg 1024w, https:\/\/www.aikido-origin.it\/wordpress\/wp-content\/uploads\/2013\/03\/10-03-2013-esame-cinture-verdi-500x270.jpg 500w\" sizes=\"auto, (max-width: 300px) 100vw, 300px\" \/><\/a><\/div>\n<p style=\"text-align: justify;\">Se da un lato il corso Adulti \u00e8 gi\u00e0 una solida realt\u00e0, particolari complimenti vanno fatti al Maestro Marco De Bastiani che ha portato gli aikidoka del suo corso bambini nato quest&#8217;anno al conseguimento del loro primo grado con il superamento di un eccelso esame.<\/p>\n<div style=\"text-align: center;\">Complimenti quindi a :<\/div>\n<div style=\"text-align: center;\">Biz Eleonora &#8211; Cintura Bianco Gialla<\/div>\n<div style=\"text-align: center;\">Biz Fabio\u00a0&#8211; Cintura Bianco Gialla<\/div>\n<div style=\"text-align: center;\">Biz Valentina\u00a0&#8211;\u00a0Cintura Bianco Gialla<\/div>\n<div style=\"text-align: center;\">Polesel Paolo\u00a0&#8211;\u00a0Cintura Bianco Gialla<\/div>\n<p style=\"text-align: justify;\">\n<p><a href=\"http:\/\/www.aikido-origin.it\/wp-content\/uploads\/2013\/03\/Marco-e-Corso-Bambini.jpg\"><img loading=\"lazy\" decoding=\"async\" class=\"aligncenter size-medium wp-image-364\" src=\"http:\/\/www.aikido-origin.it\/wp-content\/uploads\/2013\/03\/Marco-e-Corso-Bambini-300x224.jpg\" alt=\"Marco e Corso Bambini\" width=\"300\" height=\"224\" srcset=\"https:\/\/www.aikido-origin.it\/wordpress\/wp-content\/uploads\/2013\/03\/Marco-e-Corso-Bambini-300x224.jpg 300w, https:\/\/www.aikido-origin.it\/wordpress\/wp-content\/uploads\/2013\/03\/Marco-e-Corso-Bambini-1024x765.jpg 1024w, https:\/\/www.aikido-origin.it\/wordpress\/wp-content\/uploads\/2013\/03\/Marco-e-Corso-Bambini-401x300.jpg 401w\" sizes=\"auto, (max-width: 300px) 100vw, 300px\" \/><\/a><\/p>\n","protected":false},"excerpt":{"rendered":"<p>Il cammino di un praticante di Aikido per arrivare all&#8217;ambita cintura nera \u00e8 ricco di piccole tappe intermedie che lo portano ad una conoscenza sempre maggiore. Il 10 marzo all&#8217;Aikido Vittorio Veneto si \u00e8 svolta la prima sessione di esami\u00a0del 2013 per l&#8217;avanzamento di grado. L&#8217;occasione \u00e8 stata buona per &hellip;<\/p>\n","protected":false},"author":1,"featured_media":0,"comment_status":"closed","ping_status":"open","sticky":false,"template":"","format":"standard","meta":{"sfsi_plus_gutenberg_text_before_share":"","sfsi_plus_gutenberg_show_text_before_share":"","sfsi_plus_gutenberg_icon_type":"","sfsi_plus_gutenberg_icon_alignemt":"","sfsi_plus_gutenburg_max_per_row":"","_jetpack_memberships_contains_paid_content":false,"footnotes":""},"categories":[6],"tags":[],"class_list":["post-281","post","type-post","status-publish","format-standard","hentry","category-articoli"],"yoast_head":"<!-- This site is optimized with the Yoast SEO plugin v25.6 - https:\/\/yoast.com\/wordpress\/plugins\/seo\/ -->\n<title>Prima sessione di Esami 2013! - Aikido Origin<\/title>\n<meta name=\"robots\" content=\"index, follow, max-snippet:-1, max-image-preview:large, max-video-preview:-1\" \/>\n<link rel=\"canonical\" href=\"https:\/\/www.aikido-origin.it\/?p=281\" \/>\n<meta property=\"og:locale\" content=\"it_IT\" \/>\n<meta property=\"og:type\" content=\"article\" \/>\n<meta property=\"og:title\" content=\"Prima sessione di Esami 2013! - Aikido Origin\" \/>\n<meta property=\"og:description\" content=\"Il cammino di un praticante di Aikido per arrivare all&#8217;ambita cintura nera \u00e8 ricco di piccole tappe intermedie che lo portano ad una conoscenza sempre maggiore. Il 10 marzo all&#8217;Aikido Vittorio Veneto si \u00e8 svolta la prima sessione di esami\u00a0del 2013 per l&#8217;avanzamento di grado. L&#8217;occasione \u00e8 stata buona per &hellip;\" \/>\n<meta property=\"og:url\" content=\"https:\/\/www.aikido-origin.it\/?p=281\" \/>\n<meta property=\"og:site_name\" content=\"Aikido Origin\" \/>\n<meta property=\"article:publisher\" content=\"https:\/\/www.facebook.com\/AikidoOrigin\" \/>\n<meta property=\"article:published_time\" content=\"2013-03-10T08:53:34+00:00\" \/>\n<meta property=\"article:modified_time\" content=\"2015-02-09T20:47:34+00:00\" \/>\n<meta property=\"og:image\" content=\"http:\/\/www.aikido-origin.it\/wp-content\/uploads\/2013\/03\/10-03-2013-esame-cinture-verdi-300x162.jpg\" \/>\n<meta name=\"author\" content=\"AdminSensei\" \/>\n<meta name=\"twitter:card\" content=\"summary_large_image\" \/>\n<meta name=\"twitter:label1\" content=\"Scritto da\" \/>\n\t<meta name=\"twitter:data1\" content=\"AdminSensei\" \/>\n\t<meta name=\"twitter:label2\" content=\"Tempo di lettura stimato\" \/>\n\t<meta name=\"twitter:data2\" content=\"1 minuto\" \/>\n<script type=\"application\/ld+json\" class=\"yoast-schema-graph\">{\"@context\":\"https:\/\/schema.org\",\"@graph\":[{\"@type\":\"Article\",\"@id\":\"https:\/\/www.aikido-origin.it\/?p=281#article\",\"isPartOf\":{\"@id\":\"https:\/\/www.aikido-origin.it\/?p=281\"},\"author\":{\"name\":\"AdminSensei\",\"@id\":\"https:\/\/www.aikido-origin.it\/#\/schema\/person\/5f355cfd81900cfddcbb83493964aae4\"},\"headline\":\"Prima sessione di Esami 2013!\",\"datePublished\":\"2013-03-10T08:53:34+00:00\",\"dateModified\":\"2015-02-09T20:47:34+00:00\",\"mainEntityOfPage\":{\"@id\":\"https:\/\/www.aikido-origin.it\/?p=281\"},\"wordCount\":232,\"publisher\":{\"@id\":\"https:\/\/www.aikido-origin.it\/#organization\"},\"image\":{\"@id\":\"https:\/\/www.aikido-origin.it\/?p=281#primaryimage\"},\"thumbnailUrl\":\"http:\/\/www.aikido-origin.it\/wp-content\/uploads\/2013\/03\/10-03-2013-esame-cinture-verdi-300x162.jpg\",\"articleSection\":[\"Articoli\"],\"inLanguage\":\"it-IT\"},{\"@type\":\"WebPage\",\"@id\":\"https:\/\/www.aikido-origin.it\/?p=281\",\"url\":\"https:\/\/www.aikido-origin.it\/?p=281\",\"name\":\"Prima sessione di Esami 2013! - Aikido Origin\",\"isPartOf\":{\"@id\":\"https:\/\/www.aikido-origin.it\/#website\"},\"primaryImageOfPage\":{\"@id\":\"https:\/\/www.aikido-origin.it\/?p=281#primaryimage\"},\"image\":{\"@id\":\"https:\/\/www.aikido-origin.it\/?p=281#primaryimage\"},\"thumbnailUrl\":\"http:\/\/www.aikido-origin.it\/wp-content\/uploads\/2013\/03\/10-03-2013-esame-cinture-verdi-300x162.jpg\",\"datePublished\":\"2013-03-10T08:53:34+00:00\",\"dateModified\":\"2015-02-09T20:47:34+00:00\",\"breadcrumb\":{\"@id\":\"https:\/\/www.aikido-origin.it\/?p=281#breadcrumb\"},\"inLanguage\":\"it-IT\",\"potentialAction\":[{\"@type\":\"ReadAction\",\"target\":[\"https:\/\/www.aikido-origin.it\/?p=281\"]}]},{\"@type\":\"ImageObject\",\"inLanguage\":\"it-IT\",\"@id\":\"https:\/\/www.aikido-origin.it\/?p=281#primaryimage\",\"url\":\"https:\/\/www.aikido-origin.it\/wordpress\/wp-content\/uploads\/2013\/03\/10-03-2013-esame-cinture-verdi.jpg\",\"contentUrl\":\"https:\/\/www.aikido-origin.it\/wordpress\/wp-content\/uploads\/2013\/03\/10-03-2013-esame-cinture-verdi.jpg\",\"width\":2426,\"height\":1311},{\"@type\":\"BreadcrumbList\",\"@id\":\"https:\/\/www.aikido-origin.it\/?p=281#breadcrumb\",\"itemListElement\":[{\"@type\":\"ListItem\",\"position\":1,\"name\":\"Home\",\"item\":\"https:\/\/www.aikido-origin.it\/\"},{\"@type\":\"ListItem\",\"position\":2,\"name\":\"Prima sessione di Esami 2013!\"}]},{\"@type\":\"WebSite\",\"@id\":\"https:\/\/www.aikido-origin.it\/#website\",\"url\":\"https:\/\/www.aikido-origin.it\/\",\"name\":\"Aikido Origin\",\"description\":\"The Art of Peace\",\"publisher\":{\"@id\":\"https:\/\/www.aikido-origin.it\/#organization\"},\"potentialAction\":[{\"@type\":\"SearchAction\",\"target\":{\"@type\":\"EntryPoint\",\"urlTemplate\":\"https:\/\/www.aikido-origin.it\/?s={search_term_string}\"},\"query-input\":{\"@type\":\"PropertyValueSpecification\",\"valueRequired\":true,\"valueName\":\"search_term_string\"}}],\"inLanguage\":\"it-IT\"},{\"@type\":\"Organization\",\"@id\":\"https:\/\/www.aikido-origin.it\/#organization\",\"name\":\"Aikido Origin\",\"url\":\"https:\/\/www.aikido-origin.it\/\",\"logo\":{\"@type\":\"ImageObject\",\"inLanguage\":\"it-IT\",\"@id\":\"https:\/\/www.aikido-origin.it\/#\/schema\/logo\/image\/\",\"url\":\"https:\/\/www.aikido-origin.it\/wordpress\/wp-content\/uploads\/2019\/09\/cropped-AIKIDO-ORIGIN-DEFINITIVO-1-1.png\",\"contentUrl\":\"https:\/\/www.aikido-origin.it\/wordpress\/wp-content\/uploads\/2019\/09\/cropped-AIKIDO-ORIGIN-DEFINITIVO-1-1.png\",\"width\":1002,\"height\":1042,\"caption\":\"Aikido Origin\"},\"image\":{\"@id\":\"https:\/\/www.aikido-origin.it\/#\/schema\/logo\/image\/\"},\"sameAs\":[\"https:\/\/www.facebook.com\/AikidoOrigin\",\"https:\/\/www.youtube.com\/AikidoOrigin\",\"https:\/\/www.instagram.com\/aikido_origin\"]},{\"@type\":\"Person\",\"@id\":\"https:\/\/www.aikido-origin.it\/#\/schema\/person\/5f355cfd81900cfddcbb83493964aae4\",\"name\":\"AdminSensei\",\"image\":{\"@type\":\"ImageObject\",\"inLanguage\":\"it-IT\",\"@id\":\"https:\/\/www.aikido-origin.it\/#\/schema\/person\/image\/\",\"url\":\"https:\/\/secure.gravatar.com\/avatar\/73767cd6cd374cc216306eebd0d67968?s=96&d=mm&r=g\",\"contentUrl\":\"https:\/\/secure.gravatar.com\/avatar\/73767cd6cd374cc216306eebd0d67968?s=96&d=mm&r=g\",\"caption\":\"AdminSensei\"},\"url\":\"https:\/\/www.aikido-origin.it\/?author=1\"}]}<\/script>\n<!-- \/ Yoast SEO plugin. -->","yoast_head_json":{"title":"Prima sessione di Esami 2013! - Aikido Origin","robots":{"index":"index","follow":"follow","max-snippet":"max-snippet:-1","max-image-preview":"max-image-preview:large","max-video-preview":"max-video-preview:-1"},"canonical":"https:\/\/www.aikido-origin.it\/?p=281","og_locale":"it_IT","og_type":"article","og_title":"Prima sessione di Esami 2013! - Aikido Origin","og_description":"Il cammino di un praticante di Aikido per arrivare all&#8217;ambita cintura nera \u00e8 ricco di piccole tappe intermedie che lo portano ad una conoscenza sempre maggiore. Il 10 marzo all&#8217;Aikido Vittorio Veneto si \u00e8 svolta la prima sessione di esami\u00a0del 2013 per l&#8217;avanzamento di grado. L&#8217;occasione \u00e8 stata buona per &hellip;","og_url":"https:\/\/www.aikido-origin.it\/?p=281","og_site_name":"Aikido Origin","article_publisher":"https:\/\/www.facebook.com\/AikidoOrigin","article_published_time":"2013-03-10T08:53:34+00:00","article_modified_time":"2015-02-09T20:47:34+00:00","og_image":[{"url":"http:\/\/www.aikido-origin.it\/wp-content\/uploads\/2013\/03\/10-03-2013-esame-cinture-verdi-300x162.jpg","type":"","width":"","height":""}],"author":"AdminSensei","twitter_card":"summary_large_image","twitter_misc":{"Scritto da":"AdminSensei","Tempo di lettura stimato":"1 minuto"},"schema":{"@context":"https:\/\/schema.org","@graph":[{"@type":"Article","@id":"https:\/\/www.aikido-origin.it\/?p=281#article","isPartOf":{"@id":"https:\/\/www.aikido-origin.it\/?p=281"},"author":{"name":"AdminSensei","@id":"https:\/\/www.aikido-origin.it\/#\/schema\/person\/5f355cfd81900cfddcbb83493964aae4"},"headline":"Prima sessione di Esami 2013!","datePublished":"2013-03-10T08:53:34+00:00","dateModified":"2015-02-09T20:47:34+00:00","mainEntityOfPage":{"@id":"https:\/\/www.aikido-origin.it\/?p=281"},"wordCount":232,"publisher":{"@id":"https:\/\/www.aikido-origin.it\/#organization"},"image":{"@id":"https:\/\/www.aikido-origin.it\/?p=281#primaryimage"},"thumbnailUrl":"http:\/\/www.aikido-origin.it\/wp-content\/uploads\/2013\/03\/10-03-2013-esame-cinture-verdi-300x162.jpg","articleSection":["Articoli"],"inLanguage":"it-IT"},{"@type":"WebPage","@id":"https:\/\/www.aikido-origin.it\/?p=281","url":"https:\/\/www.aikido-origin.it\/?p=281","name":"Prima sessione di Esami 2013! - Aikido Origin","isPartOf":{"@id":"https:\/\/www.aikido-origin.it\/#website"},"primaryImageOfPage":{"@id":"https:\/\/www.aikido-origin.it\/?p=281#primaryimage"},"image":{"@id":"https:\/\/www.aikido-origin.it\/?p=281#primaryimage"},"thumbnailUrl":"http:\/\/www.aikido-origin.it\/wp-content\/uploads\/2013\/03\/10-03-2013-esame-cinture-verdi-300x162.jpg","datePublished":"2013-03-10T08:53:34+00:00","dateModified":"2015-02-09T20:47:34+00:00","breadcrumb":{"@id":"https:\/\/www.aikido-origin.it\/?p=281#breadcrumb"},"inLanguage":"it-IT","potentialAction":[{"@type":"ReadAction","target":["https:\/\/www.aikido-origin.it\/?p=281"]}]},{"@type":"ImageObject","inLanguage":"it-IT","@id":"https:\/\/www.aikido-origin.it\/?p=281#primaryimage","url":"https:\/\/www.aikido-origin.it\/wordpress\/wp-content\/uploads\/2013\/03\/10-03-2013-esame-cinture-verdi.jpg","contentUrl":"https:\/\/www.aikido-origin.it\/wordpress\/wp-content\/uploads\/2013\/03\/10-03-2013-esame-cinture-verdi.jpg","width":2426,"height":1311},{"@type":"BreadcrumbList","@id":"https:\/\/www.aikido-origin.it\/?p=281#breadcrumb","itemListElement":[{"@type":"ListItem","position":1,"name":"Home","item":"https:\/\/www.aikido-origin.it\/"},{"@type":"ListItem","position":2,"name":"Prima sessione di Esami 2013!"}]},{"@type":"WebSite","@id":"https:\/\/www.aikido-origin.it\/#website","url":"https:\/\/www.aikido-origin.it\/","name":"Aikido Origin","description":"The Art of Peace","publisher":{"@id":"https:\/\/www.aikido-origin.it\/#organization"},"potentialAction":[{"@type":"SearchAction","target":{"@type":"EntryPoint","urlTemplate":"https:\/\/www.aikido-origin.it\/?s={search_term_string}"},"query-input":{"@type":"PropertyValueSpecification","valueRequired":true,"valueName":"search_term_string"}}],"inLanguage":"it-IT"},{"@type":"Organization","@id":"https:\/\/www.aikido-origin.it\/#organization","name":"Aikido Origin","url":"https:\/\/www.aikido-origin.it\/","logo":{"@type":"ImageObject","inLanguage":"it-IT","@id":"https:\/\/www.aikido-origin.it\/#\/schema\/logo\/image\/","url":"https:\/\/www.aikido-origin.it\/wordpress\/wp-content\/uploads\/2019\/09\/cropped-AIKIDO-ORIGIN-DEFINITIVO-1-1.png","contentUrl":"https:\/\/www.aikido-origin.it\/wordpress\/wp-content\/uploads\/2019\/09\/cropped-AIKIDO-ORIGIN-DEFINITIVO-1-1.png","width":1002,"height":1042,"caption":"Aikido Origin"},"image":{"@id":"https:\/\/www.aikido-origin.it\/#\/schema\/logo\/image\/"},"sameAs":["https:\/\/www.facebook.com\/AikidoOrigin","https:\/\/www.youtube.com\/AikidoOrigin","https:\/\/www.instagram.com\/aikido_origin"]},{"@type":"Person","@id":"https:\/\/www.aikido-origin.it\/#\/schema\/person\/5f355cfd81900cfddcbb83493964aae4","name":"AdminSensei","image":{"@type":"ImageObject","inLanguage":"it-IT","@id":"https:\/\/www.aikido-origin.it\/#\/schema\/person\/image\/","url":"https:\/\/secure.gravatar.com\/avatar\/73767cd6cd374cc216306eebd0d67968?s=96&d=mm&r=g","contentUrl":"https:\/\/secure.gravatar.com\/avatar\/73767cd6cd374cc216306eebd0d67968?s=96&d=mm&r=g","caption":"AdminSensei"},"url":"https:\/\/www.aikido-origin.it\/?author=1"}]}},"jetpack_featured_media_url":"","jetpack_sharing_enabled":true,"_links":{"self":[{"href":"https:\/\/www.aikido-origin.it\/index.php?rest_route=\/wp\/v2\/posts\/281","targetHints":{"allow":["GET"]}}],"collection":[{"href":"https:\/\/www.aikido-origin.it\/index.php?rest_route=\/wp\/v2\/posts"}],"about":[{"href":"https:\/\/www.aikido-origin.it\/index.php?rest_route=\/wp\/v2\/types\/post"}],"author":[{"embeddable":true,"href":"https:\/\/www.aikido-origin.it\/index.php?rest_route=\/wp\/v2\/users\/1"}],"replies":[{"embeddable":true,"href":"https:\/\/www.aikido-origin.it\/index.php?rest_route=%2Fwp%2Fv2%2Fcomments&post=281"}],"version-history":[{"count":11,"href":"https:\/\/www.aikido-origin.it\/index.php?rest_route=\/wp\/v2\/posts\/281\/revisions"}],"predecessor-version":[{"id":846,"href":"https:\/\/www.aikido-origin.it\/index.php?rest_route=\/wp\/v2\/posts\/281\/revisions\/846"}],"wp:attachment":[{"href":"https:\/\/www.aikido-origin.it\/index.php?rest_route=%2Fwp%2Fv2%2Fmedia&parent=281"}],"wp:term":[{"taxonomy":"category","embeddable":true,"href":"https:\/\/www.aikido-origin.it\/index.php?rest_route=%2Fwp%2Fv2%2Fcategories&post=281"},{"taxonomy":"post_tag","embeddable":true,"href":"https:\/\/www.aikido-origin.it\/index.php?rest_route=%2Fwp%2Fv2%2Ftags&post=281"}],"curies":[{"name":"wp","href":"https:\/\/api.w.org\/{rel}","templated":true}]}}