{"id":546,"date":"2013-10-07T16:13:41","date_gmt":"2013-10-07T14:13:41","guid":{"rendered":"http:\/\/www.aikido-vittorioveneto.it\/?p=546"},"modified":"2013-11-28T17:02:28","modified_gmt":"2013-11-28T16:02:28","slug":"laikido-mondiale-a-vittorio-veneto","status":"publish","type":"post","link":"https:\/\/www.aikido-origin.it\/?p=546","title":{"rendered":"L&#8217;Aikido Mondiale a Vittorio Veneto"},"content":{"rendered":"<p style=\"text-align: justify;\"><b><em>Dall&#8217;11 al 13 Ottobre <del>al Palasport di Vittorio Veneto (accanto alle piscine comunali)<\/del>\u00a0alla palestra Pontavai di Vittorio Veneto (in via Zanette 13, a pochi passi dal Palazzetto dello sport)\u00a0siete tutti invitati ad assistere alle dimostrazioni di Aikido. INGRESSO LIBERO.<\/em> <\/b><\/p>\n<p style=\"text-align: justify;\">Se l&#8217;Aikido per alcuni versi \u00e8 ancora poco conosciuto, a Vittorio Veneto rappresenta invece una realt\u00e0 ormai consolidata da anni. Questa disciplina, nata in Giappone con il Maestro Morihei Ueshiba, \u00e8 arrivata al Palasport Vittoriese nell&#8217;ormai lontano 1995 grazie al Maestro Gianpietro Vascellari, prima cintura nera dell&#8217;Aikido vittoriese. In pochi anni quest&#8217; arte marziale si \u00e8 quindi diffusa rapidamente nel territorio, sia per le caratteristiche peculiari ed uniche nel suo genere, che per la passione e competenza di insegnanti come il grande e compianto Maestro Fausto De Compadri e l&#8217;attuale bravo Maestro Sandro Lucagnano.<\/p>\n<p style=\"text-align: justify;\">Se la televisione ci ha infatti abituato a vedere un&#8217;infinit\u00e0 di film dove la violenza \u00e8 di casa con pugni e calci che si sprecano sia tra &#8220;buoni&#8221; che naturalmente fra i &#8220;cattivi&#8221;, nell&#8217;Aikido tutto questo viene invece rovesciato. All&#8217;aggressione si risponde infatti in modo flessibile e ragionato, cedendo e mandando a vuoto ogni forma di attacco, in modo da sfruttare l&#8217;impeto dell&#8217;aggressore a tutto vantaggio dell&#8217;aggredito. Con uno schema quindi insolito, in questa disciplina la difesa non avviene quindi &#8220;contro&#8221; ma &#8220;con&#8221; l&#8217;avversario cedendo e sfruttando la forza di quest&#8217;ultimo, per guidarlo verso movimenti e tecniche in grado di renderlo alla fine inoffensivo, senza per questo procurargli alcun danno. Paradossalmente quindi, pi\u00f9 deciso e convinto \u00e8 l&#8217;impeto dell&#8217;aggressore, tanto peggio finir\u00e0 il suo attacco. <em>Questi sono i principi base di un&#8217; arte marziale non violenta come l&#8217;Aikido<\/em>. Una disciplina se vogliamo <strong>rivoluzionaria<\/strong> perch\u00e9 invece di rispondere all&#8217; aggressivit\u00e0 con nuova violenza, <strong>accoglie<\/strong> al contrario ogni forma di attacco rendendolo praticamente vano. La genialit\u00e0 di questo principio, sta infatti nello scoraggiare la violenza, ritorcendo contro l&#8217;aggressore i suoi stessi movimenti fino a &#8220;spegnere&#8221; ogni forma di aggressivit\u00e0. Il principio \u00e8 quindi tanto semplice quanto efficace, ma come ogni altro aspetto positivo della vita, va&#8217; coltivato ed educato per allontanare da noi la sempre presente tentazione di una risposta violenta ai problemi quotidiani.<\/p>\n<p style=\"text-align: justify;\">Visto il livello tecnico dei partecipanti, per i tanti appassionati di quest&#8217;Arte Marziale <strong>il Seminar sar\u00e0 quindi un&#8217;opportunit\u00e0 quanto mai preziosa per vedere all&#8217;opera i migliori esperti di Aikido<\/strong> sia in campo europeo che quelli provenienti dal continente americano. Si invita dunque la cittadinanza ad <strong>assistere all&#8217;evento e alle dimostrazioni<\/strong> di questa Arte Marziale nei seguenti giorni <strong>presso <\/strong><del>il Palazzetto dello Sport di Vittorio Veneto<\/del><del> (accanto alle piscine comunali)<\/del>\u00a0<strong>la palestra Pontavai di Vittorio Veneto<\/strong> (in via Zanette 13, a pochi passi dal Palazzetto dello sport):<\/p>\n<p style=\"text-align: justify;\">Venerd\u00ec 11: dalle ore 19.00 alle ore 21.00<br \/>\nSabato 12: dalle ore 10.00 alle ore 19.00<br \/>\nDomenica 13: dalle ore 10.00 alle ore 13.00<\/p>\n<p style=\"text-align: justify;\">A salutare gli ospiti non mancheranno le autorit\u00e0, a cominciare dal sindaco di Vittorio Veneto Gianantonio Da Re, per seguire coi rappresentanti della Provincia del C.O.N.I. della Federazione Italiana F.I.J.LK.A.M. e della LIBERTAS per un appuntamento vittoriese tutto da vedere ed oltretutto ad <strong>INGRESSO LIBERO<\/strong>.<\/p>\n<p style=\"text-align: justify;\">Si ringraziano: Banca Prealpi, Centro estetico Coco Sun, Re del Gelato, Ristorante Pizzeria Gennaro, Fioreria Primavera, Cesca Autoscuola, Bar Lux, Gelateria e Creperia Hop Hop, Pizzeria 128, Furlan Vini, Amadeus Strumenti Musicali, Boianoflon Plastici per l&#8217;Industria, SeveSoft, Phebo Stufe, i Bibanesi, Nuova Shobudo, La Formaggeria di Faraon Corrado e Orve Pubblicit\u00e0.<\/p>\n<p><img loading=\"lazy\" decoding=\"async\" class=\"size-full wp-image-547 aligncenter\" alt=\"Locandina L'AIKIDO MONDIALE A VITTORIO VENETO\" src=\"http:\/\/www.aikido-origin.it\/wp-content\/uploads\/2013\/10\/Locandina-LAIKIDO-MONDIALE-A-VITTORIO-VENETO.jpg\" width=\"393\" height=\"556\" srcset=\"https:\/\/www.aikido-origin.it\/wordpress\/wp-content\/uploads\/2013\/10\/Locandina-LAIKIDO-MONDIALE-A-VITTORIO-VENETO.jpg 393w, https:\/\/www.aikido-origin.it\/wordpress\/wp-content\/uploads\/2013\/10\/Locandina-LAIKIDO-MONDIALE-A-VITTORIO-VENETO-212x300.jpg 212w\" sizes=\"auto, (max-width: 393px) 100vw, 393px\" \/><\/p>\n<p>Are you ready for Gasshuku? <a href=\"http:\/\/www.youtube.com\/watch?v=OYK-r9IWKhY\">CLICCA QUI<\/a> e guarda il video su YouTube!<\/p>\n","protected":false},"excerpt":{"rendered":"<p>Dall&#8217;11 al 13 Ottobre al Palasport di Vittorio Veneto (accanto alle piscine comunali)\u00a0alla palestra Pontavai di Vittorio Veneto (in via Zanette 13, a pochi passi dal Palazzetto dello sport)\u00a0siete tutti invitati ad assistere alle dimostrazioni di Aikido. INGRESSO LIBERO. Se l&#8217;Aikido per alcuni versi \u00e8 ancora poco conosciuto, a Vittorio &hellip;<\/p>\n","protected":false},"author":1,"featured_media":0,"comment_status":"closed","ping_status":"open","sticky":false,"template":"","format":"standard","meta":{"sfsi_plus_gutenberg_text_before_share":"","sfsi_plus_gutenberg_show_text_before_share":"","sfsi_plus_gutenberg_icon_type":"","sfsi_plus_gutenberg_icon_alignemt":"","sfsi_plus_gutenburg_max_per_row":"","_jetpack_memberships_contains_paid_content":false,"footnotes":""},"categories":[6,1],"tags":[],"class_list":["post-546","post","type-post","status-publish","format-standard","hentry","category-articoli","category-articoli-seminar"],"yoast_head":"<!-- This site is optimized with the Yoast SEO plugin v25.6 - https:\/\/yoast.com\/wordpress\/plugins\/seo\/ -->\n<title>L&#039;Aikido Mondiale a Vittorio Veneto - Aikido Origin<\/title>\n<meta name=\"robots\" content=\"index, follow, max-snippet:-1, max-image-preview:large, max-video-preview:-1\" \/>\n<link rel=\"canonical\" href=\"https:\/\/www.aikido-origin.it\/?p=546\" \/>\n<meta property=\"og:locale\" content=\"it_IT\" \/>\n<meta property=\"og:type\" content=\"article\" \/>\n<meta property=\"og:title\" content=\"L&#039;Aikido Mondiale a Vittorio Veneto - Aikido Origin\" \/>\n<meta property=\"og:description\" content=\"Dall&#8217;11 al 13 Ottobre al Palasport di Vittorio Veneto (accanto alle piscine comunali)\u00a0alla palestra Pontavai di Vittorio Veneto (in via Zanette 13, a pochi passi dal Palazzetto dello sport)\u00a0siete tutti invitati ad assistere alle dimostrazioni di Aikido. INGRESSO LIBERO. Se l&#8217;Aikido per alcuni versi \u00e8 ancora poco conosciuto, a Vittorio &hellip;\" \/>\n<meta property=\"og:url\" content=\"https:\/\/www.aikido-origin.it\/?p=546\" \/>\n<meta property=\"og:site_name\" content=\"Aikido Origin\" \/>\n<meta property=\"article:publisher\" content=\"https:\/\/www.facebook.com\/AikidoOrigin\" \/>\n<meta property=\"article:published_time\" content=\"2013-10-07T14:13:41+00:00\" \/>\n<meta property=\"article:modified_time\" content=\"2013-11-28T16:02:28+00:00\" \/>\n<meta property=\"og:image\" content=\"http:\/\/www.aikido-origin.it\/wp-content\/uploads\/2013\/10\/Locandina-LAIKIDO-MONDIALE-A-VITTORIO-VENETO.jpg\" \/>\n<meta name=\"author\" content=\"AdminSensei\" \/>\n<meta name=\"twitter:card\" content=\"summary_large_image\" \/>\n<meta name=\"twitter:label1\" content=\"Scritto da\" \/>\n\t<meta name=\"twitter:data1\" content=\"AdminSensei\" \/>\n\t<meta name=\"twitter:label2\" content=\"Tempo di lettura stimato\" \/>\n\t<meta name=\"twitter:data2\" content=\"3 minuti\" \/>\n<script type=\"application\/ld+json\" class=\"yoast-schema-graph\">{\"@context\":\"https:\/\/schema.org\",\"@graph\":[{\"@type\":\"Article\",\"@id\":\"https:\/\/www.aikido-origin.it\/?p=546#article\",\"isPartOf\":{\"@id\":\"https:\/\/www.aikido-origin.it\/?p=546\"},\"author\":{\"name\":\"AdminSensei\",\"@id\":\"https:\/\/www.aikido-origin.it\/#\/schema\/person\/5f355cfd81900cfddcbb83493964aae4\"},\"headline\":\"L&#8217;Aikido Mondiale a Vittorio Veneto\",\"datePublished\":\"2013-10-07T14:13:41+00:00\",\"dateModified\":\"2013-11-28T16:02:28+00:00\",\"mainEntityOfPage\":{\"@id\":\"https:\/\/www.aikido-origin.it\/?p=546\"},\"wordCount\":591,\"publisher\":{\"@id\":\"https:\/\/www.aikido-origin.it\/#organization\"},\"image\":{\"@id\":\"https:\/\/www.aikido-origin.it\/?p=546#primaryimage\"},\"thumbnailUrl\":\"http:\/\/www.aikido-origin.it\/wp-content\/uploads\/2013\/10\/Locandina-LAIKIDO-MONDIALE-A-VITTORIO-VENETO.jpg\",\"articleSection\":[\"Articoli\",\"I Nostri Seminar\"],\"inLanguage\":\"it-IT\"},{\"@type\":\"WebPage\",\"@id\":\"https:\/\/www.aikido-origin.it\/?p=546\",\"url\":\"https:\/\/www.aikido-origin.it\/?p=546\",\"name\":\"L'Aikido Mondiale a Vittorio Veneto - Aikido Origin\",\"isPartOf\":{\"@id\":\"https:\/\/www.aikido-origin.it\/#website\"},\"primaryImageOfPage\":{\"@id\":\"https:\/\/www.aikido-origin.it\/?p=546#primaryimage\"},\"image\":{\"@id\":\"https:\/\/www.aikido-origin.it\/?p=546#primaryimage\"},\"thumbnailUrl\":\"http:\/\/www.aikido-origin.it\/wp-content\/uploads\/2013\/10\/Locandina-LAIKIDO-MONDIALE-A-VITTORIO-VENETO.jpg\",\"datePublished\":\"2013-10-07T14:13:41+00:00\",\"dateModified\":\"2013-11-28T16:02:28+00:00\",\"breadcrumb\":{\"@id\":\"https:\/\/www.aikido-origin.it\/?p=546#breadcrumb\"},\"inLanguage\":\"it-IT\",\"potentialAction\":[{\"@type\":\"ReadAction\",\"target\":[\"https:\/\/www.aikido-origin.it\/?p=546\"]}]},{\"@type\":\"ImageObject\",\"inLanguage\":\"it-IT\",\"@id\":\"https:\/\/www.aikido-origin.it\/?p=546#primaryimage\",\"url\":\"https:\/\/www.aikido-origin.it\/wordpress\/wp-content\/uploads\/2013\/10\/Locandina-LAIKIDO-MONDIALE-A-VITTORIO-VENETO.jpg\",\"contentUrl\":\"https:\/\/www.aikido-origin.it\/wordpress\/wp-content\/uploads\/2013\/10\/Locandina-LAIKIDO-MONDIALE-A-VITTORIO-VENETO.jpg\",\"width\":393,\"height\":556},{\"@type\":\"BreadcrumbList\",\"@id\":\"https:\/\/www.aikido-origin.it\/?p=546#breadcrumb\",\"itemListElement\":[{\"@type\":\"ListItem\",\"position\":1,\"name\":\"Home\",\"item\":\"https:\/\/www.aikido-origin.it\/\"},{\"@type\":\"ListItem\",\"position\":2,\"name\":\"L&#8217;Aikido Mondiale a Vittorio Veneto\"}]},{\"@type\":\"WebSite\",\"@id\":\"https:\/\/www.aikido-origin.it\/#website\",\"url\":\"https:\/\/www.aikido-origin.it\/\",\"name\":\"Aikido Origin\",\"description\":\"The Art of Peace\",\"publisher\":{\"@id\":\"https:\/\/www.aikido-origin.it\/#organization\"},\"potentialAction\":[{\"@type\":\"SearchAction\",\"target\":{\"@type\":\"EntryPoint\",\"urlTemplate\":\"https:\/\/www.aikido-origin.it\/?s={search_term_string}\"},\"query-input\":{\"@type\":\"PropertyValueSpecification\",\"valueRequired\":true,\"valueName\":\"search_term_string\"}}],\"inLanguage\":\"it-IT\"},{\"@type\":\"Organization\",\"@id\":\"https:\/\/www.aikido-origin.it\/#organization\",\"name\":\"Aikido Origin\",\"url\":\"https:\/\/www.aikido-origin.it\/\",\"logo\":{\"@type\":\"ImageObject\",\"inLanguage\":\"it-IT\",\"@id\":\"https:\/\/www.aikido-origin.it\/#\/schema\/logo\/image\/\",\"url\":\"https:\/\/www.aikido-origin.it\/wordpress\/wp-content\/uploads\/2019\/09\/cropped-AIKIDO-ORIGIN-DEFINITIVO-1-1.png\",\"contentUrl\":\"https:\/\/www.aikido-origin.it\/wordpress\/wp-content\/uploads\/2019\/09\/cropped-AIKIDO-ORIGIN-DEFINITIVO-1-1.png\",\"width\":1002,\"height\":1042,\"caption\":\"Aikido Origin\"},\"image\":{\"@id\":\"https:\/\/www.aikido-origin.it\/#\/schema\/logo\/image\/\"},\"sameAs\":[\"https:\/\/www.facebook.com\/AikidoOrigin\",\"https:\/\/www.youtube.com\/AikidoOrigin\",\"https:\/\/www.instagram.com\/aikido_origin\"]},{\"@type\":\"Person\",\"@id\":\"https:\/\/www.aikido-origin.it\/#\/schema\/person\/5f355cfd81900cfddcbb83493964aae4\",\"name\":\"AdminSensei\",\"image\":{\"@type\":\"ImageObject\",\"inLanguage\":\"it-IT\",\"@id\":\"https:\/\/www.aikido-origin.it\/#\/schema\/person\/image\/\",\"url\":\"https:\/\/secure.gravatar.com\/avatar\/73767cd6cd374cc216306eebd0d67968?s=96&d=mm&r=g\",\"contentUrl\":\"https:\/\/secure.gravatar.com\/avatar\/73767cd6cd374cc216306eebd0d67968?s=96&d=mm&r=g\",\"caption\":\"AdminSensei\"},\"url\":\"https:\/\/www.aikido-origin.it\/?author=1\"}]}<\/script>\n<!-- \/ Yoast SEO plugin. -->","yoast_head_json":{"title":"L'Aikido Mondiale a Vittorio Veneto - Aikido Origin","robots":{"index":"index","follow":"follow","max-snippet":"max-snippet:-1","max-image-preview":"max-image-preview:large","max-video-preview":"max-video-preview:-1"},"canonical":"https:\/\/www.aikido-origin.it\/?p=546","og_locale":"it_IT","og_type":"article","og_title":"L'Aikido Mondiale a Vittorio Veneto - Aikido Origin","og_description":"Dall&#8217;11 al 13 Ottobre al Palasport di Vittorio Veneto (accanto alle piscine comunali)\u00a0alla palestra Pontavai di Vittorio Veneto (in via Zanette 13, a pochi passi dal Palazzetto dello sport)\u00a0siete tutti invitati ad assistere alle dimostrazioni di Aikido. INGRESSO LIBERO. Se l&#8217;Aikido per alcuni versi \u00e8 ancora poco conosciuto, a Vittorio &hellip;","og_url":"https:\/\/www.aikido-origin.it\/?p=546","og_site_name":"Aikido Origin","article_publisher":"https:\/\/www.facebook.com\/AikidoOrigin","article_published_time":"2013-10-07T14:13:41+00:00","article_modified_time":"2013-11-28T16:02:28+00:00","og_image":[{"url":"http:\/\/www.aikido-origin.it\/wp-content\/uploads\/2013\/10\/Locandina-LAIKIDO-MONDIALE-A-VITTORIO-VENETO.jpg","type":"","width":"","height":""}],"author":"AdminSensei","twitter_card":"summary_large_image","twitter_misc":{"Scritto da":"AdminSensei","Tempo di lettura stimato":"3 minuti"},"schema":{"@context":"https:\/\/schema.org","@graph":[{"@type":"Article","@id":"https:\/\/www.aikido-origin.it\/?p=546#article","isPartOf":{"@id":"https:\/\/www.aikido-origin.it\/?p=546"},"author":{"name":"AdminSensei","@id":"https:\/\/www.aikido-origin.it\/#\/schema\/person\/5f355cfd81900cfddcbb83493964aae4"},"headline":"L&#8217;Aikido Mondiale a Vittorio Veneto","datePublished":"2013-10-07T14:13:41+00:00","dateModified":"2013-11-28T16:02:28+00:00","mainEntityOfPage":{"@id":"https:\/\/www.aikido-origin.it\/?p=546"},"wordCount":591,"publisher":{"@id":"https:\/\/www.aikido-origin.it\/#organization"},"image":{"@id":"https:\/\/www.aikido-origin.it\/?p=546#primaryimage"},"thumbnailUrl":"http:\/\/www.aikido-origin.it\/wp-content\/uploads\/2013\/10\/Locandina-LAIKIDO-MONDIALE-A-VITTORIO-VENETO.jpg","articleSection":["Articoli","I Nostri Seminar"],"inLanguage":"it-IT"},{"@type":"WebPage","@id":"https:\/\/www.aikido-origin.it\/?p=546","url":"https:\/\/www.aikido-origin.it\/?p=546","name":"L'Aikido Mondiale a Vittorio Veneto - Aikido Origin","isPartOf":{"@id":"https:\/\/www.aikido-origin.it\/#website"},"primaryImageOfPage":{"@id":"https:\/\/www.aikido-origin.it\/?p=546#primaryimage"},"image":{"@id":"https:\/\/www.aikido-origin.it\/?p=546#primaryimage"},"thumbnailUrl":"http:\/\/www.aikido-origin.it\/wp-content\/uploads\/2013\/10\/Locandina-LAIKIDO-MONDIALE-A-VITTORIO-VENETO.jpg","datePublished":"2013-10-07T14:13:41+00:00","dateModified":"2013-11-28T16:02:28+00:00","breadcrumb":{"@id":"https:\/\/www.aikido-origin.it\/?p=546#breadcrumb"},"inLanguage":"it-IT","potentialAction":[{"@type":"ReadAction","target":["https:\/\/www.aikido-origin.it\/?p=546"]}]},{"@type":"ImageObject","inLanguage":"it-IT","@id":"https:\/\/www.aikido-origin.it\/?p=546#primaryimage","url":"https:\/\/www.aikido-origin.it\/wordpress\/wp-content\/uploads\/2013\/10\/Locandina-LAIKIDO-MONDIALE-A-VITTORIO-VENETO.jpg","contentUrl":"https:\/\/www.aikido-origin.it\/wordpress\/wp-content\/uploads\/2013\/10\/Locandina-LAIKIDO-MONDIALE-A-VITTORIO-VENETO.jpg","width":393,"height":556},{"@type":"BreadcrumbList","@id":"https:\/\/www.aikido-origin.it\/?p=546#breadcrumb","itemListElement":[{"@type":"ListItem","position":1,"name":"Home","item":"https:\/\/www.aikido-origin.it\/"},{"@type":"ListItem","position":2,"name":"L&#8217;Aikido Mondiale a Vittorio Veneto"}]},{"@type":"WebSite","@id":"https:\/\/www.aikido-origin.it\/#website","url":"https:\/\/www.aikido-origin.it\/","name":"Aikido Origin","description":"The Art of Peace","publisher":{"@id":"https:\/\/www.aikido-origin.it\/#organization"},"potentialAction":[{"@type":"SearchAction","target":{"@type":"EntryPoint","urlTemplate":"https:\/\/www.aikido-origin.it\/?s={search_term_string}"},"query-input":{"@type":"PropertyValueSpecification","valueRequired":true,"valueName":"search_term_string"}}],"inLanguage":"it-IT"},{"@type":"Organization","@id":"https:\/\/www.aikido-origin.it\/#organization","name":"Aikido Origin","url":"https:\/\/www.aikido-origin.it\/","logo":{"@type":"ImageObject","inLanguage":"it-IT","@id":"https:\/\/www.aikido-origin.it\/#\/schema\/logo\/image\/","url":"https:\/\/www.aikido-origin.it\/wordpress\/wp-content\/uploads\/2019\/09\/cropped-AIKIDO-ORIGIN-DEFINITIVO-1-1.png","contentUrl":"https:\/\/www.aikido-origin.it\/wordpress\/wp-content\/uploads\/2019\/09\/cropped-AIKIDO-ORIGIN-DEFINITIVO-1-1.png","width":1002,"height":1042,"caption":"Aikido Origin"},"image":{"@id":"https:\/\/www.aikido-origin.it\/#\/schema\/logo\/image\/"},"sameAs":["https:\/\/www.facebook.com\/AikidoOrigin","https:\/\/www.youtube.com\/AikidoOrigin","https:\/\/www.instagram.com\/aikido_origin"]},{"@type":"Person","@id":"https:\/\/www.aikido-origin.it\/#\/schema\/person\/5f355cfd81900cfddcbb83493964aae4","name":"AdminSensei","image":{"@type":"ImageObject","inLanguage":"it-IT","@id":"https:\/\/www.aikido-origin.it\/#\/schema\/person\/image\/","url":"https:\/\/secure.gravatar.com\/avatar\/73767cd6cd374cc216306eebd0d67968?s=96&d=mm&r=g","contentUrl":"https:\/\/secure.gravatar.com\/avatar\/73767cd6cd374cc216306eebd0d67968?s=96&d=mm&r=g","caption":"AdminSensei"},"url":"https:\/\/www.aikido-origin.it\/?author=1"}]}},"jetpack_featured_media_url":"","jetpack_sharing_enabled":true,"_links":{"self":[{"href":"https:\/\/www.aikido-origin.it\/index.php?rest_route=\/wp\/v2\/posts\/546","targetHints":{"allow":["GET"]}}],"collection":[{"href":"https:\/\/www.aikido-origin.it\/index.php?rest_route=\/wp\/v2\/posts"}],"about":[{"href":"https:\/\/www.aikido-origin.it\/index.php?rest_route=\/wp\/v2\/types\/post"}],"author":[{"embeddable":true,"href":"https:\/\/www.aikido-origin.it\/index.php?rest_route=\/wp\/v2\/users\/1"}],"replies":[{"embeddable":true,"href":"https:\/\/www.aikido-origin.it\/index.php?rest_route=%2Fwp%2Fv2%2Fcomments&post=546"}],"version-history":[{"count":11,"href":"https:\/\/www.aikido-origin.it\/index.php?rest_route=\/wp\/v2\/posts\/546\/revisions"}],"predecessor-version":[{"id":549,"href":"https:\/\/www.aikido-origin.it\/index.php?rest_route=\/wp\/v2\/posts\/546\/revisions\/549"}],"wp:attachment":[{"href":"https:\/\/www.aikido-origin.it\/index.php?rest_route=%2Fwp%2Fv2%2Fmedia&parent=546"}],"wp:term":[{"taxonomy":"category","embeddable":true,"href":"https:\/\/www.aikido-origin.it\/index.php?rest_route=%2Fwp%2Fv2%2Fcategories&post=546"},{"taxonomy":"post_tag","embeddable":true,"href":"https:\/\/www.aikido-origin.it\/index.php?rest_route=%2Fwp%2Fv2%2Ftags&post=546"}],"curies":[{"name":"wp","href":"https:\/\/api.w.org\/{rel}","templated":true}]}}