{"id":606,"date":"2014-01-15T12:23:06","date_gmt":"2014-01-15T11:23:06","guid":{"rendered":"http:\/\/www.aikido-vittorioveneto.it\/?p=606"},"modified":"2014-01-15T13:59:52","modified_gmt":"2014-01-15T12:59:52","slug":"tre-nuove-cinture-nere-per-laikido-vittorio-veneto","status":"publish","type":"post","link":"https:\/\/www.aikido-origin.it\/?p=606","title":{"rendered":"Nuove cinture nere per l\u2019Aikido Vittorio Veneto"},"content":{"rendered":"<p style=\"text-align: justify;\"><a href=\"http:\/\/www.aikido-origin.it\/wp-content\/uploads\/2014\/01\/foto.jpg\"><img loading=\"lazy\" decoding=\"async\" class=\"aligncenter size-large wp-image-607\" alt=\"foto\" src=\"http:\/\/www.aikido-origin.it\/wp-content\/uploads\/2014\/01\/foto-1024x582.jpg\" width=\"584\" height=\"331\" srcset=\"https:\/\/www.aikido-origin.it\/wordpress\/wp-content\/uploads\/2014\/01\/foto-1024x582.jpg 1024w, https:\/\/www.aikido-origin.it\/wordpress\/wp-content\/uploads\/2014\/01\/foto-300x170.jpg 300w, https:\/\/www.aikido-origin.it\/wordpress\/wp-content\/uploads\/2014\/01\/foto-500x284.jpg 500w\" sizes=\"auto, (max-width: 584px) 100vw, 584px\" \/><\/a><\/p>\n<p style=\"text-align: justify;\">Lo scorso 24 Novembre l\u2019Associazione Takemusu Aikido (TAA), rappresentata per l\u2019occasione dal maestro Sandro Lucagnano (3\u00b0 Dan Aikikai) di Vittorio Veneto e dal maestro Wolfgang Baumgartner (6\u00b0 Dan Aikikai) di Berlino, ha tenuto una sessione di esami nella palestra del Judo-Aikido Vittorio Veneto. Un evento molto atteso e sentito dal \u201cDojo\u201d vittoriese, poich\u00e9 i gradi assegnati in questi esami sono convalidati da Tokyo (Giappone) e riconosciuti in tutto il mondo.<\/p>\n<p style=\"text-align: justify;\">Alla fine dei test, aperti al pubblico, la commissione ha promosso a cintura nera 1\u00b0 Dan Aikikai: Daniela Bernardi, Mirco Costacurta e Federico Severin per l\u2019Aikido Vittorio Veneto; Francesco Nicol\u00e8 per il Takemusu Aikido Padova. Tutti e quattro potranno ora vestire l\u2019\u201dhakama\u201d, larghi pantaloni giapponesi indossati tradizionalmente dai samurai.<\/p>\n<p style=\"text-align: justify;\">I primi ad essere valutati, in una soleggiata mattinata di domenica, sono stati proprio gli aspiranti primi Dan vittoriesi. L\u2019emozione, palpabile, si percepiva nei movimenti e nei volti concentrati, nei muscoli tesi e nei profondi respiri che, di tanto in tanto, riportavano ossigeno al cervello. Ogni esaminato ha iniziato a mostrare le basi dell\u2019Aikido attraverso tecniche statiche, per evolversi via via in un crescendo di variet\u00e0 e dinamismo. Si sono esibiti nel corpo a corpo, nei disarmi da spada (bokken), coltello (tanken) e bastone (jo), fino ad arrivare ad un combattimento armato codificato. Come prova finale, hanno dovuto destreggiarsi contro tre avversari contemporaneamente, a mani nude.<\/p>\n<p style=\"text-align: justify;\">Nonostante la naturalezza con cui gli \u201caikidoka\u201d hanno controllato gli attacchi dei loro \u201cuke\u201d (compagni di pratica) e la leggerezza con cui li hanno proiettati sul \u201ctatami\u201d, i movimenti che hanno eseguito sono stati tutt\u2019altro che banali. Tempismo dell\u2019azione e perizia del movimento sono abilit\u00e0 che \u00e8 necessario padroneggiare per eseguire fluidamente una tecnica. Quando alla forza dell\u2019attacco si contrappone la precisione della tecnica, il movimento risulta armonico e leggero. Ecco perch\u00e9 gli attaccanti, per quanto corpulenti, parevano leggeri come piume tra le mani del \u201ctori\u201d e venivano costretti a cadere. Le cadute potevano apparire, ad un pubblico inesperto, un puro esercizio scenografico ma, in realt\u00e0, sono il modo pi\u00f9 semplice e diretto per liberare il proprio corpo da una forte leva o torsione. Naturalmente, \u00e8 necessaria un\u2019ottima preparazione da entrambe le parti per affrontare un esame di cintura nera. I neo-graduati si sono esercitati per mesi anche fuori dagli orari di allenamento, domeniche incluse, per ben figurare agli occhi della commissione. Un ringraziamento particolare agli altri allievi della palestra, offertisi volontari in gran numero come \u201cuke\u201d; hanno a loro volta dimostrato la loro competenza ed il loro coraggio, prestando letteralmente il proprio corpo alla causa.<\/p>\n<p style=\"text-align: justify;\">Le fatiche per i nuovi \u201chakamati\u201d, tuttavia, sono tutt\u2019altro che concluse. L\u2019Aikido \u00e8 un\u2019Arte marziale in continua evoluzione. Il nome stesso dello stile praticato dalla palestra vittoriese, \u201cTakemusu\u201d, significa \u201cFonte inesauribile di tecniche\u201d. &lt;&lt;Ottenere la cintura nera \u2013 sostiene infatti il Maestro Lucagnano \u2013 non \u00e8 un punto di arrivo ma di partenza, dal quale si comincia a vedere il vero Aikido. E\u2019 l\u2019inizio di un percorso lungo e difficile, fatto di sacrificio e allenamento, ma che porter\u00e0 molte soddisfazioni a chi sapr\u00e0 comprendere lo spirito di quest\u2019Arte marziale.&gt;&gt;<\/p>\n<p style=\"text-align: justify;\"><a href=\"http:\/\/www.aikido-origin.it\/wp-content\/uploads\/2014\/01\/1278016_744553345574442_1491786821_o1.jpg\"><img loading=\"lazy\" decoding=\"async\" class=\"aligncenter size-large wp-image-609\" alt=\"1278016_744553345574442_1491786821_o\" src=\"http:\/\/www.aikido-origin.it\/wp-content\/uploads\/2014\/01\/1278016_744553345574442_1491786821_o1-1024x833.jpg\" width=\"584\" height=\"475\" srcset=\"https:\/\/www.aikido-origin.it\/wordpress\/wp-content\/uploads\/2014\/01\/1278016_744553345574442_1491786821_o1-1024x833.jpg 1024w, https:\/\/www.aikido-origin.it\/wordpress\/wp-content\/uploads\/2014\/01\/1278016_744553345574442_1491786821_o1-300x244.jpg 300w, https:\/\/www.aikido-origin.it\/wordpress\/wp-content\/uploads\/2014\/01\/1278016_744553345574442_1491786821_o1-368x300.jpg 368w, https:\/\/www.aikido-origin.it\/wordpress\/wp-content\/uploads\/2014\/01\/1278016_744553345574442_1491786821_o1.jpg 1780w\" sizes=\"auto, (max-width: 584px) 100vw, 584px\" \/><\/a><\/p>\n","protected":false},"excerpt":{"rendered":"<p>Lo scorso 24 Novembre l\u2019Associazione Takemusu Aikido (TAA), rappresentata per l\u2019occasione dal maestro Sandro Lucagnano (3\u00b0 Dan Aikikai) di Vittorio Veneto e dal maestro Wolfgang Baumgartner (6\u00b0 Dan Aikikai) di Berlino, ha tenuto una sessione di esami nella palestra del Judo-Aikido Vittorio Veneto. Un evento molto atteso e sentito dal &hellip;<\/p>\n","protected":false},"author":1,"featured_media":0,"comment_status":"closed","ping_status":"open","sticky":false,"template":"","format":"standard","meta":{"sfsi_plus_gutenberg_text_before_share":"","sfsi_plus_gutenberg_show_text_before_share":"","sfsi_plus_gutenberg_icon_type":"","sfsi_plus_gutenberg_icon_alignemt":"","sfsi_plus_gutenburg_max_per_row":"","_jetpack_memberships_contains_paid_content":false,"footnotes":""},"categories":[6],"tags":[],"class_list":["post-606","post","type-post","status-publish","format-standard","hentry","category-articoli"],"yoast_head":"<!-- This site is optimized with the Yoast SEO plugin v25.6 - https:\/\/yoast.com\/wordpress\/plugins\/seo\/ -->\n<title>Nuove cinture nere per l\u2019Aikido Vittorio Veneto - Aikido Origin<\/title>\n<meta name=\"robots\" content=\"index, follow, max-snippet:-1, max-image-preview:large, max-video-preview:-1\" \/>\n<link rel=\"canonical\" href=\"http:\/\/www.aikido-origin.it\/?p=606\" \/>\n<meta property=\"og:locale\" content=\"it_IT\" \/>\n<meta property=\"og:type\" content=\"article\" \/>\n<meta property=\"og:title\" content=\"Nuove cinture nere per l\u2019Aikido Vittorio Veneto - Aikido Origin\" \/>\n<meta property=\"og:description\" content=\"Lo scorso 24 Novembre l\u2019Associazione Takemusu Aikido (TAA), rappresentata per l\u2019occasione dal maestro Sandro Lucagnano (3\u00b0 Dan Aikikai) di Vittorio Veneto e dal maestro Wolfgang Baumgartner (6\u00b0 Dan Aikikai) di Berlino, ha tenuto una sessione di esami nella palestra del Judo-Aikido Vittorio Veneto. Un evento molto atteso e sentito dal &hellip;\" \/>\n<meta property=\"og:url\" content=\"http:\/\/www.aikido-origin.it\/?p=606\" \/>\n<meta property=\"og:site_name\" content=\"Aikido Origin\" \/>\n<meta property=\"article:publisher\" content=\"https:\/\/www.facebook.com\/AikidoOrigin\" \/>\n<meta property=\"article:published_time\" content=\"2014-01-15T11:23:06+00:00\" \/>\n<meta property=\"article:modified_time\" content=\"2014-01-15T12:59:52+00:00\" \/>\n<meta property=\"og:image\" content=\"http:\/\/www.aikido-origin.it\/wp-content\/uploads\/2014\/01\/foto-1024x582.jpg\" \/>\n<meta name=\"author\" content=\"AdminSensei\" \/>\n<meta name=\"twitter:card\" content=\"summary_large_image\" \/>\n<meta name=\"twitter:label1\" content=\"Scritto da\" \/>\n\t<meta name=\"twitter:data1\" content=\"AdminSensei\" \/>\n\t<meta name=\"twitter:label2\" content=\"Tempo di lettura stimato\" \/>\n\t<meta name=\"twitter:data2\" content=\"3 minuti\" \/>\n<script type=\"application\/ld+json\" class=\"yoast-schema-graph\">{\"@context\":\"https:\/\/schema.org\",\"@graph\":[{\"@type\":\"Article\",\"@id\":\"http:\/\/www.aikido-origin.it\/?p=606#article\",\"isPartOf\":{\"@id\":\"http:\/\/www.aikido-origin.it\/?p=606\"},\"author\":{\"name\":\"AdminSensei\",\"@id\":\"https:\/\/www.aikido-origin.it\/#\/schema\/person\/5f355cfd81900cfddcbb83493964aae4\"},\"headline\":\"Nuove cinture nere per l\u2019Aikido Vittorio Veneto\",\"datePublished\":\"2014-01-15T11:23:06+00:00\",\"dateModified\":\"2014-01-15T12:59:52+00:00\",\"mainEntityOfPage\":{\"@id\":\"http:\/\/www.aikido-origin.it\/?p=606\"},\"wordCount\":527,\"publisher\":{\"@id\":\"https:\/\/www.aikido-origin.it\/#organization\"},\"image\":{\"@id\":\"http:\/\/www.aikido-origin.it\/?p=606#primaryimage\"},\"thumbnailUrl\":\"http:\/\/www.aikido-origin.it\/wp-content\/uploads\/2014\/01\/foto-1024x582.jpg\",\"articleSection\":[\"Articoli\"],\"inLanguage\":\"it-IT\"},{\"@type\":\"WebPage\",\"@id\":\"http:\/\/www.aikido-origin.it\/?p=606\",\"url\":\"http:\/\/www.aikido-origin.it\/?p=606\",\"name\":\"Nuove cinture nere per l\u2019Aikido Vittorio Veneto - Aikido Origin\",\"isPartOf\":{\"@id\":\"https:\/\/www.aikido-origin.it\/#website\"},\"primaryImageOfPage\":{\"@id\":\"http:\/\/www.aikido-origin.it\/?p=606#primaryimage\"},\"image\":{\"@id\":\"http:\/\/www.aikido-origin.it\/?p=606#primaryimage\"},\"thumbnailUrl\":\"http:\/\/www.aikido-origin.it\/wp-content\/uploads\/2014\/01\/foto-1024x582.jpg\",\"datePublished\":\"2014-01-15T11:23:06+00:00\",\"dateModified\":\"2014-01-15T12:59:52+00:00\",\"breadcrumb\":{\"@id\":\"http:\/\/www.aikido-origin.it\/?p=606#breadcrumb\"},\"inLanguage\":\"it-IT\",\"potentialAction\":[{\"@type\":\"ReadAction\",\"target\":[\"http:\/\/www.aikido-origin.it\/?p=606\"]}]},{\"@type\":\"ImageObject\",\"inLanguage\":\"it-IT\",\"@id\":\"http:\/\/www.aikido-origin.it\/?p=606#primaryimage\",\"url\":\"https:\/\/www.aikido-origin.it\/wordpress\/wp-content\/uploads\/2014\/01\/foto.jpg\",\"contentUrl\":\"https:\/\/www.aikido-origin.it\/wordpress\/wp-content\/uploads\/2014\/01\/foto.jpg\",\"width\":2700,\"height\":1536},{\"@type\":\"BreadcrumbList\",\"@id\":\"http:\/\/www.aikido-origin.it\/?p=606#breadcrumb\",\"itemListElement\":[{\"@type\":\"ListItem\",\"position\":1,\"name\":\"Home\",\"item\":\"https:\/\/www.aikido-origin.it\/\"},{\"@type\":\"ListItem\",\"position\":2,\"name\":\"Nuove cinture nere per l\u2019Aikido Vittorio Veneto\"}]},{\"@type\":\"WebSite\",\"@id\":\"https:\/\/www.aikido-origin.it\/#website\",\"url\":\"https:\/\/www.aikido-origin.it\/\",\"name\":\"Aikido Origin\",\"description\":\"The Art of Peace\",\"publisher\":{\"@id\":\"https:\/\/www.aikido-origin.it\/#organization\"},\"potentialAction\":[{\"@type\":\"SearchAction\",\"target\":{\"@type\":\"EntryPoint\",\"urlTemplate\":\"https:\/\/www.aikido-origin.it\/?s={search_term_string}\"},\"query-input\":{\"@type\":\"PropertyValueSpecification\",\"valueRequired\":true,\"valueName\":\"search_term_string\"}}],\"inLanguage\":\"it-IT\"},{\"@type\":\"Organization\",\"@id\":\"https:\/\/www.aikido-origin.it\/#organization\",\"name\":\"Aikido Origin\",\"url\":\"https:\/\/www.aikido-origin.it\/\",\"logo\":{\"@type\":\"ImageObject\",\"inLanguage\":\"it-IT\",\"@id\":\"https:\/\/www.aikido-origin.it\/#\/schema\/logo\/image\/\",\"url\":\"https:\/\/www.aikido-origin.it\/wordpress\/wp-content\/uploads\/2019\/09\/cropped-AIKIDO-ORIGIN-DEFINITIVO-1-1.png\",\"contentUrl\":\"https:\/\/www.aikido-origin.it\/wordpress\/wp-content\/uploads\/2019\/09\/cropped-AIKIDO-ORIGIN-DEFINITIVO-1-1.png\",\"width\":1002,\"height\":1042,\"caption\":\"Aikido Origin\"},\"image\":{\"@id\":\"https:\/\/www.aikido-origin.it\/#\/schema\/logo\/image\/\"},\"sameAs\":[\"https:\/\/www.facebook.com\/AikidoOrigin\",\"https:\/\/www.youtube.com\/AikidoOrigin\",\"https:\/\/www.instagram.com\/aikido_origin\"]},{\"@type\":\"Person\",\"@id\":\"https:\/\/www.aikido-origin.it\/#\/schema\/person\/5f355cfd81900cfddcbb83493964aae4\",\"name\":\"AdminSensei\",\"image\":{\"@type\":\"ImageObject\",\"inLanguage\":\"it-IT\",\"@id\":\"https:\/\/www.aikido-origin.it\/#\/schema\/person\/image\/\",\"url\":\"https:\/\/secure.gravatar.com\/avatar\/73767cd6cd374cc216306eebd0d67968?s=96&d=mm&r=g\",\"contentUrl\":\"https:\/\/secure.gravatar.com\/avatar\/73767cd6cd374cc216306eebd0d67968?s=96&d=mm&r=g\",\"caption\":\"AdminSensei\"},\"url\":\"https:\/\/www.aikido-origin.it\/?author=1\"}]}<\/script>\n<!-- \/ Yoast SEO plugin. -->","yoast_head_json":{"title":"Nuove cinture nere per l\u2019Aikido Vittorio Veneto - Aikido Origin","robots":{"index":"index","follow":"follow","max-snippet":"max-snippet:-1","max-image-preview":"max-image-preview:large","max-video-preview":"max-video-preview:-1"},"canonical":"http:\/\/www.aikido-origin.it\/?p=606","og_locale":"it_IT","og_type":"article","og_title":"Nuove cinture nere per l\u2019Aikido Vittorio Veneto - Aikido Origin","og_description":"Lo scorso 24 Novembre l\u2019Associazione Takemusu Aikido (TAA), rappresentata per l\u2019occasione dal maestro Sandro Lucagnano (3\u00b0 Dan Aikikai) di Vittorio Veneto e dal maestro Wolfgang Baumgartner (6\u00b0 Dan Aikikai) di Berlino, ha tenuto una sessione di esami nella palestra del Judo-Aikido Vittorio Veneto. Un evento molto atteso e sentito dal &hellip;","og_url":"http:\/\/www.aikido-origin.it\/?p=606","og_site_name":"Aikido Origin","article_publisher":"https:\/\/www.facebook.com\/AikidoOrigin","article_published_time":"2014-01-15T11:23:06+00:00","article_modified_time":"2014-01-15T12:59:52+00:00","og_image":[{"url":"http:\/\/www.aikido-origin.it\/wp-content\/uploads\/2014\/01\/foto-1024x582.jpg","type":"","width":"","height":""}],"author":"AdminSensei","twitter_card":"summary_large_image","twitter_misc":{"Scritto da":"AdminSensei","Tempo di lettura stimato":"3 minuti"},"schema":{"@context":"https:\/\/schema.org","@graph":[{"@type":"Article","@id":"http:\/\/www.aikido-origin.it\/?p=606#article","isPartOf":{"@id":"http:\/\/www.aikido-origin.it\/?p=606"},"author":{"name":"AdminSensei","@id":"https:\/\/www.aikido-origin.it\/#\/schema\/person\/5f355cfd81900cfddcbb83493964aae4"},"headline":"Nuove cinture nere per l\u2019Aikido Vittorio Veneto","datePublished":"2014-01-15T11:23:06+00:00","dateModified":"2014-01-15T12:59:52+00:00","mainEntityOfPage":{"@id":"http:\/\/www.aikido-origin.it\/?p=606"},"wordCount":527,"publisher":{"@id":"https:\/\/www.aikido-origin.it\/#organization"},"image":{"@id":"http:\/\/www.aikido-origin.it\/?p=606#primaryimage"},"thumbnailUrl":"http:\/\/www.aikido-origin.it\/wp-content\/uploads\/2014\/01\/foto-1024x582.jpg","articleSection":["Articoli"],"inLanguage":"it-IT"},{"@type":"WebPage","@id":"http:\/\/www.aikido-origin.it\/?p=606","url":"http:\/\/www.aikido-origin.it\/?p=606","name":"Nuove cinture nere per l\u2019Aikido Vittorio Veneto - Aikido Origin","isPartOf":{"@id":"https:\/\/www.aikido-origin.it\/#website"},"primaryImageOfPage":{"@id":"http:\/\/www.aikido-origin.it\/?p=606#primaryimage"},"image":{"@id":"http:\/\/www.aikido-origin.it\/?p=606#primaryimage"},"thumbnailUrl":"http:\/\/www.aikido-origin.it\/wp-content\/uploads\/2014\/01\/foto-1024x582.jpg","datePublished":"2014-01-15T11:23:06+00:00","dateModified":"2014-01-15T12:59:52+00:00","breadcrumb":{"@id":"http:\/\/www.aikido-origin.it\/?p=606#breadcrumb"},"inLanguage":"it-IT","potentialAction":[{"@type":"ReadAction","target":["http:\/\/www.aikido-origin.it\/?p=606"]}]},{"@type":"ImageObject","inLanguage":"it-IT","@id":"http:\/\/www.aikido-origin.it\/?p=606#primaryimage","url":"https:\/\/www.aikido-origin.it\/wordpress\/wp-content\/uploads\/2014\/01\/foto.jpg","contentUrl":"https:\/\/www.aikido-origin.it\/wordpress\/wp-content\/uploads\/2014\/01\/foto.jpg","width":2700,"height":1536},{"@type":"BreadcrumbList","@id":"http:\/\/www.aikido-origin.it\/?p=606#breadcrumb","itemListElement":[{"@type":"ListItem","position":1,"name":"Home","item":"https:\/\/www.aikido-origin.it\/"},{"@type":"ListItem","position":2,"name":"Nuove cinture nere per l\u2019Aikido Vittorio Veneto"}]},{"@type":"WebSite","@id":"https:\/\/www.aikido-origin.it\/#website","url":"https:\/\/www.aikido-origin.it\/","name":"Aikido Origin","description":"The Art of Peace","publisher":{"@id":"https:\/\/www.aikido-origin.it\/#organization"},"potentialAction":[{"@type":"SearchAction","target":{"@type":"EntryPoint","urlTemplate":"https:\/\/www.aikido-origin.it\/?s={search_term_string}"},"query-input":{"@type":"PropertyValueSpecification","valueRequired":true,"valueName":"search_term_string"}}],"inLanguage":"it-IT"},{"@type":"Organization","@id":"https:\/\/www.aikido-origin.it\/#organization","name":"Aikido Origin","url":"https:\/\/www.aikido-origin.it\/","logo":{"@type":"ImageObject","inLanguage":"it-IT","@id":"https:\/\/www.aikido-origin.it\/#\/schema\/logo\/image\/","url":"https:\/\/www.aikido-origin.it\/wordpress\/wp-content\/uploads\/2019\/09\/cropped-AIKIDO-ORIGIN-DEFINITIVO-1-1.png","contentUrl":"https:\/\/www.aikido-origin.it\/wordpress\/wp-content\/uploads\/2019\/09\/cropped-AIKIDO-ORIGIN-DEFINITIVO-1-1.png","width":1002,"height":1042,"caption":"Aikido Origin"},"image":{"@id":"https:\/\/www.aikido-origin.it\/#\/schema\/logo\/image\/"},"sameAs":["https:\/\/www.facebook.com\/AikidoOrigin","https:\/\/www.youtube.com\/AikidoOrigin","https:\/\/www.instagram.com\/aikido_origin"]},{"@type":"Person","@id":"https:\/\/www.aikido-origin.it\/#\/schema\/person\/5f355cfd81900cfddcbb83493964aae4","name":"AdminSensei","image":{"@type":"ImageObject","inLanguage":"it-IT","@id":"https:\/\/www.aikido-origin.it\/#\/schema\/person\/image\/","url":"https:\/\/secure.gravatar.com\/avatar\/73767cd6cd374cc216306eebd0d67968?s=96&d=mm&r=g","contentUrl":"https:\/\/secure.gravatar.com\/avatar\/73767cd6cd374cc216306eebd0d67968?s=96&d=mm&r=g","caption":"AdminSensei"},"url":"https:\/\/www.aikido-origin.it\/?author=1"}]}},"jetpack_featured_media_url":"","jetpack_sharing_enabled":true,"_links":{"self":[{"href":"https:\/\/www.aikido-origin.it\/index.php?rest_route=\/wp\/v2\/posts\/606","targetHints":{"allow":["GET"]}}],"collection":[{"href":"https:\/\/www.aikido-origin.it\/index.php?rest_route=\/wp\/v2\/posts"}],"about":[{"href":"https:\/\/www.aikido-origin.it\/index.php?rest_route=\/wp\/v2\/types\/post"}],"author":[{"embeddable":true,"href":"https:\/\/www.aikido-origin.it\/index.php?rest_route=\/wp\/v2\/users\/1"}],"replies":[{"embeddable":true,"href":"https:\/\/www.aikido-origin.it\/index.php?rest_route=%2Fwp%2Fv2%2Fcomments&post=606"}],"version-history":[{"count":4,"href":"https:\/\/www.aikido-origin.it\/index.php?rest_route=\/wp\/v2\/posts\/606\/revisions"}],"predecessor-version":[{"id":615,"href":"https:\/\/www.aikido-origin.it\/index.php?rest_route=\/wp\/v2\/posts\/606\/revisions\/615"}],"wp:attachment":[{"href":"https:\/\/www.aikido-origin.it\/index.php?rest_route=%2Fwp%2Fv2%2Fmedia&parent=606"}],"wp:term":[{"taxonomy":"category","embeddable":true,"href":"https:\/\/www.aikido-origin.it\/index.php?rest_route=%2Fwp%2Fv2%2Fcategories&post=606"},{"taxonomy":"post_tag","embeddable":true,"href":"https:\/\/www.aikido-origin.it\/index.php?rest_route=%2Fwp%2Fv2%2Ftags&post=606"}],"curies":[{"name":"wp","href":"https:\/\/api.w.org\/{rel}","templated":true}]}}