{"id":689,"date":"2014-06-18T15:41:41","date_gmt":"2014-06-18T13:41:41","guid":{"rendered":"http:\/\/www.aikido-vittorioveneto.it\/?p=689"},"modified":"2014-06-18T19:42:09","modified_gmt":"2014-06-18T17:42:09","slug":"sandro-lucagnano-yondan","status":"publish","type":"post","link":"https:\/\/www.aikido-origin.it\/?p=689","title":{"rendered":"SANDRO LUCAGNANO YONDAN!"},"content":{"rendered":"<h1>Il Maestro dell&#8217;Aikido Vittorio Veneto ottiene il grado superiore di Cintura Nera 4\u00b0 Dan.<\/h1>\n<p>&nbsp;<\/p>\n<p style=\"text-align: justify;\">Nuovo traguardo per l&#8217;Aikido Vittorio Veneto e per il suo Maestro Sandro Lucagnano, che in occasione del 3\u00b0 Seminar Citt\u00e0 di Vittorio Veneto svoltosi nei giorni sabato 7 e domenica 8 giugno 2014 \u00e8 stato esaminato dal Maestro Wolfgang Baumgartner ed ha conseguito a pieni voti il grado di <i>Yondan <\/i>(Cintura Nera 4\u00b0 Dan).<\/p>\n<p style=\"text-align: justify;\">Ad assistere all&#8217;evento c&#8217;erano tutti gli allievi dell&#8217;Aikido Vittorio Veneto e i compagni di pratica delle palestre limitrofe di Padova, Roma, Viterbo e dal resto dell&#8217;Italia, persino dalla Germania. Sugli spalti amici, parenti e un pubblico curioso che in quegli intensi ed interminabili venti minuti hanno trattenuto il fiato senza mai distogliere lo sguardo dal <i>tatami<\/i>. Anche gli allievi del Piccolo Rifugio di Vittorio Veneto hanno raggiunto numerosi il Palazzetto dello Sport per assistere all&#8217;esame del loro Maestro Sandro.<\/p>\n<p style=\"text-align: justify;\">E&#8217; stato un esame tecnico di alto livello durante il quale il Maestro Lucagnano ha dimostrato il suo Aikido attraverso una successione di tecniche di <i>suwari waza<\/i>, <i>hanmi handachi waza<\/i>, <i>tachi waza<\/i>, <i>jiyu waza<\/i> e di combattimento con il bastone attraverso i <i>kumi jo<\/i>, dimostrando inoltre un&#8217;ottima padronanza del taijutsu con le tecniche di applicazione di <i>oyo waza<\/i>. Il tutto \u00e8 culminato con un <i>randori<\/i> contro quattro persone, tre armate di jo, ken e tanken e uno a mano nuda. Questa difficile prova ha visto il Maestro Lucagnano affrontare i propri uke con la frequenza di una proiezione ogni due secondi; il <i>kime<\/i> e l&#8217;intenzione dimostrati sono stati cos\u00ec risoluti da costringere gli uke a rallentare l&#8217;impeto degli attacchi dopo poco pi\u00f9 di venti secondi quando, vinti ed esausti, hanno convinto il Maestro Lucagnano a terminare il randori.<\/p>\n<p style=\"text-align: justify;\">La promozione \u00e8 stata indiscutibile. Numerosi i complimenti dei presenti e gli elogi del Maestro Wolfgang Baumgartner, soddisfatto della crescita del suo allievo, che nulla ha avuto da correggere a quello che ha definito uno dei migliori esami di yondan a cui avesse mai avuto il piacere di assistere. Esame tra l&#8217;altro pi\u00f9 importante di tutti gli altri, poich\u00e9 sar\u00e0 l&#8217;ultima prova tecnica per la quale Lucagnano dovr\u00e0 dare dimostrazione davanti ad una commissione; d&#8217;ora in poi infatti i gradi di 5\u00b0 Dan e successivi saranno conferiti <i>sui-senjo<\/i> ovvero ad honoerm.<\/p>\n<p style=\"text-align: justify;\">Ma non per questo il percorso verso la Via dell&#8217;Armonia si conclude per il Maestro Sandro Lucagnano. Al contrario, il cammino \u00e8 ancora lungo e ricco di opportunit\u00e0 di crescita, e ora pi\u00f9 di prima sar\u00e0 suo dovere istruire ed accompagnare l&#8217;Aikido Vittorio Veneto e i suoi allievi verso la Via che lui stesso ha tracciato.<\/p>\n<p style=\"text-align: right;\">Alessandra De Marchi<\/p>\n<p style=\"text-align: justify;\"><a href=\"http:\/\/www.aikido-origin.it\/wp-content\/uploads\/2014\/06\/seminar-1.jpg\"><img loading=\"lazy\" decoding=\"async\" class=\"aligncenter size-full wp-image-693\" alt=\"seminar 1\" src=\"http:\/\/www.aikido-origin.it\/wp-content\/uploads\/2014\/06\/seminar-1.jpg\" width=\"666\" height=\"475\" srcset=\"https:\/\/www.aikido-origin.it\/wordpress\/wp-content\/uploads\/2014\/06\/seminar-1.jpg 666w, https:\/\/www.aikido-origin.it\/wordpress\/wp-content\/uploads\/2014\/06\/seminar-1-300x213.jpg 300w, https:\/\/www.aikido-origin.it\/wordpress\/wp-content\/uploads\/2014\/06\/seminar-1-420x300.jpg 420w\" sizes=\"auto, (max-width: 666px) 100vw, 666px\" \/><\/a><\/p>\n","protected":false},"excerpt":{"rendered":"<p>Il Maestro dell&#8217;Aikido Vittorio Veneto ottiene il grado superiore di Cintura Nera 4\u00b0 Dan. &nbsp; Nuovo traguardo per l&#8217;Aikido Vittorio Veneto e per il suo Maestro Sandro Lucagnano, che in occasione del 3\u00b0 Seminar Citt\u00e0 di Vittorio Veneto svoltosi nei giorni sabato 7 e domenica 8 giugno 2014 \u00e8 stato &hellip;<\/p>\n","protected":false},"author":1,"featured_media":0,"comment_status":"closed","ping_status":"open","sticky":false,"template":"","format":"standard","meta":{"sfsi_plus_gutenberg_text_before_share":"","sfsi_plus_gutenberg_show_text_before_share":"","sfsi_plus_gutenberg_icon_type":"","sfsi_plus_gutenberg_icon_alignemt":"","sfsi_plus_gutenburg_max_per_row":"","_jetpack_memberships_contains_paid_content":false,"footnotes":""},"categories":[6],"tags":[],"class_list":["post-689","post","type-post","status-publish","format-standard","hentry","category-articoli"],"yoast_head":"<!-- This site is optimized with the Yoast SEO plugin v25.6 - https:\/\/yoast.com\/wordpress\/plugins\/seo\/ -->\n<title>SANDRO LUCAGNANO YONDAN! - Aikido Origin<\/title>\n<meta name=\"robots\" content=\"index, follow, max-snippet:-1, max-image-preview:large, max-video-preview:-1\" \/>\n<link rel=\"canonical\" href=\"https:\/\/www.aikido-origin.it\/?p=689\" \/>\n<meta property=\"og:locale\" content=\"it_IT\" \/>\n<meta property=\"og:type\" content=\"article\" \/>\n<meta property=\"og:title\" content=\"SANDRO LUCAGNANO YONDAN! - Aikido Origin\" \/>\n<meta property=\"og:description\" content=\"Il Maestro dell&#8217;Aikido Vittorio Veneto ottiene il grado superiore di Cintura Nera 4\u00b0 Dan. &nbsp; Nuovo traguardo per l&#8217;Aikido Vittorio Veneto e per il suo Maestro Sandro Lucagnano, che in occasione del 3\u00b0 Seminar Citt\u00e0 di Vittorio Veneto svoltosi nei giorni sabato 7 e domenica 8 giugno 2014 \u00e8 stato &hellip;\" \/>\n<meta property=\"og:url\" content=\"https:\/\/www.aikido-origin.it\/?p=689\" \/>\n<meta property=\"og:site_name\" content=\"Aikido Origin\" \/>\n<meta property=\"article:publisher\" content=\"https:\/\/www.facebook.com\/AikidoOrigin\" \/>\n<meta property=\"article:published_time\" content=\"2014-06-18T13:41:41+00:00\" \/>\n<meta property=\"article:modified_time\" content=\"2014-06-18T17:42:09+00:00\" \/>\n<meta property=\"og:image\" content=\"http:\/\/www.aikido-origin.it\/wp-content\/uploads\/2014\/06\/seminar-1.jpg\" \/>\n<meta name=\"author\" content=\"AdminSensei\" \/>\n<meta name=\"twitter:card\" content=\"summary_large_image\" \/>\n<meta name=\"twitter:label1\" content=\"Scritto da\" \/>\n\t<meta name=\"twitter:data1\" content=\"AdminSensei\" \/>\n\t<meta name=\"twitter:label2\" content=\"Tempo di lettura stimato\" \/>\n\t<meta name=\"twitter:data2\" content=\"2 minuti\" \/>\n<script type=\"application\/ld+json\" class=\"yoast-schema-graph\">{\"@context\":\"https:\/\/schema.org\",\"@graph\":[{\"@type\":\"Article\",\"@id\":\"https:\/\/www.aikido-origin.it\/?p=689#article\",\"isPartOf\":{\"@id\":\"https:\/\/www.aikido-origin.it\/?p=689\"},\"author\":{\"name\":\"AdminSensei\",\"@id\":\"https:\/\/www.aikido-origin.it\/#\/schema\/person\/5f355cfd81900cfddcbb83493964aae4\"},\"headline\":\"SANDRO LUCAGNANO YONDAN!\",\"datePublished\":\"2014-06-18T13:41:41+00:00\",\"dateModified\":\"2014-06-18T17:42:09+00:00\",\"mainEntityOfPage\":{\"@id\":\"https:\/\/www.aikido-origin.it\/?p=689\"},\"wordCount\":443,\"publisher\":{\"@id\":\"https:\/\/www.aikido-origin.it\/#organization\"},\"image\":{\"@id\":\"https:\/\/www.aikido-origin.it\/?p=689#primaryimage\"},\"thumbnailUrl\":\"http:\/\/www.aikido-origin.it\/wp-content\/uploads\/2014\/06\/seminar-1.jpg\",\"articleSection\":[\"Articoli\"],\"inLanguage\":\"it-IT\"},{\"@type\":\"WebPage\",\"@id\":\"https:\/\/www.aikido-origin.it\/?p=689\",\"url\":\"https:\/\/www.aikido-origin.it\/?p=689\",\"name\":\"SANDRO LUCAGNANO YONDAN! - Aikido Origin\",\"isPartOf\":{\"@id\":\"https:\/\/www.aikido-origin.it\/#website\"},\"primaryImageOfPage\":{\"@id\":\"https:\/\/www.aikido-origin.it\/?p=689#primaryimage\"},\"image\":{\"@id\":\"https:\/\/www.aikido-origin.it\/?p=689#primaryimage\"},\"thumbnailUrl\":\"http:\/\/www.aikido-origin.it\/wp-content\/uploads\/2014\/06\/seminar-1.jpg\",\"datePublished\":\"2014-06-18T13:41:41+00:00\",\"dateModified\":\"2014-06-18T17:42:09+00:00\",\"breadcrumb\":{\"@id\":\"https:\/\/www.aikido-origin.it\/?p=689#breadcrumb\"},\"inLanguage\":\"it-IT\",\"potentialAction\":[{\"@type\":\"ReadAction\",\"target\":[\"https:\/\/www.aikido-origin.it\/?p=689\"]}]},{\"@type\":\"ImageObject\",\"inLanguage\":\"it-IT\",\"@id\":\"https:\/\/www.aikido-origin.it\/?p=689#primaryimage\",\"url\":\"http:\/\/www.aikido-origin.it\/wp-content\/uploads\/2014\/06\/seminar-1.jpg\",\"contentUrl\":\"http:\/\/www.aikido-origin.it\/wp-content\/uploads\/2014\/06\/seminar-1.jpg\"},{\"@type\":\"BreadcrumbList\",\"@id\":\"https:\/\/www.aikido-origin.it\/?p=689#breadcrumb\",\"itemListElement\":[{\"@type\":\"ListItem\",\"position\":1,\"name\":\"Home\",\"item\":\"https:\/\/www.aikido-origin.it\/\"},{\"@type\":\"ListItem\",\"position\":2,\"name\":\"SANDRO LUCAGNANO YONDAN!\"}]},{\"@type\":\"WebSite\",\"@id\":\"https:\/\/www.aikido-origin.it\/#website\",\"url\":\"https:\/\/www.aikido-origin.it\/\",\"name\":\"Aikido Origin\",\"description\":\"The Art of Peace\",\"publisher\":{\"@id\":\"https:\/\/www.aikido-origin.it\/#organization\"},\"potentialAction\":[{\"@type\":\"SearchAction\",\"target\":{\"@type\":\"EntryPoint\",\"urlTemplate\":\"https:\/\/www.aikido-origin.it\/?s={search_term_string}\"},\"query-input\":{\"@type\":\"PropertyValueSpecification\",\"valueRequired\":true,\"valueName\":\"search_term_string\"}}],\"inLanguage\":\"it-IT\"},{\"@type\":\"Organization\",\"@id\":\"https:\/\/www.aikido-origin.it\/#organization\",\"name\":\"Aikido Origin\",\"url\":\"https:\/\/www.aikido-origin.it\/\",\"logo\":{\"@type\":\"ImageObject\",\"inLanguage\":\"it-IT\",\"@id\":\"https:\/\/www.aikido-origin.it\/#\/schema\/logo\/image\/\",\"url\":\"https:\/\/www.aikido-origin.it\/wordpress\/wp-content\/uploads\/2019\/09\/cropped-AIKIDO-ORIGIN-DEFINITIVO-1-1.png\",\"contentUrl\":\"https:\/\/www.aikido-origin.it\/wordpress\/wp-content\/uploads\/2019\/09\/cropped-AIKIDO-ORIGIN-DEFINITIVO-1-1.png\",\"width\":1002,\"height\":1042,\"caption\":\"Aikido Origin\"},\"image\":{\"@id\":\"https:\/\/www.aikido-origin.it\/#\/schema\/logo\/image\/\"},\"sameAs\":[\"https:\/\/www.facebook.com\/AikidoOrigin\",\"https:\/\/www.youtube.com\/AikidoOrigin\",\"https:\/\/www.instagram.com\/aikido_origin\"]},{\"@type\":\"Person\",\"@id\":\"https:\/\/www.aikido-origin.it\/#\/schema\/person\/5f355cfd81900cfddcbb83493964aae4\",\"name\":\"AdminSensei\",\"image\":{\"@type\":\"ImageObject\",\"inLanguage\":\"it-IT\",\"@id\":\"https:\/\/www.aikido-origin.it\/#\/schema\/person\/image\/\",\"url\":\"https:\/\/secure.gravatar.com\/avatar\/73767cd6cd374cc216306eebd0d67968?s=96&d=mm&r=g\",\"contentUrl\":\"https:\/\/secure.gravatar.com\/avatar\/73767cd6cd374cc216306eebd0d67968?s=96&d=mm&r=g\",\"caption\":\"AdminSensei\"},\"url\":\"https:\/\/www.aikido-origin.it\/?author=1\"}]}<\/script>\n<!-- \/ Yoast SEO plugin. -->","yoast_head_json":{"title":"SANDRO LUCAGNANO YONDAN! - Aikido Origin","robots":{"index":"index","follow":"follow","max-snippet":"max-snippet:-1","max-image-preview":"max-image-preview:large","max-video-preview":"max-video-preview:-1"},"canonical":"https:\/\/www.aikido-origin.it\/?p=689","og_locale":"it_IT","og_type":"article","og_title":"SANDRO LUCAGNANO YONDAN! - Aikido Origin","og_description":"Il Maestro dell&#8217;Aikido Vittorio Veneto ottiene il grado superiore di Cintura Nera 4\u00b0 Dan. &nbsp; Nuovo traguardo per l&#8217;Aikido Vittorio Veneto e per il suo Maestro Sandro Lucagnano, che in occasione del 3\u00b0 Seminar Citt\u00e0 di Vittorio Veneto svoltosi nei giorni sabato 7 e domenica 8 giugno 2014 \u00e8 stato &hellip;","og_url":"https:\/\/www.aikido-origin.it\/?p=689","og_site_name":"Aikido Origin","article_publisher":"https:\/\/www.facebook.com\/AikidoOrigin","article_published_time":"2014-06-18T13:41:41+00:00","article_modified_time":"2014-06-18T17:42:09+00:00","og_image":[{"url":"http:\/\/www.aikido-origin.it\/wp-content\/uploads\/2014\/06\/seminar-1.jpg","type":"","width":"","height":""}],"author":"AdminSensei","twitter_card":"summary_large_image","twitter_misc":{"Scritto da":"AdminSensei","Tempo di lettura stimato":"2 minuti"},"schema":{"@context":"https:\/\/schema.org","@graph":[{"@type":"Article","@id":"https:\/\/www.aikido-origin.it\/?p=689#article","isPartOf":{"@id":"https:\/\/www.aikido-origin.it\/?p=689"},"author":{"name":"AdminSensei","@id":"https:\/\/www.aikido-origin.it\/#\/schema\/person\/5f355cfd81900cfddcbb83493964aae4"},"headline":"SANDRO LUCAGNANO YONDAN!","datePublished":"2014-06-18T13:41:41+00:00","dateModified":"2014-06-18T17:42:09+00:00","mainEntityOfPage":{"@id":"https:\/\/www.aikido-origin.it\/?p=689"},"wordCount":443,"publisher":{"@id":"https:\/\/www.aikido-origin.it\/#organization"},"image":{"@id":"https:\/\/www.aikido-origin.it\/?p=689#primaryimage"},"thumbnailUrl":"http:\/\/www.aikido-origin.it\/wp-content\/uploads\/2014\/06\/seminar-1.jpg","articleSection":["Articoli"],"inLanguage":"it-IT"},{"@type":"WebPage","@id":"https:\/\/www.aikido-origin.it\/?p=689","url":"https:\/\/www.aikido-origin.it\/?p=689","name":"SANDRO LUCAGNANO YONDAN! - Aikido Origin","isPartOf":{"@id":"https:\/\/www.aikido-origin.it\/#website"},"primaryImageOfPage":{"@id":"https:\/\/www.aikido-origin.it\/?p=689#primaryimage"},"image":{"@id":"https:\/\/www.aikido-origin.it\/?p=689#primaryimage"},"thumbnailUrl":"http:\/\/www.aikido-origin.it\/wp-content\/uploads\/2014\/06\/seminar-1.jpg","datePublished":"2014-06-18T13:41:41+00:00","dateModified":"2014-06-18T17:42:09+00:00","breadcrumb":{"@id":"https:\/\/www.aikido-origin.it\/?p=689#breadcrumb"},"inLanguage":"it-IT","potentialAction":[{"@type":"ReadAction","target":["https:\/\/www.aikido-origin.it\/?p=689"]}]},{"@type":"ImageObject","inLanguage":"it-IT","@id":"https:\/\/www.aikido-origin.it\/?p=689#primaryimage","url":"http:\/\/www.aikido-origin.it\/wp-content\/uploads\/2014\/06\/seminar-1.jpg","contentUrl":"http:\/\/www.aikido-origin.it\/wp-content\/uploads\/2014\/06\/seminar-1.jpg"},{"@type":"BreadcrumbList","@id":"https:\/\/www.aikido-origin.it\/?p=689#breadcrumb","itemListElement":[{"@type":"ListItem","position":1,"name":"Home","item":"https:\/\/www.aikido-origin.it\/"},{"@type":"ListItem","position":2,"name":"SANDRO LUCAGNANO YONDAN!"}]},{"@type":"WebSite","@id":"https:\/\/www.aikido-origin.it\/#website","url":"https:\/\/www.aikido-origin.it\/","name":"Aikido Origin","description":"The Art of Peace","publisher":{"@id":"https:\/\/www.aikido-origin.it\/#organization"},"potentialAction":[{"@type":"SearchAction","target":{"@type":"EntryPoint","urlTemplate":"https:\/\/www.aikido-origin.it\/?s={search_term_string}"},"query-input":{"@type":"PropertyValueSpecification","valueRequired":true,"valueName":"search_term_string"}}],"inLanguage":"it-IT"},{"@type":"Organization","@id":"https:\/\/www.aikido-origin.it\/#organization","name":"Aikido Origin","url":"https:\/\/www.aikido-origin.it\/","logo":{"@type":"ImageObject","inLanguage":"it-IT","@id":"https:\/\/www.aikido-origin.it\/#\/schema\/logo\/image\/","url":"https:\/\/www.aikido-origin.it\/wordpress\/wp-content\/uploads\/2019\/09\/cropped-AIKIDO-ORIGIN-DEFINITIVO-1-1.png","contentUrl":"https:\/\/www.aikido-origin.it\/wordpress\/wp-content\/uploads\/2019\/09\/cropped-AIKIDO-ORIGIN-DEFINITIVO-1-1.png","width":1002,"height":1042,"caption":"Aikido Origin"},"image":{"@id":"https:\/\/www.aikido-origin.it\/#\/schema\/logo\/image\/"},"sameAs":["https:\/\/www.facebook.com\/AikidoOrigin","https:\/\/www.youtube.com\/AikidoOrigin","https:\/\/www.instagram.com\/aikido_origin"]},{"@type":"Person","@id":"https:\/\/www.aikido-origin.it\/#\/schema\/person\/5f355cfd81900cfddcbb83493964aae4","name":"AdminSensei","image":{"@type":"ImageObject","inLanguage":"it-IT","@id":"https:\/\/www.aikido-origin.it\/#\/schema\/person\/image\/","url":"https:\/\/secure.gravatar.com\/avatar\/73767cd6cd374cc216306eebd0d67968?s=96&d=mm&r=g","contentUrl":"https:\/\/secure.gravatar.com\/avatar\/73767cd6cd374cc216306eebd0d67968?s=96&d=mm&r=g","caption":"AdminSensei"},"url":"https:\/\/www.aikido-origin.it\/?author=1"}]}},"jetpack_featured_media_url":"","jetpack_sharing_enabled":true,"_links":{"self":[{"href":"https:\/\/www.aikido-origin.it\/index.php?rest_route=\/wp\/v2\/posts\/689","targetHints":{"allow":["GET"]}}],"collection":[{"href":"https:\/\/www.aikido-origin.it\/index.php?rest_route=\/wp\/v2\/posts"}],"about":[{"href":"https:\/\/www.aikido-origin.it\/index.php?rest_route=\/wp\/v2\/types\/post"}],"author":[{"embeddable":true,"href":"https:\/\/www.aikido-origin.it\/index.php?rest_route=\/wp\/v2\/users\/1"}],"replies":[{"embeddable":true,"href":"https:\/\/www.aikido-origin.it\/index.php?rest_route=%2Fwp%2Fv2%2Fcomments&post=689"}],"version-history":[{"count":3,"href":"https:\/\/www.aikido-origin.it\/index.php?rest_route=\/wp\/v2\/posts\/689\/revisions"}],"predecessor-version":[{"id":694,"href":"https:\/\/www.aikido-origin.it\/index.php?rest_route=\/wp\/v2\/posts\/689\/revisions\/694"}],"wp:attachment":[{"href":"https:\/\/www.aikido-origin.it\/index.php?rest_route=%2Fwp%2Fv2%2Fmedia&parent=689"}],"wp:term":[{"taxonomy":"category","embeddable":true,"href":"https:\/\/www.aikido-origin.it\/index.php?rest_route=%2Fwp%2Fv2%2Fcategories&post=689"},{"taxonomy":"post_tag","embeddable":true,"href":"https:\/\/www.aikido-origin.it\/index.php?rest_route=%2Fwp%2Fv2%2Ftags&post=689"}],"curies":[{"name":"wp","href":"https:\/\/api.w.org\/{rel}","templated":true}]}}