{"id":701,"date":"2014-09-09T13:31:34","date_gmt":"2014-09-09T11:31:34","guid":{"rendered":"http:\/\/www.aikido-vittorioveneto.it\/?p=701"},"modified":"2014-09-11T17:10:08","modified_gmt":"2014-09-11T15:10:08","slug":"laikido-vittorio-veneto-riprende-a-gonfie-vele","status":"publish","type":"post","link":"https:\/\/www.aikido-origin.it\/?p=701","title":{"rendered":"L&#8217;Aikido Vittorio Veneto riprende a gonfie vele"},"content":{"rendered":"<p style=\"text-align: justify;\">E&#8217; passata solo una settimana dalla ripresa delle lezioni di Aikido al Palazzetto dello Sport di Vittorio Veneto, e se le premesse sono quelle che si sono viste in questi giorni, allora per l&#8217;Aikido Vittorio Veneto si prospetta un anno ricco di eventi di successo e grandi novit\u00e0.<\/p>\n<p style=\"text-align: justify;\">Luned\u00ec 1\u00b0 Settembre al <i>Dojo<\/i> del Maestro Sandro Lucagnano sono arrivati numerosi gli allievi con il sorriso in volto impazienti di ricominciare un nuovo anno; tra gli ormai veterani, i <i>Senpai,<\/i> e i giovani di pratica, i <i>Kohai<\/i>, anche qualche viso nuovo, che timido e curioso si affaccia quest&#8217;anno per la prima volta al mondo dell&#8217;Aikido.<\/p>\n<p style=\"text-align: justify;\">Un anno dunque cominciato con entusiasmo e con tanta voglia di fare, sia da parte degli allievi che da parte dell&#8217;Aikido Vittorio Veneto stesso. Si, perch\u00e9 i propositi per questo nuovo anno sono buoni. Le novit\u00e0 si possono gi\u00e0 cogliere dando per esempio uno sguardo alla pagina Facebook del Maestro Lucagnano, che per tre sere a settimana propone uno scatto fotografico di quello che \u00e8 stato il fulcro della lezione tenuta in quella particolare sera, corredata di una riflessione personale e, perch\u00e9 no, di qualche spunto tecnico.<\/p>\n<p style=\"text-align: justify;\">Si accennava ad un calendario ricco di eventi, e la promessa verr\u00e0 mantenuta in primis con i <b>Seminar a cadenza mensile diretti dal Maestro Sandro Lucagnano<\/b> che si terranno nel corso di tutto l&#8217;anno e saranno aperti a chiunque. Non mancheranno poi esibizioni pubbliche, trasferte all&#8217;estero, Special Keiko e molto altro, ma non vogliamo rivelare troppo. Seguir\u00e0 infatti il calendario ufficiale degli eventi, disponibile a breve sul sito.<\/p>\n<p style=\"text-align: justify;\">Nel frattempo <strong>l&#8217;Aikido Vittorio Veneto vi invita domenica 14 Settembre dalle ore 15.00 alle 18:30 in centro a Vittorio Veneto (davanti al Bar Unione) alla Giornata dello Sport di Victor Sotto le Stelle<\/strong>, che anche quest&#8217;anno ospiter\u00e0 le nostre Arti Marziali dell&#8217;Aikido e del Judo e che ci conceder\u00e0 l&#8217;onore di esibirci insieme alla rappresentanza delle maggiori associazioni sportive del vittoriese.\u00a0Per tutto il pomeriggio si alterneranno dinamiche dimostrazioni di Aikido e Judo e lezioni tecniche dimostrative.<\/p>\n<p style=\"text-align: justify;\">L&#8217;Aikido Vittorio Veneto vi aspetta al Palazzetto dello Sport di Vittorio Veneto (accanto alle piscine comunali) ogni <strong>luned\u00ec, mercoled\u00ec e venerd\u00ec sera dalle 20.30 alle 22.00 con il corso di <i>Aikido adulti<\/i> e dal mese di ottobre nei giorni marted\u00ec e gioved\u00ec dalle 16.00 alle 17.00 con il corso di <i>Aikido giovani<\/i> dedicato a bambini e ragazzi dagli 8 ai 14 anni<\/strong>. <b>Ad ogni iscritto verr\u00e0 regalata la maglietta ufficiale dell&#8217;Aikido Vittorio Veneto!<\/b><\/p>\n<p style=\"text-align: justify;\">Vi aspettiamo sul tatami, pronti per scrivere e percorrere insieme questo nuovo anno all&#8217;insegna dell&#8217;Aikido.<\/p>\n<p style=\"text-align: right;\">Alessandra de Marchi<\/p>\n","protected":false},"excerpt":{"rendered":"<p>E&#8217; passata solo una settimana dalla ripresa delle lezioni di Aikido al Palazzetto dello Sport di Vittorio Veneto, e se le premesse sono quelle che si sono viste in questi giorni, allora per l&#8217;Aikido Vittorio Veneto si prospetta un anno ricco di eventi di successo e grandi novit\u00e0. Luned\u00ec 1\u00b0 &hellip;<\/p>\n","protected":false},"author":1,"featured_media":0,"comment_status":"closed","ping_status":"open","sticky":false,"template":"","format":"standard","meta":{"sfsi_plus_gutenberg_text_before_share":"","sfsi_plus_gutenberg_show_text_before_share":"","sfsi_plus_gutenberg_icon_type":"","sfsi_plus_gutenberg_icon_alignemt":"","sfsi_plus_gutenburg_max_per_row":"","_jetpack_memberships_contains_paid_content":false,"footnotes":""},"categories":[6],"tags":[],"class_list":["post-701","post","type-post","status-publish","format-standard","hentry","category-articoli"],"yoast_head":"<!-- This site is optimized with the Yoast SEO plugin v25.6 - https:\/\/yoast.com\/wordpress\/plugins\/seo\/ -->\n<title>L&#039;Aikido Vittorio Veneto riprende a gonfie vele - Aikido Origin<\/title>\n<meta name=\"robots\" content=\"index, follow, max-snippet:-1, max-image-preview:large, max-video-preview:-1\" \/>\n<link rel=\"canonical\" href=\"https:\/\/www.aikido-origin.it\/?p=701\" \/>\n<meta property=\"og:locale\" content=\"it_IT\" \/>\n<meta property=\"og:type\" content=\"article\" \/>\n<meta property=\"og:title\" content=\"L&#039;Aikido Vittorio Veneto riprende a gonfie vele - Aikido Origin\" \/>\n<meta property=\"og:description\" content=\"E&#8217; passata solo una settimana dalla ripresa delle lezioni di Aikido al Palazzetto dello Sport di Vittorio Veneto, e se le premesse sono quelle che si sono viste in questi giorni, allora per l&#8217;Aikido Vittorio Veneto si prospetta un anno ricco di eventi di successo e grandi novit\u00e0. Luned\u00ec 1\u00b0 &hellip;\" \/>\n<meta property=\"og:url\" content=\"https:\/\/www.aikido-origin.it\/?p=701\" \/>\n<meta property=\"og:site_name\" content=\"Aikido Origin\" \/>\n<meta property=\"article:publisher\" content=\"https:\/\/www.facebook.com\/AikidoOrigin\" \/>\n<meta property=\"article:published_time\" content=\"2014-09-09T11:31:34+00:00\" \/>\n<meta property=\"article:modified_time\" content=\"2014-09-11T15:10:08+00:00\" \/>\n<meta name=\"author\" content=\"AdminSensei\" \/>\n<meta name=\"twitter:card\" content=\"summary_large_image\" \/>\n<meta name=\"twitter:label1\" content=\"Scritto da\" \/>\n\t<meta name=\"twitter:data1\" content=\"AdminSensei\" \/>\n\t<meta name=\"twitter:label2\" content=\"Tempo di lettura stimato\" \/>\n\t<meta name=\"twitter:data2\" content=\"2 minuti\" \/>\n<script type=\"application\/ld+json\" class=\"yoast-schema-graph\">{\"@context\":\"https:\/\/schema.org\",\"@graph\":[{\"@type\":\"Article\",\"@id\":\"https:\/\/www.aikido-origin.it\/?p=701#article\",\"isPartOf\":{\"@id\":\"https:\/\/www.aikido-origin.it\/?p=701\"},\"author\":{\"name\":\"AdminSensei\",\"@id\":\"https:\/\/www.aikido-origin.it\/#\/schema\/person\/5f355cfd81900cfddcbb83493964aae4\"},\"headline\":\"L&#8217;Aikido Vittorio Veneto riprende a gonfie vele\",\"datePublished\":\"2014-09-09T11:31:34+00:00\",\"dateModified\":\"2014-09-11T15:10:08+00:00\",\"mainEntityOfPage\":{\"@id\":\"https:\/\/www.aikido-origin.it\/?p=701\"},\"wordCount\":438,\"publisher\":{\"@id\":\"https:\/\/www.aikido-origin.it\/#organization\"},\"articleSection\":[\"Articoli\"],\"inLanguage\":\"it-IT\"},{\"@type\":\"WebPage\",\"@id\":\"https:\/\/www.aikido-origin.it\/?p=701\",\"url\":\"https:\/\/www.aikido-origin.it\/?p=701\",\"name\":\"L'Aikido Vittorio Veneto riprende a gonfie vele - Aikido Origin\",\"isPartOf\":{\"@id\":\"https:\/\/www.aikido-origin.it\/#website\"},\"datePublished\":\"2014-09-09T11:31:34+00:00\",\"dateModified\":\"2014-09-11T15:10:08+00:00\",\"breadcrumb\":{\"@id\":\"https:\/\/www.aikido-origin.it\/?p=701#breadcrumb\"},\"inLanguage\":\"it-IT\",\"potentialAction\":[{\"@type\":\"ReadAction\",\"target\":[\"https:\/\/www.aikido-origin.it\/?p=701\"]}]},{\"@type\":\"BreadcrumbList\",\"@id\":\"https:\/\/www.aikido-origin.it\/?p=701#breadcrumb\",\"itemListElement\":[{\"@type\":\"ListItem\",\"position\":1,\"name\":\"Home\",\"item\":\"https:\/\/www.aikido-origin.it\/\"},{\"@type\":\"ListItem\",\"position\":2,\"name\":\"L&#8217;Aikido Vittorio Veneto riprende a gonfie vele\"}]},{\"@type\":\"WebSite\",\"@id\":\"https:\/\/www.aikido-origin.it\/#website\",\"url\":\"https:\/\/www.aikido-origin.it\/\",\"name\":\"Aikido Origin\",\"description\":\"The Art of Peace\",\"publisher\":{\"@id\":\"https:\/\/www.aikido-origin.it\/#organization\"},\"potentialAction\":[{\"@type\":\"SearchAction\",\"target\":{\"@type\":\"EntryPoint\",\"urlTemplate\":\"https:\/\/www.aikido-origin.it\/?s={search_term_string}\"},\"query-input\":{\"@type\":\"PropertyValueSpecification\",\"valueRequired\":true,\"valueName\":\"search_term_string\"}}],\"inLanguage\":\"it-IT\"},{\"@type\":\"Organization\",\"@id\":\"https:\/\/www.aikido-origin.it\/#organization\",\"name\":\"Aikido Origin\",\"url\":\"https:\/\/www.aikido-origin.it\/\",\"logo\":{\"@type\":\"ImageObject\",\"inLanguage\":\"it-IT\",\"@id\":\"https:\/\/www.aikido-origin.it\/#\/schema\/logo\/image\/\",\"url\":\"https:\/\/www.aikido-origin.it\/wordpress\/wp-content\/uploads\/2019\/09\/cropped-AIKIDO-ORIGIN-DEFINITIVO-1-1.png\",\"contentUrl\":\"https:\/\/www.aikido-origin.it\/wordpress\/wp-content\/uploads\/2019\/09\/cropped-AIKIDO-ORIGIN-DEFINITIVO-1-1.png\",\"width\":1002,\"height\":1042,\"caption\":\"Aikido Origin\"},\"image\":{\"@id\":\"https:\/\/www.aikido-origin.it\/#\/schema\/logo\/image\/\"},\"sameAs\":[\"https:\/\/www.facebook.com\/AikidoOrigin\",\"https:\/\/www.youtube.com\/AikidoOrigin\",\"https:\/\/www.instagram.com\/aikido_origin\"]},{\"@type\":\"Person\",\"@id\":\"https:\/\/www.aikido-origin.it\/#\/schema\/person\/5f355cfd81900cfddcbb83493964aae4\",\"name\":\"AdminSensei\",\"image\":{\"@type\":\"ImageObject\",\"inLanguage\":\"it-IT\",\"@id\":\"https:\/\/www.aikido-origin.it\/#\/schema\/person\/image\/\",\"url\":\"https:\/\/secure.gravatar.com\/avatar\/73767cd6cd374cc216306eebd0d67968?s=96&d=mm&r=g\",\"contentUrl\":\"https:\/\/secure.gravatar.com\/avatar\/73767cd6cd374cc216306eebd0d67968?s=96&d=mm&r=g\",\"caption\":\"AdminSensei\"},\"url\":\"https:\/\/www.aikido-origin.it\/?author=1\"}]}<\/script>\n<!-- \/ Yoast SEO plugin. -->","yoast_head_json":{"title":"L'Aikido Vittorio Veneto riprende a gonfie vele - Aikido Origin","robots":{"index":"index","follow":"follow","max-snippet":"max-snippet:-1","max-image-preview":"max-image-preview:large","max-video-preview":"max-video-preview:-1"},"canonical":"https:\/\/www.aikido-origin.it\/?p=701","og_locale":"it_IT","og_type":"article","og_title":"L'Aikido Vittorio Veneto riprende a gonfie vele - Aikido Origin","og_description":"E&#8217; passata solo una settimana dalla ripresa delle lezioni di Aikido al Palazzetto dello Sport di Vittorio Veneto, e se le premesse sono quelle che si sono viste in questi giorni, allora per l&#8217;Aikido Vittorio Veneto si prospetta un anno ricco di eventi di successo e grandi novit\u00e0. Luned\u00ec 1\u00b0 &hellip;","og_url":"https:\/\/www.aikido-origin.it\/?p=701","og_site_name":"Aikido Origin","article_publisher":"https:\/\/www.facebook.com\/AikidoOrigin","article_published_time":"2014-09-09T11:31:34+00:00","article_modified_time":"2014-09-11T15:10:08+00:00","author":"AdminSensei","twitter_card":"summary_large_image","twitter_misc":{"Scritto da":"AdminSensei","Tempo di lettura stimato":"2 minuti"},"schema":{"@context":"https:\/\/schema.org","@graph":[{"@type":"Article","@id":"https:\/\/www.aikido-origin.it\/?p=701#article","isPartOf":{"@id":"https:\/\/www.aikido-origin.it\/?p=701"},"author":{"name":"AdminSensei","@id":"https:\/\/www.aikido-origin.it\/#\/schema\/person\/5f355cfd81900cfddcbb83493964aae4"},"headline":"L&#8217;Aikido Vittorio Veneto riprende a gonfie vele","datePublished":"2014-09-09T11:31:34+00:00","dateModified":"2014-09-11T15:10:08+00:00","mainEntityOfPage":{"@id":"https:\/\/www.aikido-origin.it\/?p=701"},"wordCount":438,"publisher":{"@id":"https:\/\/www.aikido-origin.it\/#organization"},"articleSection":["Articoli"],"inLanguage":"it-IT"},{"@type":"WebPage","@id":"https:\/\/www.aikido-origin.it\/?p=701","url":"https:\/\/www.aikido-origin.it\/?p=701","name":"L'Aikido Vittorio Veneto riprende a gonfie vele - Aikido Origin","isPartOf":{"@id":"https:\/\/www.aikido-origin.it\/#website"},"datePublished":"2014-09-09T11:31:34+00:00","dateModified":"2014-09-11T15:10:08+00:00","breadcrumb":{"@id":"https:\/\/www.aikido-origin.it\/?p=701#breadcrumb"},"inLanguage":"it-IT","potentialAction":[{"@type":"ReadAction","target":["https:\/\/www.aikido-origin.it\/?p=701"]}]},{"@type":"BreadcrumbList","@id":"https:\/\/www.aikido-origin.it\/?p=701#breadcrumb","itemListElement":[{"@type":"ListItem","position":1,"name":"Home","item":"https:\/\/www.aikido-origin.it\/"},{"@type":"ListItem","position":2,"name":"L&#8217;Aikido Vittorio Veneto riprende a gonfie vele"}]},{"@type":"WebSite","@id":"https:\/\/www.aikido-origin.it\/#website","url":"https:\/\/www.aikido-origin.it\/","name":"Aikido Origin","description":"The Art of Peace","publisher":{"@id":"https:\/\/www.aikido-origin.it\/#organization"},"potentialAction":[{"@type":"SearchAction","target":{"@type":"EntryPoint","urlTemplate":"https:\/\/www.aikido-origin.it\/?s={search_term_string}"},"query-input":{"@type":"PropertyValueSpecification","valueRequired":true,"valueName":"search_term_string"}}],"inLanguage":"it-IT"},{"@type":"Organization","@id":"https:\/\/www.aikido-origin.it\/#organization","name":"Aikido Origin","url":"https:\/\/www.aikido-origin.it\/","logo":{"@type":"ImageObject","inLanguage":"it-IT","@id":"https:\/\/www.aikido-origin.it\/#\/schema\/logo\/image\/","url":"https:\/\/www.aikido-origin.it\/wordpress\/wp-content\/uploads\/2019\/09\/cropped-AIKIDO-ORIGIN-DEFINITIVO-1-1.png","contentUrl":"https:\/\/www.aikido-origin.it\/wordpress\/wp-content\/uploads\/2019\/09\/cropped-AIKIDO-ORIGIN-DEFINITIVO-1-1.png","width":1002,"height":1042,"caption":"Aikido Origin"},"image":{"@id":"https:\/\/www.aikido-origin.it\/#\/schema\/logo\/image\/"},"sameAs":["https:\/\/www.facebook.com\/AikidoOrigin","https:\/\/www.youtube.com\/AikidoOrigin","https:\/\/www.instagram.com\/aikido_origin"]},{"@type":"Person","@id":"https:\/\/www.aikido-origin.it\/#\/schema\/person\/5f355cfd81900cfddcbb83493964aae4","name":"AdminSensei","image":{"@type":"ImageObject","inLanguage":"it-IT","@id":"https:\/\/www.aikido-origin.it\/#\/schema\/person\/image\/","url":"https:\/\/secure.gravatar.com\/avatar\/73767cd6cd374cc216306eebd0d67968?s=96&d=mm&r=g","contentUrl":"https:\/\/secure.gravatar.com\/avatar\/73767cd6cd374cc216306eebd0d67968?s=96&d=mm&r=g","caption":"AdminSensei"},"url":"https:\/\/www.aikido-origin.it\/?author=1"}]}},"jetpack_featured_media_url":"","jetpack_sharing_enabled":true,"_links":{"self":[{"href":"https:\/\/www.aikido-origin.it\/index.php?rest_route=\/wp\/v2\/posts\/701","targetHints":{"allow":["GET"]}}],"collection":[{"href":"https:\/\/www.aikido-origin.it\/index.php?rest_route=\/wp\/v2\/posts"}],"about":[{"href":"https:\/\/www.aikido-origin.it\/index.php?rest_route=\/wp\/v2\/types\/post"}],"author":[{"embeddable":true,"href":"https:\/\/www.aikido-origin.it\/index.php?rest_route=\/wp\/v2\/users\/1"}],"replies":[{"embeddable":true,"href":"https:\/\/www.aikido-origin.it\/index.php?rest_route=%2Fwp%2Fv2%2Fcomments&post=701"}],"version-history":[{"count":4,"href":"https:\/\/www.aikido-origin.it\/index.php?rest_route=\/wp\/v2\/posts\/701\/revisions"}],"predecessor-version":[{"id":705,"href":"https:\/\/www.aikido-origin.it\/index.php?rest_route=\/wp\/v2\/posts\/701\/revisions\/705"}],"wp:attachment":[{"href":"https:\/\/www.aikido-origin.it\/index.php?rest_route=%2Fwp%2Fv2%2Fmedia&parent=701"}],"wp:term":[{"taxonomy":"category","embeddable":true,"href":"https:\/\/www.aikido-origin.it\/index.php?rest_route=%2Fwp%2Fv2%2Fcategories&post=701"},{"taxonomy":"post_tag","embeddable":true,"href":"https:\/\/www.aikido-origin.it\/index.php?rest_route=%2Fwp%2Fv2%2Ftags&post=701"}],"curies":[{"name":"wp","href":"https:\/\/api.w.org\/{rel}","templated":true}]}}