{"id":707,"date":"2014-09-14T13:09:09","date_gmt":"2014-09-14T11:09:09","guid":{"rendered":"http:\/\/www.aikido-vittorioveneto.it\/?p=707"},"modified":"2014-12-10T16:41:00","modified_gmt":"2014-12-10T15:41:00","slug":"tanti-auguri-dojo-cho","status":"publish","type":"post","link":"https:\/\/www.aikido-origin.it\/?p=707","title":{"rendered":"Tanti auguri Dojo Cho!"},"content":{"rendered":"<p style=\"text-align: justify;\">Venerd\u00ec 12 Settembre al Palazzetto dello Sport di Vittorio Veneto si sono svolti i festeggiamenti per il compleanno del Dojo Cho, il Maestro Sandro Lucagnano, che quest&#8217;anno ha compiuto 31 anni.<\/p>\n<p style=\"text-align: justify;\">Un clima di contentezza e buonumore ha caratterizzato l&#8217;intera serata, esordita con una ricca lezione di Aikido alla quale hanno preso parte tutti gli allievi dell&#8217;Aikido Vittorio Veneto e una considerevole rappresentanza dei compagni del Takemusu Aikido Padova del Maestro Marco Sada. I festeggiamenti si sono protratti fino a tarda serata tra regali, buon cibo, una bellissima compagnia e naturalmente la torta.<\/p>\n<p style=\"text-align: justify;\">A onorare il trentunesimo compleanno del Dojo Cho infatti \u00e8 stata una squisita torta decorata in pasta di zucchero raffigurante una sinuosa e raffinata carpa koi, celebre emblema del Giappone nonch\u00e9 figura caratterizzante nella vita del Maestro Lucagnano.<\/p>\n<p style=\"text-align: justify;\"><a href=\"http:\/\/www.aikido-origin.it\/wp-content\/uploads\/2014\/09\/carpa.jpg\"><img loading=\"lazy\" decoding=\"async\" class=\"aligncenter size-large wp-image-708\" src=\"http:\/\/www.aikido-origin.it\/wp-content\/uploads\/2014\/09\/carpa-1024x409.jpg\" alt=\"carpa\" width=\"584\" height=\"233\" srcset=\"https:\/\/www.aikido-origin.it\/wordpress\/wp-content\/uploads\/2014\/09\/carpa-1024x409.jpg 1024w, https:\/\/www.aikido-origin.it\/wordpress\/wp-content\/uploads\/2014\/09\/carpa-300x119.jpg 300w, https:\/\/www.aikido-origin.it\/wordpress\/wp-content\/uploads\/2014\/09\/carpa-500x199.jpg 500w\" sizes=\"auto, (max-width: 584px) 100vw, 584px\" \/><\/a>Sono serate come queste che fortificano lo spirito e l&#8217;armonia di un gruppo cos\u00ec eterogeneo nell&#8217;et\u00e0 ma accomunato da un&#8217;unica grande passione, ed \u00e8 in questo piacevole ambiente che si augura all&#8217;Aikido Vittorio Veneto di continuare a crescere ed evolversi.<\/p>\n<p style=\"text-align: right;\"><a href=\"http:\/\/www.aikido-origin.it\/wp-content\/uploads\/2014\/09\/gruppo-keiko-12-settembre-2014.jpg\"><img loading=\"lazy\" decoding=\"async\" class=\"aligncenter size-large wp-image-709\" src=\"http:\/\/www.aikido-origin.it\/wp-content\/uploads\/2014\/09\/gruppo-keiko-12-settembre-2014-1024x574.jpg\" alt=\"gruppo keiko 12 settembre 2014\" width=\"584\" height=\"327\" srcset=\"https:\/\/www.aikido-origin.it\/wordpress\/wp-content\/uploads\/2014\/09\/gruppo-keiko-12-settembre-2014-1024x574.jpg 1024w, https:\/\/www.aikido-origin.it\/wordpress\/wp-content\/uploads\/2014\/09\/gruppo-keiko-12-settembre-2014-300x168.jpg 300w, https:\/\/www.aikido-origin.it\/wordpress\/wp-content\/uploads\/2014\/09\/gruppo-keiko-12-settembre-2014-500x280.jpg 500w\" sizes=\"auto, (max-width: 584px) 100vw, 584px\" \/><\/a> Alessandra de Marchi<\/p>\n<p style=\"text-align: justify;\">\n","protected":false},"excerpt":{"rendered":"<p>Venerd\u00ec 12 Settembre al Palazzetto dello Sport di Vittorio Veneto si sono svolti i festeggiamenti per il compleanno del Dojo Cho, il Maestro Sandro Lucagnano, che quest&#8217;anno ha compiuto 31 anni. Un clima di contentezza e buonumore ha caratterizzato l&#8217;intera serata, esordita con una ricca lezione di Aikido alla quale &hellip;<\/p>\n","protected":false},"author":1,"featured_media":0,"comment_status":"closed","ping_status":"open","sticky":false,"template":"","format":"standard","meta":{"sfsi_plus_gutenberg_text_before_share":"","sfsi_plus_gutenberg_show_text_before_share":"","sfsi_plus_gutenberg_icon_type":"","sfsi_plus_gutenberg_icon_alignemt":"","sfsi_plus_gutenburg_max_per_row":"","_jetpack_memberships_contains_paid_content":false,"footnotes":""},"categories":[6],"tags":[],"class_list":["post-707","post","type-post","status-publish","format-standard","hentry","category-articoli"],"yoast_head":"<!-- This site is optimized with the Yoast SEO plugin v25.6 - https:\/\/yoast.com\/wordpress\/plugins\/seo\/ -->\n<title>Tanti auguri Dojo Cho! - Aikido Origin<\/title>\n<meta name=\"robots\" content=\"index, follow, max-snippet:-1, max-image-preview:large, max-video-preview:-1\" \/>\n<link rel=\"canonical\" href=\"https:\/\/www.aikido-origin.it\/?p=707\" \/>\n<meta property=\"og:locale\" content=\"it_IT\" \/>\n<meta property=\"og:type\" content=\"article\" \/>\n<meta property=\"og:title\" content=\"Tanti auguri Dojo Cho! - Aikido Origin\" \/>\n<meta property=\"og:description\" content=\"Venerd\u00ec 12 Settembre al Palazzetto dello Sport di Vittorio Veneto si sono svolti i festeggiamenti per il compleanno del Dojo Cho, il Maestro Sandro Lucagnano, che quest&#8217;anno ha compiuto 31 anni. Un clima di contentezza e buonumore ha caratterizzato l&#8217;intera serata, esordita con una ricca lezione di Aikido alla quale &hellip;\" \/>\n<meta property=\"og:url\" content=\"https:\/\/www.aikido-origin.it\/?p=707\" \/>\n<meta property=\"og:site_name\" content=\"Aikido Origin\" \/>\n<meta property=\"article:publisher\" content=\"https:\/\/www.facebook.com\/AikidoOrigin\" \/>\n<meta property=\"article:published_time\" content=\"2014-09-14T11:09:09+00:00\" \/>\n<meta property=\"article:modified_time\" content=\"2014-12-10T15:41:00+00:00\" \/>\n<meta property=\"og:image\" content=\"http:\/\/www.aikido-origin.it\/wp-content\/uploads\/2014\/09\/carpa-1024x409.jpg\" \/>\n<meta name=\"author\" content=\"AdminSensei\" \/>\n<meta name=\"twitter:card\" content=\"summary_large_image\" \/>\n<meta name=\"twitter:label1\" content=\"Scritto da\" \/>\n\t<meta name=\"twitter:data1\" content=\"AdminSensei\" \/>\n\t<meta name=\"twitter:label2\" content=\"Tempo di lettura stimato\" \/>\n\t<meta name=\"twitter:data2\" content=\"1 minuto\" \/>\n<script type=\"application\/ld+json\" class=\"yoast-schema-graph\">{\"@context\":\"https:\/\/schema.org\",\"@graph\":[{\"@type\":\"Article\",\"@id\":\"https:\/\/www.aikido-origin.it\/?p=707#article\",\"isPartOf\":{\"@id\":\"https:\/\/www.aikido-origin.it\/?p=707\"},\"author\":{\"name\":\"AdminSensei\",\"@id\":\"https:\/\/www.aikido-origin.it\/#\/schema\/person\/5f355cfd81900cfddcbb83493964aae4\"},\"headline\":\"Tanti auguri Dojo Cho!\",\"datePublished\":\"2014-09-14T11:09:09+00:00\",\"dateModified\":\"2014-12-10T15:41:00+00:00\",\"mainEntityOfPage\":{\"@id\":\"https:\/\/www.aikido-origin.it\/?p=707\"},\"wordCount\":181,\"publisher\":{\"@id\":\"https:\/\/www.aikido-origin.it\/#organization\"},\"image\":{\"@id\":\"https:\/\/www.aikido-origin.it\/?p=707#primaryimage\"},\"thumbnailUrl\":\"http:\/\/www.aikido-origin.it\/wp-content\/uploads\/2014\/09\/carpa-1024x409.jpg\",\"articleSection\":[\"Articoli\"],\"inLanguage\":\"it-IT\"},{\"@type\":\"WebPage\",\"@id\":\"https:\/\/www.aikido-origin.it\/?p=707\",\"url\":\"https:\/\/www.aikido-origin.it\/?p=707\",\"name\":\"Tanti auguri Dojo Cho! - Aikido Origin\",\"isPartOf\":{\"@id\":\"https:\/\/www.aikido-origin.it\/#website\"},\"primaryImageOfPage\":{\"@id\":\"https:\/\/www.aikido-origin.it\/?p=707#primaryimage\"},\"image\":{\"@id\":\"https:\/\/www.aikido-origin.it\/?p=707#primaryimage\"},\"thumbnailUrl\":\"http:\/\/www.aikido-origin.it\/wp-content\/uploads\/2014\/09\/carpa-1024x409.jpg\",\"datePublished\":\"2014-09-14T11:09:09+00:00\",\"dateModified\":\"2014-12-10T15:41:00+00:00\",\"breadcrumb\":{\"@id\":\"https:\/\/www.aikido-origin.it\/?p=707#breadcrumb\"},\"inLanguage\":\"it-IT\",\"potentialAction\":[{\"@type\":\"ReadAction\",\"target\":[\"https:\/\/www.aikido-origin.it\/?p=707\"]}]},{\"@type\":\"ImageObject\",\"inLanguage\":\"it-IT\",\"@id\":\"https:\/\/www.aikido-origin.it\/?p=707#primaryimage\",\"url\":\"https:\/\/www.aikido-origin.it\/wordpress\/wp-content\/uploads\/2014\/09\/carpa.jpg\",\"contentUrl\":\"https:\/\/www.aikido-origin.it\/wordpress\/wp-content\/uploads\/2014\/09\/carpa.jpg\",\"width\":5906,\"height\":2362},{\"@type\":\"BreadcrumbList\",\"@id\":\"https:\/\/www.aikido-origin.it\/?p=707#breadcrumb\",\"itemListElement\":[{\"@type\":\"ListItem\",\"position\":1,\"name\":\"Home\",\"item\":\"https:\/\/www.aikido-origin.it\/\"},{\"@type\":\"ListItem\",\"position\":2,\"name\":\"Tanti auguri Dojo Cho!\"}]},{\"@type\":\"WebSite\",\"@id\":\"https:\/\/www.aikido-origin.it\/#website\",\"url\":\"https:\/\/www.aikido-origin.it\/\",\"name\":\"Aikido Origin\",\"description\":\"The Art of Peace\",\"publisher\":{\"@id\":\"https:\/\/www.aikido-origin.it\/#organization\"},\"potentialAction\":[{\"@type\":\"SearchAction\",\"target\":{\"@type\":\"EntryPoint\",\"urlTemplate\":\"https:\/\/www.aikido-origin.it\/?s={search_term_string}\"},\"query-input\":{\"@type\":\"PropertyValueSpecification\",\"valueRequired\":true,\"valueName\":\"search_term_string\"}}],\"inLanguage\":\"it-IT\"},{\"@type\":\"Organization\",\"@id\":\"https:\/\/www.aikido-origin.it\/#organization\",\"name\":\"Aikido Origin\",\"url\":\"https:\/\/www.aikido-origin.it\/\",\"logo\":{\"@type\":\"ImageObject\",\"inLanguage\":\"it-IT\",\"@id\":\"https:\/\/www.aikido-origin.it\/#\/schema\/logo\/image\/\",\"url\":\"https:\/\/www.aikido-origin.it\/wordpress\/wp-content\/uploads\/2019\/09\/cropped-AIKIDO-ORIGIN-DEFINITIVO-1-1.png\",\"contentUrl\":\"https:\/\/www.aikido-origin.it\/wordpress\/wp-content\/uploads\/2019\/09\/cropped-AIKIDO-ORIGIN-DEFINITIVO-1-1.png\",\"width\":1002,\"height\":1042,\"caption\":\"Aikido Origin\"},\"image\":{\"@id\":\"https:\/\/www.aikido-origin.it\/#\/schema\/logo\/image\/\"},\"sameAs\":[\"https:\/\/www.facebook.com\/AikidoOrigin\",\"https:\/\/www.youtube.com\/AikidoOrigin\",\"https:\/\/www.instagram.com\/aikido_origin\"]},{\"@type\":\"Person\",\"@id\":\"https:\/\/www.aikido-origin.it\/#\/schema\/person\/5f355cfd81900cfddcbb83493964aae4\",\"name\":\"AdminSensei\",\"image\":{\"@type\":\"ImageObject\",\"inLanguage\":\"it-IT\",\"@id\":\"https:\/\/www.aikido-origin.it\/#\/schema\/person\/image\/\",\"url\":\"https:\/\/secure.gravatar.com\/avatar\/73767cd6cd374cc216306eebd0d67968?s=96&d=mm&r=g\",\"contentUrl\":\"https:\/\/secure.gravatar.com\/avatar\/73767cd6cd374cc216306eebd0d67968?s=96&d=mm&r=g\",\"caption\":\"AdminSensei\"},\"url\":\"https:\/\/www.aikido-origin.it\/?author=1\"}]}<\/script>\n<!-- \/ Yoast SEO plugin. -->","yoast_head_json":{"title":"Tanti auguri Dojo Cho! - Aikido Origin","robots":{"index":"index","follow":"follow","max-snippet":"max-snippet:-1","max-image-preview":"max-image-preview:large","max-video-preview":"max-video-preview:-1"},"canonical":"https:\/\/www.aikido-origin.it\/?p=707","og_locale":"it_IT","og_type":"article","og_title":"Tanti auguri Dojo Cho! - Aikido Origin","og_description":"Venerd\u00ec 12 Settembre al Palazzetto dello Sport di Vittorio Veneto si sono svolti i festeggiamenti per il compleanno del Dojo Cho, il Maestro Sandro Lucagnano, che quest&#8217;anno ha compiuto 31 anni. Un clima di contentezza e buonumore ha caratterizzato l&#8217;intera serata, esordita con una ricca lezione di Aikido alla quale &hellip;","og_url":"https:\/\/www.aikido-origin.it\/?p=707","og_site_name":"Aikido Origin","article_publisher":"https:\/\/www.facebook.com\/AikidoOrigin","article_published_time":"2014-09-14T11:09:09+00:00","article_modified_time":"2014-12-10T15:41:00+00:00","og_image":[{"url":"http:\/\/www.aikido-origin.it\/wp-content\/uploads\/2014\/09\/carpa-1024x409.jpg","type":"","width":"","height":""}],"author":"AdminSensei","twitter_card":"summary_large_image","twitter_misc":{"Scritto da":"AdminSensei","Tempo di lettura stimato":"1 minuto"},"schema":{"@context":"https:\/\/schema.org","@graph":[{"@type":"Article","@id":"https:\/\/www.aikido-origin.it\/?p=707#article","isPartOf":{"@id":"https:\/\/www.aikido-origin.it\/?p=707"},"author":{"name":"AdminSensei","@id":"https:\/\/www.aikido-origin.it\/#\/schema\/person\/5f355cfd81900cfddcbb83493964aae4"},"headline":"Tanti auguri Dojo Cho!","datePublished":"2014-09-14T11:09:09+00:00","dateModified":"2014-12-10T15:41:00+00:00","mainEntityOfPage":{"@id":"https:\/\/www.aikido-origin.it\/?p=707"},"wordCount":181,"publisher":{"@id":"https:\/\/www.aikido-origin.it\/#organization"},"image":{"@id":"https:\/\/www.aikido-origin.it\/?p=707#primaryimage"},"thumbnailUrl":"http:\/\/www.aikido-origin.it\/wp-content\/uploads\/2014\/09\/carpa-1024x409.jpg","articleSection":["Articoli"],"inLanguage":"it-IT"},{"@type":"WebPage","@id":"https:\/\/www.aikido-origin.it\/?p=707","url":"https:\/\/www.aikido-origin.it\/?p=707","name":"Tanti auguri Dojo Cho! - Aikido Origin","isPartOf":{"@id":"https:\/\/www.aikido-origin.it\/#website"},"primaryImageOfPage":{"@id":"https:\/\/www.aikido-origin.it\/?p=707#primaryimage"},"image":{"@id":"https:\/\/www.aikido-origin.it\/?p=707#primaryimage"},"thumbnailUrl":"http:\/\/www.aikido-origin.it\/wp-content\/uploads\/2014\/09\/carpa-1024x409.jpg","datePublished":"2014-09-14T11:09:09+00:00","dateModified":"2014-12-10T15:41:00+00:00","breadcrumb":{"@id":"https:\/\/www.aikido-origin.it\/?p=707#breadcrumb"},"inLanguage":"it-IT","potentialAction":[{"@type":"ReadAction","target":["https:\/\/www.aikido-origin.it\/?p=707"]}]},{"@type":"ImageObject","inLanguage":"it-IT","@id":"https:\/\/www.aikido-origin.it\/?p=707#primaryimage","url":"https:\/\/www.aikido-origin.it\/wordpress\/wp-content\/uploads\/2014\/09\/carpa.jpg","contentUrl":"https:\/\/www.aikido-origin.it\/wordpress\/wp-content\/uploads\/2014\/09\/carpa.jpg","width":5906,"height":2362},{"@type":"BreadcrumbList","@id":"https:\/\/www.aikido-origin.it\/?p=707#breadcrumb","itemListElement":[{"@type":"ListItem","position":1,"name":"Home","item":"https:\/\/www.aikido-origin.it\/"},{"@type":"ListItem","position":2,"name":"Tanti auguri Dojo Cho!"}]},{"@type":"WebSite","@id":"https:\/\/www.aikido-origin.it\/#website","url":"https:\/\/www.aikido-origin.it\/","name":"Aikido Origin","description":"The Art of Peace","publisher":{"@id":"https:\/\/www.aikido-origin.it\/#organization"},"potentialAction":[{"@type":"SearchAction","target":{"@type":"EntryPoint","urlTemplate":"https:\/\/www.aikido-origin.it\/?s={search_term_string}"},"query-input":{"@type":"PropertyValueSpecification","valueRequired":true,"valueName":"search_term_string"}}],"inLanguage":"it-IT"},{"@type":"Organization","@id":"https:\/\/www.aikido-origin.it\/#organization","name":"Aikido Origin","url":"https:\/\/www.aikido-origin.it\/","logo":{"@type":"ImageObject","inLanguage":"it-IT","@id":"https:\/\/www.aikido-origin.it\/#\/schema\/logo\/image\/","url":"https:\/\/www.aikido-origin.it\/wordpress\/wp-content\/uploads\/2019\/09\/cropped-AIKIDO-ORIGIN-DEFINITIVO-1-1.png","contentUrl":"https:\/\/www.aikido-origin.it\/wordpress\/wp-content\/uploads\/2019\/09\/cropped-AIKIDO-ORIGIN-DEFINITIVO-1-1.png","width":1002,"height":1042,"caption":"Aikido Origin"},"image":{"@id":"https:\/\/www.aikido-origin.it\/#\/schema\/logo\/image\/"},"sameAs":["https:\/\/www.facebook.com\/AikidoOrigin","https:\/\/www.youtube.com\/AikidoOrigin","https:\/\/www.instagram.com\/aikido_origin"]},{"@type":"Person","@id":"https:\/\/www.aikido-origin.it\/#\/schema\/person\/5f355cfd81900cfddcbb83493964aae4","name":"AdminSensei","image":{"@type":"ImageObject","inLanguage":"it-IT","@id":"https:\/\/www.aikido-origin.it\/#\/schema\/person\/image\/","url":"https:\/\/secure.gravatar.com\/avatar\/73767cd6cd374cc216306eebd0d67968?s=96&d=mm&r=g","contentUrl":"https:\/\/secure.gravatar.com\/avatar\/73767cd6cd374cc216306eebd0d67968?s=96&d=mm&r=g","caption":"AdminSensei"},"url":"https:\/\/www.aikido-origin.it\/?author=1"}]}},"jetpack_featured_media_url":"","jetpack_sharing_enabled":true,"_links":{"self":[{"href":"https:\/\/www.aikido-origin.it\/index.php?rest_route=\/wp\/v2\/posts\/707","targetHints":{"allow":["GET"]}}],"collection":[{"href":"https:\/\/www.aikido-origin.it\/index.php?rest_route=\/wp\/v2\/posts"}],"about":[{"href":"https:\/\/www.aikido-origin.it\/index.php?rest_route=\/wp\/v2\/types\/post"}],"author":[{"embeddable":true,"href":"https:\/\/www.aikido-origin.it\/index.php?rest_route=\/wp\/v2\/users\/1"}],"replies":[{"embeddable":true,"href":"https:\/\/www.aikido-origin.it\/index.php?rest_route=%2Fwp%2Fv2%2Fcomments&post=707"}],"version-history":[{"count":3,"href":"https:\/\/www.aikido-origin.it\/index.php?rest_route=\/wp\/v2\/posts\/707\/revisions"}],"predecessor-version":[{"id":806,"href":"https:\/\/www.aikido-origin.it\/index.php?rest_route=\/wp\/v2\/posts\/707\/revisions\/806"}],"wp:attachment":[{"href":"https:\/\/www.aikido-origin.it\/index.php?rest_route=%2Fwp%2Fv2%2Fmedia&parent=707"}],"wp:term":[{"taxonomy":"category","embeddable":true,"href":"https:\/\/www.aikido-origin.it\/index.php?rest_route=%2Fwp%2Fv2%2Fcategories&post=707"},{"taxonomy":"post_tag","embeddable":true,"href":"https:\/\/www.aikido-origin.it\/index.php?rest_route=%2Fwp%2Fv2%2Ftags&post=707"}],"curies":[{"name":"wp","href":"https:\/\/api.w.org\/{rel}","templated":true}]}}