{"id":713,"date":"2014-09-17T12:54:00","date_gmt":"2014-09-17T10:54:00","guid":{"rendered":"http:\/\/www.aikido-vittorioveneto.it\/?p=713"},"modified":"2014-09-17T12:55:13","modified_gmt":"2014-09-17T10:55:13","slug":"aikido-in-piazza-per-la-giornata-dello-sport","status":"publish","type":"post","link":"https:\/\/www.aikido-origin.it\/?p=713","title":{"rendered":"Aikido in piazza per la Giornata dello Sport"},"content":{"rendered":"<p style=\"text-align: justify;\">E&#8217; stato un pomeriggio all&#8217;insegna dello sport quello che domenica 14 Settembre 2014 ha impegnato le principali associazioni sportive vittoriesi nella Giornata dello Sport di Victor Sotto le Stelle. Schierati lungo la via principale di Vittorio Veneto, le societ\u00e0 presenti hanno intrattenuto gli spettatori con esibizioni ed incontri amichevoli sportivi.<\/p>\n<p style=\"text-align: justify;\">Tra le discipline invitate all&#8217;evento anche l&#8217;Aikido Vittorio Veneto, che ha affascinato ed incuriosito un folto pubblico incantato dalle spettacolari abilit\u00e0 del Maestro Sandro Lucagnano e dei suoi allievi. Le mirabolanti proiezioni e i <i>randori <\/i>hanno conquistato anche l&#8217;attenzione dei numerosi bambini presenti che, meravigliati, esultavano ad ogni <i>tobi ukemi <\/i>(caduta d&#8217;impatto).<\/p>\n<p style=\"text-align: justify;\"><a href=\"http:\/\/www.aikido-origin.it\/wp-content\/uploads\/2014\/09\/impatto.jpg\"><img loading=\"lazy\" decoding=\"async\" class=\"aligncenter size-large wp-image-714\" alt=\"impatto\" src=\"http:\/\/www.aikido-origin.it\/wp-content\/uploads\/2014\/09\/impatto-1024x683.jpg\" width=\"584\" height=\"389\" srcset=\"https:\/\/www.aikido-origin.it\/wordpress\/wp-content\/uploads\/2014\/09\/impatto-1024x683.jpg 1024w, https:\/\/www.aikido-origin.it\/wordpress\/wp-content\/uploads\/2014\/09\/impatto-300x200.jpg 300w, https:\/\/www.aikido-origin.it\/wordpress\/wp-content\/uploads\/2014\/09\/impatto-449x300.jpg 449w, https:\/\/www.aikido-origin.it\/wordpress\/wp-content\/uploads\/2014\/09\/impatto.jpg 2048w\" sizes=\"auto, (max-width: 584px) 100vw, 584px\" \/><\/a><\/p>\n<p style=\"text-align: justify;\">Le esibizioni di Aikido si sono tenute di fronte al Bar Lux, accanto agli incantevoli giardini pubblici di Vittorio Veneto e a pochi passi dalla piazza principale della citt\u00e0, ed hanno visto il Maestro Lucagnano alternare spiegazioni tecniche ed esibizioni dinamiche, dimostrando ai presenti come la pratica dell&#8217;Aikido si evolve dalla semplice caduta alla complessa difesa da pi\u00f9 avversari. Molteplici sono stati gli argomenti sviluppati nel corso della dimostrazione: studi di forma con il bastone (<i>jo<\/i>) e la spada (<i>ken<\/i>), difese a mano nuda contro uno o pi\u00f9 avversari armati, tecniche libere da prese al polso e alle spalle e attacchi di varia natura come pugni, calci e colpi al viso. Il tutto rispettando il principio essenziale dell&#8217;Aikido, ovvero quello di sfruttare la forza e l&#8217;impeto di attacco dell&#8217;aggressore senza opporsi ad esso, agendo in modo da neutralizzarlo attraverso efficaci leve articolari, proiezioni o immobilizzazioni. Ed \u00e8 grazie alla variet\u00e0 dei temi trattati e all&#8217;unicit\u00e0 dell&#8217;Aikido stesso che il pubblico \u00e8 rimasto numeroso ad assistere all&#8217;intera esibizione.<\/p>\n<p style=\"text-align: justify;\">Si ringraziano gli allievi dell&#8217;Aikido Vittorio Veneto che hanno partecipato all&#8217;evento (per alcuni \u00e8 stata la prima esperienza di esibizione pubblica) e l&#8217;<b>Associazione Victor <\/b>che ci ha concesso l&#8217;onore di partecipare a questa straordinaria iniziativa anche quest&#8217;anno. Un ringraziamento particolare va a <a href=\"https:\/\/www.facebook.com\/NatasciaTorresArt\/timeline\" target=\"_blank\"><b>Natascia Torres Photography<\/b><\/a> la quale ci ha regalato degli splendidi scatti raccolti nell&#8217;album <a href=\"https:\/\/www.facebook.com\/aikido.vittorioveneto\/media_set?set=a.925358274160614.1073741839.100000593518539&amp;type=3\" target=\"_blank\">Victor 2014 &#8211; Giornata dello Sport su Facebook<\/a>.<\/p>\n<p style=\"text-align: justify;\">Di seguito il link al video ufficiale dell&#8217;evento. <a href=\"http:\/\/youtu.be\/bfzuxfBJIhM\" target=\"_blank\">Link<\/a><\/p>\n<p align=\"right\">Alessandra de Marchi<\/p>\n","protected":false},"excerpt":{"rendered":"<p>E&#8217; stato un pomeriggio all&#8217;insegna dello sport quello che domenica 14 Settembre 2014 ha impegnato le principali associazioni sportive vittoriesi nella Giornata dello Sport di Victor Sotto le Stelle. Schierati lungo la via principale di Vittorio Veneto, le societ\u00e0 presenti hanno intrattenuto gli spettatori con esibizioni ed incontri amichevoli sportivi. &hellip;<\/p>\n","protected":false},"author":1,"featured_media":0,"comment_status":"closed","ping_status":"open","sticky":false,"template":"","format":"standard","meta":{"sfsi_plus_gutenberg_text_before_share":"","sfsi_plus_gutenberg_show_text_before_share":"","sfsi_plus_gutenberg_icon_type":"","sfsi_plus_gutenberg_icon_alignemt":"","sfsi_plus_gutenburg_max_per_row":"","_jetpack_memberships_contains_paid_content":false,"footnotes":""},"categories":[6],"tags":[],"class_list":["post-713","post","type-post","status-publish","format-standard","hentry","category-articoli"],"yoast_head":"<!-- This site is optimized with the Yoast SEO plugin v25.6 - https:\/\/yoast.com\/wordpress\/plugins\/seo\/ -->\n<title>Aikido in piazza per la Giornata dello Sport - Aikido Origin<\/title>\n<meta name=\"robots\" content=\"index, follow, max-snippet:-1, max-image-preview:large, max-video-preview:-1\" \/>\n<link rel=\"canonical\" href=\"https:\/\/www.aikido-origin.it\/?p=713\" \/>\n<meta property=\"og:locale\" content=\"it_IT\" \/>\n<meta property=\"og:type\" content=\"article\" \/>\n<meta property=\"og:title\" content=\"Aikido in piazza per la Giornata dello Sport - Aikido Origin\" \/>\n<meta property=\"og:description\" content=\"E&#8217; stato un pomeriggio all&#8217;insegna dello sport quello che domenica 14 Settembre 2014 ha impegnato le principali associazioni sportive vittoriesi nella Giornata dello Sport di Victor Sotto le Stelle. Schierati lungo la via principale di Vittorio Veneto, le societ\u00e0 presenti hanno intrattenuto gli spettatori con esibizioni ed incontri amichevoli sportivi. &hellip;\" \/>\n<meta property=\"og:url\" content=\"https:\/\/www.aikido-origin.it\/?p=713\" \/>\n<meta property=\"og:site_name\" content=\"Aikido Origin\" \/>\n<meta property=\"article:publisher\" content=\"https:\/\/www.facebook.com\/AikidoOrigin\" \/>\n<meta property=\"article:published_time\" content=\"2014-09-17T10:54:00+00:00\" \/>\n<meta property=\"article:modified_time\" content=\"2014-09-17T10:55:13+00:00\" \/>\n<meta property=\"og:image\" content=\"http:\/\/www.aikido-origin.it\/wp-content\/uploads\/2014\/09\/impatto-1024x683.jpg\" \/>\n<meta name=\"author\" content=\"AdminSensei\" \/>\n<meta name=\"twitter:card\" content=\"summary_large_image\" \/>\n<meta name=\"twitter:label1\" content=\"Scritto da\" \/>\n\t<meta name=\"twitter:data1\" content=\"AdminSensei\" \/>\n\t<meta name=\"twitter:label2\" content=\"Tempo di lettura stimato\" \/>\n\t<meta name=\"twitter:data2\" content=\"2 minuti\" \/>\n<script type=\"application\/ld+json\" class=\"yoast-schema-graph\">{\"@context\":\"https:\/\/schema.org\",\"@graph\":[{\"@type\":\"Article\",\"@id\":\"https:\/\/www.aikido-origin.it\/?p=713#article\",\"isPartOf\":{\"@id\":\"https:\/\/www.aikido-origin.it\/?p=713\"},\"author\":{\"name\":\"AdminSensei\",\"@id\":\"https:\/\/www.aikido-origin.it\/#\/schema\/person\/5f355cfd81900cfddcbb83493964aae4\"},\"headline\":\"Aikido in piazza per la Giornata dello Sport\",\"datePublished\":\"2014-09-17T10:54:00+00:00\",\"dateModified\":\"2014-09-17T10:55:13+00:00\",\"mainEntityOfPage\":{\"@id\":\"https:\/\/www.aikido-origin.it\/?p=713\"},\"wordCount\":365,\"publisher\":{\"@id\":\"https:\/\/www.aikido-origin.it\/#organization\"},\"image\":{\"@id\":\"https:\/\/www.aikido-origin.it\/?p=713#primaryimage\"},\"thumbnailUrl\":\"http:\/\/www.aikido-origin.it\/wp-content\/uploads\/2014\/09\/impatto-1024x683.jpg\",\"articleSection\":[\"Articoli\"],\"inLanguage\":\"it-IT\"},{\"@type\":\"WebPage\",\"@id\":\"https:\/\/www.aikido-origin.it\/?p=713\",\"url\":\"https:\/\/www.aikido-origin.it\/?p=713\",\"name\":\"Aikido in piazza per la Giornata dello Sport - Aikido Origin\",\"isPartOf\":{\"@id\":\"https:\/\/www.aikido-origin.it\/#website\"},\"primaryImageOfPage\":{\"@id\":\"https:\/\/www.aikido-origin.it\/?p=713#primaryimage\"},\"image\":{\"@id\":\"https:\/\/www.aikido-origin.it\/?p=713#primaryimage\"},\"thumbnailUrl\":\"http:\/\/www.aikido-origin.it\/wp-content\/uploads\/2014\/09\/impatto-1024x683.jpg\",\"datePublished\":\"2014-09-17T10:54:00+00:00\",\"dateModified\":\"2014-09-17T10:55:13+00:00\",\"breadcrumb\":{\"@id\":\"https:\/\/www.aikido-origin.it\/?p=713#breadcrumb\"},\"inLanguage\":\"it-IT\",\"potentialAction\":[{\"@type\":\"ReadAction\",\"target\":[\"https:\/\/www.aikido-origin.it\/?p=713\"]}]},{\"@type\":\"ImageObject\",\"inLanguage\":\"it-IT\",\"@id\":\"https:\/\/www.aikido-origin.it\/?p=713#primaryimage\",\"url\":\"https:\/\/www.aikido-origin.it\/wordpress\/wp-content\/uploads\/2014\/09\/impatto.jpg\",\"contentUrl\":\"https:\/\/www.aikido-origin.it\/wordpress\/wp-content\/uploads\/2014\/09\/impatto.jpg\",\"width\":2048,\"height\":1366},{\"@type\":\"BreadcrumbList\",\"@id\":\"https:\/\/www.aikido-origin.it\/?p=713#breadcrumb\",\"itemListElement\":[{\"@type\":\"ListItem\",\"position\":1,\"name\":\"Home\",\"item\":\"https:\/\/www.aikido-origin.it\/\"},{\"@type\":\"ListItem\",\"position\":2,\"name\":\"Aikido in piazza per la Giornata dello Sport\"}]},{\"@type\":\"WebSite\",\"@id\":\"https:\/\/www.aikido-origin.it\/#website\",\"url\":\"https:\/\/www.aikido-origin.it\/\",\"name\":\"Aikido Origin\",\"description\":\"The Art of Peace\",\"publisher\":{\"@id\":\"https:\/\/www.aikido-origin.it\/#organization\"},\"potentialAction\":[{\"@type\":\"SearchAction\",\"target\":{\"@type\":\"EntryPoint\",\"urlTemplate\":\"https:\/\/www.aikido-origin.it\/?s={search_term_string}\"},\"query-input\":{\"@type\":\"PropertyValueSpecification\",\"valueRequired\":true,\"valueName\":\"search_term_string\"}}],\"inLanguage\":\"it-IT\"},{\"@type\":\"Organization\",\"@id\":\"https:\/\/www.aikido-origin.it\/#organization\",\"name\":\"Aikido Origin\",\"url\":\"https:\/\/www.aikido-origin.it\/\",\"logo\":{\"@type\":\"ImageObject\",\"inLanguage\":\"it-IT\",\"@id\":\"https:\/\/www.aikido-origin.it\/#\/schema\/logo\/image\/\",\"url\":\"https:\/\/www.aikido-origin.it\/wordpress\/wp-content\/uploads\/2019\/09\/cropped-AIKIDO-ORIGIN-DEFINITIVO-1-1.png\",\"contentUrl\":\"https:\/\/www.aikido-origin.it\/wordpress\/wp-content\/uploads\/2019\/09\/cropped-AIKIDO-ORIGIN-DEFINITIVO-1-1.png\",\"width\":1002,\"height\":1042,\"caption\":\"Aikido Origin\"},\"image\":{\"@id\":\"https:\/\/www.aikido-origin.it\/#\/schema\/logo\/image\/\"},\"sameAs\":[\"https:\/\/www.facebook.com\/AikidoOrigin\",\"https:\/\/www.youtube.com\/AikidoOrigin\",\"https:\/\/www.instagram.com\/aikido_origin\"]},{\"@type\":\"Person\",\"@id\":\"https:\/\/www.aikido-origin.it\/#\/schema\/person\/5f355cfd81900cfddcbb83493964aae4\",\"name\":\"AdminSensei\",\"image\":{\"@type\":\"ImageObject\",\"inLanguage\":\"it-IT\",\"@id\":\"https:\/\/www.aikido-origin.it\/#\/schema\/person\/image\/\",\"url\":\"https:\/\/secure.gravatar.com\/avatar\/73767cd6cd374cc216306eebd0d67968?s=96&d=mm&r=g\",\"contentUrl\":\"https:\/\/secure.gravatar.com\/avatar\/73767cd6cd374cc216306eebd0d67968?s=96&d=mm&r=g\",\"caption\":\"AdminSensei\"},\"url\":\"https:\/\/www.aikido-origin.it\/?author=1\"}]}<\/script>\n<!-- \/ Yoast SEO plugin. -->","yoast_head_json":{"title":"Aikido in piazza per la Giornata dello Sport - Aikido Origin","robots":{"index":"index","follow":"follow","max-snippet":"max-snippet:-1","max-image-preview":"max-image-preview:large","max-video-preview":"max-video-preview:-1"},"canonical":"https:\/\/www.aikido-origin.it\/?p=713","og_locale":"it_IT","og_type":"article","og_title":"Aikido in piazza per la Giornata dello Sport - Aikido Origin","og_description":"E&#8217; stato un pomeriggio all&#8217;insegna dello sport quello che domenica 14 Settembre 2014 ha impegnato le principali associazioni sportive vittoriesi nella Giornata dello Sport di Victor Sotto le Stelle. Schierati lungo la via principale di Vittorio Veneto, le societ\u00e0 presenti hanno intrattenuto gli spettatori con esibizioni ed incontri amichevoli sportivi. &hellip;","og_url":"https:\/\/www.aikido-origin.it\/?p=713","og_site_name":"Aikido Origin","article_publisher":"https:\/\/www.facebook.com\/AikidoOrigin","article_published_time":"2014-09-17T10:54:00+00:00","article_modified_time":"2014-09-17T10:55:13+00:00","og_image":[{"url":"http:\/\/www.aikido-origin.it\/wp-content\/uploads\/2014\/09\/impatto-1024x683.jpg","type":"","width":"","height":""}],"author":"AdminSensei","twitter_card":"summary_large_image","twitter_misc":{"Scritto da":"AdminSensei","Tempo di lettura stimato":"2 minuti"},"schema":{"@context":"https:\/\/schema.org","@graph":[{"@type":"Article","@id":"https:\/\/www.aikido-origin.it\/?p=713#article","isPartOf":{"@id":"https:\/\/www.aikido-origin.it\/?p=713"},"author":{"name":"AdminSensei","@id":"https:\/\/www.aikido-origin.it\/#\/schema\/person\/5f355cfd81900cfddcbb83493964aae4"},"headline":"Aikido in piazza per la Giornata dello Sport","datePublished":"2014-09-17T10:54:00+00:00","dateModified":"2014-09-17T10:55:13+00:00","mainEntityOfPage":{"@id":"https:\/\/www.aikido-origin.it\/?p=713"},"wordCount":365,"publisher":{"@id":"https:\/\/www.aikido-origin.it\/#organization"},"image":{"@id":"https:\/\/www.aikido-origin.it\/?p=713#primaryimage"},"thumbnailUrl":"http:\/\/www.aikido-origin.it\/wp-content\/uploads\/2014\/09\/impatto-1024x683.jpg","articleSection":["Articoli"],"inLanguage":"it-IT"},{"@type":"WebPage","@id":"https:\/\/www.aikido-origin.it\/?p=713","url":"https:\/\/www.aikido-origin.it\/?p=713","name":"Aikido in piazza per la Giornata dello Sport - Aikido Origin","isPartOf":{"@id":"https:\/\/www.aikido-origin.it\/#website"},"primaryImageOfPage":{"@id":"https:\/\/www.aikido-origin.it\/?p=713#primaryimage"},"image":{"@id":"https:\/\/www.aikido-origin.it\/?p=713#primaryimage"},"thumbnailUrl":"http:\/\/www.aikido-origin.it\/wp-content\/uploads\/2014\/09\/impatto-1024x683.jpg","datePublished":"2014-09-17T10:54:00+00:00","dateModified":"2014-09-17T10:55:13+00:00","breadcrumb":{"@id":"https:\/\/www.aikido-origin.it\/?p=713#breadcrumb"},"inLanguage":"it-IT","potentialAction":[{"@type":"ReadAction","target":["https:\/\/www.aikido-origin.it\/?p=713"]}]},{"@type":"ImageObject","inLanguage":"it-IT","@id":"https:\/\/www.aikido-origin.it\/?p=713#primaryimage","url":"https:\/\/www.aikido-origin.it\/wordpress\/wp-content\/uploads\/2014\/09\/impatto.jpg","contentUrl":"https:\/\/www.aikido-origin.it\/wordpress\/wp-content\/uploads\/2014\/09\/impatto.jpg","width":2048,"height":1366},{"@type":"BreadcrumbList","@id":"https:\/\/www.aikido-origin.it\/?p=713#breadcrumb","itemListElement":[{"@type":"ListItem","position":1,"name":"Home","item":"https:\/\/www.aikido-origin.it\/"},{"@type":"ListItem","position":2,"name":"Aikido in piazza per la Giornata dello Sport"}]},{"@type":"WebSite","@id":"https:\/\/www.aikido-origin.it\/#website","url":"https:\/\/www.aikido-origin.it\/","name":"Aikido Origin","description":"The Art of Peace","publisher":{"@id":"https:\/\/www.aikido-origin.it\/#organization"},"potentialAction":[{"@type":"SearchAction","target":{"@type":"EntryPoint","urlTemplate":"https:\/\/www.aikido-origin.it\/?s={search_term_string}"},"query-input":{"@type":"PropertyValueSpecification","valueRequired":true,"valueName":"search_term_string"}}],"inLanguage":"it-IT"},{"@type":"Organization","@id":"https:\/\/www.aikido-origin.it\/#organization","name":"Aikido Origin","url":"https:\/\/www.aikido-origin.it\/","logo":{"@type":"ImageObject","inLanguage":"it-IT","@id":"https:\/\/www.aikido-origin.it\/#\/schema\/logo\/image\/","url":"https:\/\/www.aikido-origin.it\/wordpress\/wp-content\/uploads\/2019\/09\/cropped-AIKIDO-ORIGIN-DEFINITIVO-1-1.png","contentUrl":"https:\/\/www.aikido-origin.it\/wordpress\/wp-content\/uploads\/2019\/09\/cropped-AIKIDO-ORIGIN-DEFINITIVO-1-1.png","width":1002,"height":1042,"caption":"Aikido Origin"},"image":{"@id":"https:\/\/www.aikido-origin.it\/#\/schema\/logo\/image\/"},"sameAs":["https:\/\/www.facebook.com\/AikidoOrigin","https:\/\/www.youtube.com\/AikidoOrigin","https:\/\/www.instagram.com\/aikido_origin"]},{"@type":"Person","@id":"https:\/\/www.aikido-origin.it\/#\/schema\/person\/5f355cfd81900cfddcbb83493964aae4","name":"AdminSensei","image":{"@type":"ImageObject","inLanguage":"it-IT","@id":"https:\/\/www.aikido-origin.it\/#\/schema\/person\/image\/","url":"https:\/\/secure.gravatar.com\/avatar\/73767cd6cd374cc216306eebd0d67968?s=96&d=mm&r=g","contentUrl":"https:\/\/secure.gravatar.com\/avatar\/73767cd6cd374cc216306eebd0d67968?s=96&d=mm&r=g","caption":"AdminSensei"},"url":"https:\/\/www.aikido-origin.it\/?author=1"}]}},"jetpack_featured_media_url":"","jetpack_sharing_enabled":true,"_links":{"self":[{"href":"https:\/\/www.aikido-origin.it\/index.php?rest_route=\/wp\/v2\/posts\/713","targetHints":{"allow":["GET"]}}],"collection":[{"href":"https:\/\/www.aikido-origin.it\/index.php?rest_route=\/wp\/v2\/posts"}],"about":[{"href":"https:\/\/www.aikido-origin.it\/index.php?rest_route=\/wp\/v2\/types\/post"}],"author":[{"embeddable":true,"href":"https:\/\/www.aikido-origin.it\/index.php?rest_route=\/wp\/v2\/users\/1"}],"replies":[{"embeddable":true,"href":"https:\/\/www.aikido-origin.it\/index.php?rest_route=%2Fwp%2Fv2%2Fcomments&post=713"}],"version-history":[{"count":2,"href":"https:\/\/www.aikido-origin.it\/index.php?rest_route=\/wp\/v2\/posts\/713\/revisions"}],"predecessor-version":[{"id":716,"href":"https:\/\/www.aikido-origin.it\/index.php?rest_route=\/wp\/v2\/posts\/713\/revisions\/716"}],"wp:attachment":[{"href":"https:\/\/www.aikido-origin.it\/index.php?rest_route=%2Fwp%2Fv2%2Fmedia&parent=713"}],"wp:term":[{"taxonomy":"category","embeddable":true,"href":"https:\/\/www.aikido-origin.it\/index.php?rest_route=%2Fwp%2Fv2%2Fcategories&post=713"},{"taxonomy":"post_tag","embeddable":true,"href":"https:\/\/www.aikido-origin.it\/index.php?rest_route=%2Fwp%2Fv2%2Ftags&post=713"}],"curies":[{"name":"wp","href":"https:\/\/api.w.org\/{rel}","templated":true}]}}