{"id":775,"date":"2014-11-24T18:02:31","date_gmt":"2014-11-24T17:02:31","guid":{"rendered":"http:\/\/www.aikido-vittorioveneto.it\/?p=775"},"modified":"2014-11-24T18:04:25","modified_gmt":"2014-11-24T17:04:25","slug":"avviso-temporaneo-trasferimento-in-altra-sede","status":"publish","type":"post","link":"https:\/\/www.aikido-origin.it\/?p=775","title":{"rendered":"AVVISO: Temporaneo trasferimento in altra sede"},"content":{"rendered":"<p style=\"text-align: justify;\"><em>Nelle prossime due settimane tutte le attivit\u00e0 dell&#8217;Aikido Vittorio Veneto verranno temporaneamente trasferite presso il Collegio San Giuseppe di Vittorio Veneto.<\/em><\/p>\n<p style=\"text-align: justify;\">Si avvisa che, a causa di lavori di adeguamento del Palazzetto dello Sport, il Comune di Vittorio Veneto sospender\u00e0 tutte le attivit\u00e0 sportive svolte nello stesso <strong>dal 24 Novembre al 6 Dicembre 2014<\/strong> compresi. <strong>Tuttavia <span style=\"text-decoration: underline;\">le lezioni di Aikido verranno spostate senza alcun cambiamento di orario<\/span> presso l&#8217;Istituto Scolastico &#8220;S. Giovanna D&#8217;Arco&#8221; del Collegio San Giuseppe sito in Via del Fante, 231 a Vittorio Veneto (TV).<\/strong><\/p>\n<p style=\"text-align: justify;\">Terminati i lavori al Palasport, le lezioni riprenderanno regolarmente nella nostra sede. Nel frattempo, <strong>il servizio di informazioni e Segreteria verr\u00e0 regolarmente garantito presso la sede temporanea<\/strong>. Per ulteriori chiarimenti si prega di rivolgersi al Maestro Sandro Lucagnano al numero 347 6264129.<\/p>\n<p style=\"text-align: justify;\"><strong>COME ARRIVARE<\/strong><\/p>\n<p style=\"text-align: justify;\">L&#8217;ingresso della sede provvisoria sar\u00e0 all&#8217;altezza del grande cancello che immette nel cortile dell&#8217;istituto. Da l\u00ec si dovr\u00e0 proseguire dritto fino in fondo all&#8217;edificio, girando quindi a sinistra per arrivare nel cortile interno, da dove attraverso una porta laterale sulla destra si potr\u00e0 accedere alla palestra a noi dedicata.<\/p>\n<p><iframe loading=\"lazy\" style=\"border: 0;\" src=\"https:\/\/www.google.com\/maps\/embed?pb=!1m14!1m8!1m3!1d2772.8641399316402!2d12.294021999999998!3d45.973973!3m2!1i1024!2i768!4f13.1!3m3!1m2!1s0x4779123198ca9d99%3A0x64bf2946d9f163f5!2sVia+del+Fante%2C+231%2C+31029+Vittorio+Veneto+TV!5e0!3m2!1sit!2sit!4v1416848274343\" width=\"400\" height=\"300\" frameborder=\"0\"><\/iframe><\/p>\n","protected":false},"excerpt":{"rendered":"<p>Nelle prossime due settimane tutte le attivit\u00e0 dell&#8217;Aikido Vittorio Veneto verranno temporaneamente trasferite presso il Collegio San Giuseppe di Vittorio Veneto. Si avvisa che, a causa di lavori di adeguamento del Palazzetto dello Sport, il Comune di Vittorio Veneto sospender\u00e0 tutte le attivit\u00e0 sportive svolte nello stesso dal 24 Novembre &hellip;<\/p>\n","protected":false},"author":1,"featured_media":0,"comment_status":"closed","ping_status":"open","sticky":false,"template":"","format":"standard","meta":{"sfsi_plus_gutenberg_text_before_share":"","sfsi_plus_gutenberg_show_text_before_share":"","sfsi_plus_gutenberg_icon_type":"","sfsi_plus_gutenberg_icon_alignemt":"","sfsi_plus_gutenburg_max_per_row":"","_jetpack_memberships_contains_paid_content":false,"footnotes":""},"categories":[6],"tags":[],"class_list":["post-775","post","type-post","status-publish","format-standard","hentry","category-articoli"],"yoast_head":"<!-- This site is optimized with the Yoast SEO plugin v25.6 - https:\/\/yoast.com\/wordpress\/plugins\/seo\/ -->\n<title>AVVISO: Temporaneo trasferimento in altra sede - Aikido Origin<\/title>\n<meta name=\"robots\" content=\"index, follow, max-snippet:-1, max-image-preview:large, max-video-preview:-1\" \/>\n<link rel=\"canonical\" href=\"https:\/\/www.aikido-origin.it\/?p=775\" \/>\n<meta property=\"og:locale\" content=\"it_IT\" \/>\n<meta property=\"og:type\" content=\"article\" \/>\n<meta property=\"og:title\" content=\"AVVISO: Temporaneo trasferimento in altra sede - Aikido Origin\" \/>\n<meta property=\"og:description\" content=\"Nelle prossime due settimane tutte le attivit\u00e0 dell&#8217;Aikido Vittorio Veneto verranno temporaneamente trasferite presso il Collegio San Giuseppe di Vittorio Veneto. Si avvisa che, a causa di lavori di adeguamento del Palazzetto dello Sport, il Comune di Vittorio Veneto sospender\u00e0 tutte le attivit\u00e0 sportive svolte nello stesso dal 24 Novembre &hellip;\" \/>\n<meta property=\"og:url\" content=\"https:\/\/www.aikido-origin.it\/?p=775\" \/>\n<meta property=\"og:site_name\" content=\"Aikido Origin\" \/>\n<meta property=\"article:publisher\" content=\"https:\/\/www.facebook.com\/AikidoOrigin\" \/>\n<meta property=\"article:published_time\" content=\"2014-11-24T17:02:31+00:00\" \/>\n<meta property=\"article:modified_time\" content=\"2014-11-24T17:04:25+00:00\" \/>\n<meta name=\"author\" content=\"AdminSensei\" \/>\n<meta name=\"twitter:card\" content=\"summary_large_image\" \/>\n<meta name=\"twitter:label1\" content=\"Scritto da\" \/>\n\t<meta name=\"twitter:data1\" content=\"AdminSensei\" \/>\n\t<meta name=\"twitter:label2\" content=\"Tempo di lettura stimato\" \/>\n\t<meta name=\"twitter:data2\" content=\"1 minuto\" \/>\n<script type=\"application\/ld+json\" class=\"yoast-schema-graph\">{\"@context\":\"https:\/\/schema.org\",\"@graph\":[{\"@type\":\"Article\",\"@id\":\"https:\/\/www.aikido-origin.it\/?p=775#article\",\"isPartOf\":{\"@id\":\"https:\/\/www.aikido-origin.it\/?p=775\"},\"author\":{\"name\":\"AdminSensei\",\"@id\":\"https:\/\/www.aikido-origin.it\/#\/schema\/person\/5f355cfd81900cfddcbb83493964aae4\"},\"headline\":\"AVVISO: Temporaneo trasferimento in altra sede\",\"datePublished\":\"2014-11-24T17:02:31+00:00\",\"dateModified\":\"2014-11-24T17:04:25+00:00\",\"mainEntityOfPage\":{\"@id\":\"https:\/\/www.aikido-origin.it\/?p=775\"},\"wordCount\":187,\"publisher\":{\"@id\":\"https:\/\/www.aikido-origin.it\/#organization\"},\"articleSection\":[\"Articoli\"],\"inLanguage\":\"it-IT\"},{\"@type\":\"WebPage\",\"@id\":\"https:\/\/www.aikido-origin.it\/?p=775\",\"url\":\"https:\/\/www.aikido-origin.it\/?p=775\",\"name\":\"AVVISO: Temporaneo trasferimento in altra sede - Aikido Origin\",\"isPartOf\":{\"@id\":\"https:\/\/www.aikido-origin.it\/#website\"},\"datePublished\":\"2014-11-24T17:02:31+00:00\",\"dateModified\":\"2014-11-24T17:04:25+00:00\",\"breadcrumb\":{\"@id\":\"https:\/\/www.aikido-origin.it\/?p=775#breadcrumb\"},\"inLanguage\":\"it-IT\",\"potentialAction\":[{\"@type\":\"ReadAction\",\"target\":[\"https:\/\/www.aikido-origin.it\/?p=775\"]}]},{\"@type\":\"BreadcrumbList\",\"@id\":\"https:\/\/www.aikido-origin.it\/?p=775#breadcrumb\",\"itemListElement\":[{\"@type\":\"ListItem\",\"position\":1,\"name\":\"Home\",\"item\":\"https:\/\/www.aikido-origin.it\/\"},{\"@type\":\"ListItem\",\"position\":2,\"name\":\"AVVISO: Temporaneo trasferimento in altra sede\"}]},{\"@type\":\"WebSite\",\"@id\":\"https:\/\/www.aikido-origin.it\/#website\",\"url\":\"https:\/\/www.aikido-origin.it\/\",\"name\":\"Aikido Origin\",\"description\":\"The Art of Peace\",\"publisher\":{\"@id\":\"https:\/\/www.aikido-origin.it\/#organization\"},\"potentialAction\":[{\"@type\":\"SearchAction\",\"target\":{\"@type\":\"EntryPoint\",\"urlTemplate\":\"https:\/\/www.aikido-origin.it\/?s={search_term_string}\"},\"query-input\":{\"@type\":\"PropertyValueSpecification\",\"valueRequired\":true,\"valueName\":\"search_term_string\"}}],\"inLanguage\":\"it-IT\"},{\"@type\":\"Organization\",\"@id\":\"https:\/\/www.aikido-origin.it\/#organization\",\"name\":\"Aikido Origin\",\"url\":\"https:\/\/www.aikido-origin.it\/\",\"logo\":{\"@type\":\"ImageObject\",\"inLanguage\":\"it-IT\",\"@id\":\"https:\/\/www.aikido-origin.it\/#\/schema\/logo\/image\/\",\"url\":\"https:\/\/www.aikido-origin.it\/wordpress\/wp-content\/uploads\/2019\/09\/cropped-AIKIDO-ORIGIN-DEFINITIVO-1-1.png\",\"contentUrl\":\"https:\/\/www.aikido-origin.it\/wordpress\/wp-content\/uploads\/2019\/09\/cropped-AIKIDO-ORIGIN-DEFINITIVO-1-1.png\",\"width\":1002,\"height\":1042,\"caption\":\"Aikido Origin\"},\"image\":{\"@id\":\"https:\/\/www.aikido-origin.it\/#\/schema\/logo\/image\/\"},\"sameAs\":[\"https:\/\/www.facebook.com\/AikidoOrigin\",\"https:\/\/www.youtube.com\/AikidoOrigin\",\"https:\/\/www.instagram.com\/aikido_origin\"]},{\"@type\":\"Person\",\"@id\":\"https:\/\/www.aikido-origin.it\/#\/schema\/person\/5f355cfd81900cfddcbb83493964aae4\",\"name\":\"AdminSensei\",\"image\":{\"@type\":\"ImageObject\",\"inLanguage\":\"it-IT\",\"@id\":\"https:\/\/www.aikido-origin.it\/#\/schema\/person\/image\/\",\"url\":\"https:\/\/secure.gravatar.com\/avatar\/73767cd6cd374cc216306eebd0d67968?s=96&d=mm&r=g\",\"contentUrl\":\"https:\/\/secure.gravatar.com\/avatar\/73767cd6cd374cc216306eebd0d67968?s=96&d=mm&r=g\",\"caption\":\"AdminSensei\"},\"url\":\"https:\/\/www.aikido-origin.it\/?author=1\"}]}<\/script>\n<!-- \/ Yoast SEO plugin. -->","yoast_head_json":{"title":"AVVISO: Temporaneo trasferimento in altra sede - Aikido Origin","robots":{"index":"index","follow":"follow","max-snippet":"max-snippet:-1","max-image-preview":"max-image-preview:large","max-video-preview":"max-video-preview:-1"},"canonical":"https:\/\/www.aikido-origin.it\/?p=775","og_locale":"it_IT","og_type":"article","og_title":"AVVISO: Temporaneo trasferimento in altra sede - Aikido Origin","og_description":"Nelle prossime due settimane tutte le attivit\u00e0 dell&#8217;Aikido Vittorio Veneto verranno temporaneamente trasferite presso il Collegio San Giuseppe di Vittorio Veneto. Si avvisa che, a causa di lavori di adeguamento del Palazzetto dello Sport, il Comune di Vittorio Veneto sospender\u00e0 tutte le attivit\u00e0 sportive svolte nello stesso dal 24 Novembre &hellip;","og_url":"https:\/\/www.aikido-origin.it\/?p=775","og_site_name":"Aikido Origin","article_publisher":"https:\/\/www.facebook.com\/AikidoOrigin","article_published_time":"2014-11-24T17:02:31+00:00","article_modified_time":"2014-11-24T17:04:25+00:00","author":"AdminSensei","twitter_card":"summary_large_image","twitter_misc":{"Scritto da":"AdminSensei","Tempo di lettura stimato":"1 minuto"},"schema":{"@context":"https:\/\/schema.org","@graph":[{"@type":"Article","@id":"https:\/\/www.aikido-origin.it\/?p=775#article","isPartOf":{"@id":"https:\/\/www.aikido-origin.it\/?p=775"},"author":{"name":"AdminSensei","@id":"https:\/\/www.aikido-origin.it\/#\/schema\/person\/5f355cfd81900cfddcbb83493964aae4"},"headline":"AVVISO: Temporaneo trasferimento in altra sede","datePublished":"2014-11-24T17:02:31+00:00","dateModified":"2014-11-24T17:04:25+00:00","mainEntityOfPage":{"@id":"https:\/\/www.aikido-origin.it\/?p=775"},"wordCount":187,"publisher":{"@id":"https:\/\/www.aikido-origin.it\/#organization"},"articleSection":["Articoli"],"inLanguage":"it-IT"},{"@type":"WebPage","@id":"https:\/\/www.aikido-origin.it\/?p=775","url":"https:\/\/www.aikido-origin.it\/?p=775","name":"AVVISO: Temporaneo trasferimento in altra sede - Aikido Origin","isPartOf":{"@id":"https:\/\/www.aikido-origin.it\/#website"},"datePublished":"2014-11-24T17:02:31+00:00","dateModified":"2014-11-24T17:04:25+00:00","breadcrumb":{"@id":"https:\/\/www.aikido-origin.it\/?p=775#breadcrumb"},"inLanguage":"it-IT","potentialAction":[{"@type":"ReadAction","target":["https:\/\/www.aikido-origin.it\/?p=775"]}]},{"@type":"BreadcrumbList","@id":"https:\/\/www.aikido-origin.it\/?p=775#breadcrumb","itemListElement":[{"@type":"ListItem","position":1,"name":"Home","item":"https:\/\/www.aikido-origin.it\/"},{"@type":"ListItem","position":2,"name":"AVVISO: Temporaneo trasferimento in altra sede"}]},{"@type":"WebSite","@id":"https:\/\/www.aikido-origin.it\/#website","url":"https:\/\/www.aikido-origin.it\/","name":"Aikido Origin","description":"The Art of Peace","publisher":{"@id":"https:\/\/www.aikido-origin.it\/#organization"},"potentialAction":[{"@type":"SearchAction","target":{"@type":"EntryPoint","urlTemplate":"https:\/\/www.aikido-origin.it\/?s={search_term_string}"},"query-input":{"@type":"PropertyValueSpecification","valueRequired":true,"valueName":"search_term_string"}}],"inLanguage":"it-IT"},{"@type":"Organization","@id":"https:\/\/www.aikido-origin.it\/#organization","name":"Aikido Origin","url":"https:\/\/www.aikido-origin.it\/","logo":{"@type":"ImageObject","inLanguage":"it-IT","@id":"https:\/\/www.aikido-origin.it\/#\/schema\/logo\/image\/","url":"https:\/\/www.aikido-origin.it\/wordpress\/wp-content\/uploads\/2019\/09\/cropped-AIKIDO-ORIGIN-DEFINITIVO-1-1.png","contentUrl":"https:\/\/www.aikido-origin.it\/wordpress\/wp-content\/uploads\/2019\/09\/cropped-AIKIDO-ORIGIN-DEFINITIVO-1-1.png","width":1002,"height":1042,"caption":"Aikido Origin"},"image":{"@id":"https:\/\/www.aikido-origin.it\/#\/schema\/logo\/image\/"},"sameAs":["https:\/\/www.facebook.com\/AikidoOrigin","https:\/\/www.youtube.com\/AikidoOrigin","https:\/\/www.instagram.com\/aikido_origin"]},{"@type":"Person","@id":"https:\/\/www.aikido-origin.it\/#\/schema\/person\/5f355cfd81900cfddcbb83493964aae4","name":"AdminSensei","image":{"@type":"ImageObject","inLanguage":"it-IT","@id":"https:\/\/www.aikido-origin.it\/#\/schema\/person\/image\/","url":"https:\/\/secure.gravatar.com\/avatar\/73767cd6cd374cc216306eebd0d67968?s=96&d=mm&r=g","contentUrl":"https:\/\/secure.gravatar.com\/avatar\/73767cd6cd374cc216306eebd0d67968?s=96&d=mm&r=g","caption":"AdminSensei"},"url":"https:\/\/www.aikido-origin.it\/?author=1"}]}},"jetpack_featured_media_url":"","jetpack_sharing_enabled":true,"_links":{"self":[{"href":"https:\/\/www.aikido-origin.it\/index.php?rest_route=\/wp\/v2\/posts\/775","targetHints":{"allow":["GET"]}}],"collection":[{"href":"https:\/\/www.aikido-origin.it\/index.php?rest_route=\/wp\/v2\/posts"}],"about":[{"href":"https:\/\/www.aikido-origin.it\/index.php?rest_route=\/wp\/v2\/types\/post"}],"author":[{"embeddable":true,"href":"https:\/\/www.aikido-origin.it\/index.php?rest_route=\/wp\/v2\/users\/1"}],"replies":[{"embeddable":true,"href":"https:\/\/www.aikido-origin.it\/index.php?rest_route=%2Fwp%2Fv2%2Fcomments&post=775"}],"version-history":[{"count":3,"href":"https:\/\/www.aikido-origin.it\/index.php?rest_route=\/wp\/v2\/posts\/775\/revisions"}],"predecessor-version":[{"id":778,"href":"https:\/\/www.aikido-origin.it\/index.php?rest_route=\/wp\/v2\/posts\/775\/revisions\/778"}],"wp:attachment":[{"href":"https:\/\/www.aikido-origin.it\/index.php?rest_route=%2Fwp%2Fv2%2Fmedia&parent=775"}],"wp:term":[{"taxonomy":"category","embeddable":true,"href":"https:\/\/www.aikido-origin.it\/index.php?rest_route=%2Fwp%2Fv2%2Fcategories&post=775"},{"taxonomy":"post_tag","embeddable":true,"href":"https:\/\/www.aikido-origin.it\/index.php?rest_route=%2Fwp%2Fv2%2Ftags&post=775"}],"curies":[{"name":"wp","href":"https:\/\/api.w.org\/{rel}","templated":true}]}}