{"id":796,"date":"2014-12-09T14:51:15","date_gmt":"2014-12-09T13:51:15","guid":{"rendered":"http:\/\/www.aikido-vittorioveneto.it\/?p=796"},"modified":"2014-12-10T16:40:10","modified_gmt":"2014-12-10T15:40:10","slug":"sandro-lucagnano-shidoin","status":"publish","type":"post","link":"https:\/\/www.aikido-origin.it\/?p=796","title":{"rendered":"Sandro Lucagnano Shidoin!"},"content":{"rendered":"<p style=\"text-align: justify;\"><strong><em>Il Maestro dell&#8217;Aikido Vittorio Veneto torna a Berlino e ottiene la qualifica mondiale di &#8220;Shidoin&#8221;.<\/em><\/strong><\/p>\n<p style=\"text-align: justify;\">Sono passati appena due mesi dall&#8217;ultima volta in cui il Maestro Lucagnano ha visitato la splendida capitale tedesca in occasione dell&#8217;International Koshukai diretto da Bill Witt Shihan. Ma la Germania, si sa, \u00e8 uno dei fulcri europei pi\u00f9 attivi in fatto di Aikido, e resistere al suo fascino e alle offerte formative che propone ogni anno non \u00e8 cos\u00ec facile per chi, come il Maestro dell&#8217;Aikido Vittorio Veneto, coltiva la passione per quest&#8217;Arte Marziale.<\/p>\n<p style=\"text-align: justify;\">Ecco allora che lo vediamo tornare a Berlino, pi\u00f9 precisamente nella tranquilla cittadina di Karow, ospite al Dojo di Wolfgang Baumgartner Sensei. E&#8217; qui che nei giorni 5-6-7 Dicembre 2014 si \u00e8 svolto il corso &#8220;Shidoin&#8221; per l&#8217;ottenimento della qualifica giapponese di Istruttore, riconoscimento valido in tutto il mondo e concesso direttamente dall&#8217;Aikikai di Tokyo. E&#8217; importante sapere che lo Shidoin \u00e8 la qualifica pi\u00f9 alta ed impegnativa da ottenere per un insegnante di Aikido, e per accedere a tale corso sono richiesti precisi requisiti, quali il grado di 4\u00b0 Dan Aikikai ed il precedente titolo di &#8220;Fukushidoin&#8221; (Assistente Istruttore).<\/p>\n<p style=\"text-align: justify;\">Il Maestro Sandro Lucagnano ha cos\u00ec potuto condividere la magnifica esperienza insieme agli italiani Andrea Lembo, Michele Alessi, Antonio Bizzotti e Fabio Zucchetti, la coppia Gabi e Jorg di Francoforte, Tim di Berlino e la californiana Yoko, tutti coadiuvati da Wolfgang Baumgartner Sensei. Si \u00e8 trattato di un weekend lungo ed intenso, pregno di attivit\u00e0 formative ed estremamente interessanti, volte a consolidare la tecnica e le conoscenze utili all&#8217;insegnamento.<\/p>\n<p style=\"text-align: justify;\">Se siete abituati ad assistere o a partecipare a Seminar tematici in cui il Sensei si limita a dimostrare ed approfondire poche tecniche lasciando molto spazio alla pratica e al perfezionamento, sappiate che al corso Shidoin c&#8217;\u00e8 stato molto di pi\u00f9. Il gruppo \u00e8 stato costantemente impegnato in dinamici e faticosi Keiko, di altissimo livello tecnico, caratterizzati da una pratica agile e vivace, il tutto introdotto da chiare ed esaurienti spiegazioni che hanno spaziato in numerosissime tematiche, arrivando a toccare argomenti rari ed appassionanti come il Sanindori, i Kaeshi Waza, gli Henka dei Kumi Tachi e il Kata dei 31 in applicazione.<\/p>\n<p style=\"text-align: justify;\">Le lezioni hanno coinvolto gli aspiranti Shidoin in ogni momento della giornata: anche durante il pranzo, per esempio, gli allievi hanno avuto occasione di apprendere dai preziosi insegnamenti di Baumgartner Sensei, e non appena avevano del tempo a disposizione, diligentemente appuntavano nei loro quaderni quanto appena appreso, allo scopo di fissare i concetti pi\u00f9 importanti ed impiegarli come spunto di riflessione in un secondo momento. Al termine delle tre giornate formative, ogni Sensei ha avuto l&#8217;opportunit\u00e0 di dimostrare il proprio metodo di insegnamento ai Maestri presenti, analizzando ed approfondendo uno dei temi a disposizione in un intervallo massimo di dieci minuti.<\/p>\n<p style=\"text-align: justify;\">Un&#8217;esperienza indubbiamente educativa e produttiva, che ha di certo arricchito i partecipanti dotandoli di un bagaglio tecnico e culturale tale da renderli, a detta dello stesso Baumgartner, adeguati portavoce e prosecutori degli insegnamenti di Saito e O&#8217;Sensei.<\/p>\n<p style=\"text-align: right;\">Alessandra de Marchi<\/p>\n<p style=\"text-align: justify;\"><a href=\"http:\/\/www.aikido-origin.it\/wp-content\/uploads\/2014\/12\/Shidoin-3.jpg\"><img loading=\"lazy\" decoding=\"async\" class=\"aligncenter size-large wp-image-797\" src=\"http:\/\/www.aikido-origin.it\/wp-content\/uploads\/2014\/12\/Shidoin-3-1024x746.jpg\" alt=\"Shidoin 3\" width=\"584\" height=\"425\" srcset=\"https:\/\/www.aikido-origin.it\/wordpress\/wp-content\/uploads\/2014\/12\/Shidoin-3-1024x746.jpg 1024w, https:\/\/www.aikido-origin.it\/wordpress\/wp-content\/uploads\/2014\/12\/Shidoin-3-300x218.jpg 300w, https:\/\/www.aikido-origin.it\/wordpress\/wp-content\/uploads\/2014\/12\/Shidoin-3-411x300.jpg 411w\" sizes=\"auto, (max-width: 584px) 100vw, 584px\" \/><\/a><\/p>\n","protected":false},"excerpt":{"rendered":"<p>Il Maestro dell&#8217;Aikido Vittorio Veneto torna a Berlino e ottiene la qualifica mondiale di &#8220;Shidoin&#8221;. Sono passati appena due mesi dall&#8217;ultima volta in cui il Maestro Lucagnano ha visitato la splendida capitale tedesca in occasione dell&#8217;International Koshukai diretto da Bill Witt Shihan. Ma la Germania, si sa, \u00e8 uno dei &hellip;<\/p>\n","protected":false},"author":1,"featured_media":0,"comment_status":"closed","ping_status":"open","sticky":false,"template":"","format":"standard","meta":{"sfsi_plus_gutenberg_text_before_share":"","sfsi_plus_gutenberg_show_text_before_share":"","sfsi_plus_gutenberg_icon_type":"","sfsi_plus_gutenberg_icon_alignemt":"","sfsi_plus_gutenburg_max_per_row":"","_jetpack_memberships_contains_paid_content":false,"footnotes":""},"categories":[6],"tags":[],"class_list":["post-796","post","type-post","status-publish","format-standard","hentry","category-articoli"],"yoast_head":"<!-- This site is optimized with the Yoast SEO plugin v25.6 - https:\/\/yoast.com\/wordpress\/plugins\/seo\/ -->\n<title>Sandro Lucagnano Shidoin! - Aikido Origin<\/title>\n<meta name=\"robots\" content=\"index, follow, max-snippet:-1, max-image-preview:large, max-video-preview:-1\" \/>\n<link rel=\"canonical\" href=\"https:\/\/www.aikido-origin.it\/?p=796\" \/>\n<meta property=\"og:locale\" content=\"it_IT\" \/>\n<meta property=\"og:type\" content=\"article\" \/>\n<meta property=\"og:title\" content=\"Sandro Lucagnano Shidoin! - Aikido Origin\" \/>\n<meta property=\"og:description\" content=\"Il Maestro dell&#8217;Aikido Vittorio Veneto torna a Berlino e ottiene la qualifica mondiale di &#8220;Shidoin&#8221;. Sono passati appena due mesi dall&#8217;ultima volta in cui il Maestro Lucagnano ha visitato la splendida capitale tedesca in occasione dell&#8217;International Koshukai diretto da Bill Witt Shihan. Ma la Germania, si sa, \u00e8 uno dei &hellip;\" \/>\n<meta property=\"og:url\" content=\"https:\/\/www.aikido-origin.it\/?p=796\" \/>\n<meta property=\"og:site_name\" content=\"Aikido Origin\" \/>\n<meta property=\"article:publisher\" content=\"https:\/\/www.facebook.com\/AikidoOrigin\" \/>\n<meta property=\"article:published_time\" content=\"2014-12-09T13:51:15+00:00\" \/>\n<meta property=\"article:modified_time\" content=\"2014-12-10T15:40:10+00:00\" \/>\n<meta property=\"og:image\" content=\"http:\/\/www.aikido-origin.it\/wp-content\/uploads\/2014\/12\/Shidoin-3-1024x746.jpg\" \/>\n<meta name=\"author\" content=\"AdminSensei\" \/>\n<meta name=\"twitter:card\" content=\"summary_large_image\" \/>\n<meta name=\"twitter:label1\" content=\"Scritto da\" \/>\n\t<meta name=\"twitter:data1\" content=\"AdminSensei\" \/>\n\t<meta name=\"twitter:label2\" content=\"Tempo di lettura stimato\" \/>\n\t<meta name=\"twitter:data2\" content=\"2 minuti\" \/>\n<script type=\"application\/ld+json\" class=\"yoast-schema-graph\">{\"@context\":\"https:\/\/schema.org\",\"@graph\":[{\"@type\":\"Article\",\"@id\":\"https:\/\/www.aikido-origin.it\/?p=796#article\",\"isPartOf\":{\"@id\":\"https:\/\/www.aikido-origin.it\/?p=796\"},\"author\":{\"name\":\"AdminSensei\",\"@id\":\"http:\/\/www.aikido-origin.it\/#\/schema\/person\/5f355cfd81900cfddcbb83493964aae4\"},\"headline\":\"Sandro Lucagnano Shidoin!\",\"datePublished\":\"2014-12-09T13:51:15+00:00\",\"dateModified\":\"2014-12-10T15:40:10+00:00\",\"mainEntityOfPage\":{\"@id\":\"https:\/\/www.aikido-origin.it\/?p=796\"},\"wordCount\":507,\"publisher\":{\"@id\":\"http:\/\/www.aikido-origin.it\/#organization\"},\"image\":{\"@id\":\"https:\/\/www.aikido-origin.it\/?p=796#primaryimage\"},\"thumbnailUrl\":\"http:\/\/www.aikido-origin.it\/wp-content\/uploads\/2014\/12\/Shidoin-3-1024x746.jpg\",\"articleSection\":[\"Articoli\"],\"inLanguage\":\"it-IT\"},{\"@type\":\"WebPage\",\"@id\":\"https:\/\/www.aikido-origin.it\/?p=796\",\"url\":\"https:\/\/www.aikido-origin.it\/?p=796\",\"name\":\"Sandro Lucagnano Shidoin! - Aikido Origin\",\"isPartOf\":{\"@id\":\"http:\/\/www.aikido-origin.it\/#website\"},\"primaryImageOfPage\":{\"@id\":\"https:\/\/www.aikido-origin.it\/?p=796#primaryimage\"},\"image\":{\"@id\":\"https:\/\/www.aikido-origin.it\/?p=796#primaryimage\"},\"thumbnailUrl\":\"http:\/\/www.aikido-origin.it\/wp-content\/uploads\/2014\/12\/Shidoin-3-1024x746.jpg\",\"datePublished\":\"2014-12-09T13:51:15+00:00\",\"dateModified\":\"2014-12-10T15:40:10+00:00\",\"breadcrumb\":{\"@id\":\"https:\/\/www.aikido-origin.it\/?p=796#breadcrumb\"},\"inLanguage\":\"it-IT\",\"potentialAction\":[{\"@type\":\"ReadAction\",\"target\":[\"https:\/\/www.aikido-origin.it\/?p=796\"]}]},{\"@type\":\"ImageObject\",\"inLanguage\":\"it-IT\",\"@id\":\"https:\/\/www.aikido-origin.it\/?p=796#primaryimage\",\"url\":\"https:\/\/www.aikido-origin.it\/wordpress\/wp-content\/uploads\/2014\/12\/Shidoin-3.jpg\",\"contentUrl\":\"https:\/\/www.aikido-origin.it\/wordpress\/wp-content\/uploads\/2014\/12\/Shidoin-3.jpg\",\"width\":3072,\"height\":2238},{\"@type\":\"BreadcrumbList\",\"@id\":\"https:\/\/www.aikido-origin.it\/?p=796#breadcrumb\",\"itemListElement\":[{\"@type\":\"ListItem\",\"position\":1,\"name\":\"Home\",\"item\":\"http:\/\/www.aikido-origin.it\/\"},{\"@type\":\"ListItem\",\"position\":2,\"name\":\"Sandro Lucagnano Shidoin!\"}]},{\"@type\":\"WebSite\",\"@id\":\"http:\/\/www.aikido-origin.it\/#website\",\"url\":\"http:\/\/www.aikido-origin.it\/\",\"name\":\"Aikido Origin\",\"description\":\"The Art of Peace\",\"publisher\":{\"@id\":\"http:\/\/www.aikido-origin.it\/#organization\"},\"potentialAction\":[{\"@type\":\"SearchAction\",\"target\":{\"@type\":\"EntryPoint\",\"urlTemplate\":\"http:\/\/www.aikido-origin.it\/?s={search_term_string}\"},\"query-input\":{\"@type\":\"PropertyValueSpecification\",\"valueRequired\":true,\"valueName\":\"search_term_string\"}}],\"inLanguage\":\"it-IT\"},{\"@type\":\"Organization\",\"@id\":\"http:\/\/www.aikido-origin.it\/#organization\",\"name\":\"Aikido Origin\",\"url\":\"http:\/\/www.aikido-origin.it\/\",\"logo\":{\"@type\":\"ImageObject\",\"inLanguage\":\"it-IT\",\"@id\":\"http:\/\/www.aikido-origin.it\/#\/schema\/logo\/image\/\",\"url\":\"https:\/\/www.aikido-origin.it\/wordpress\/wp-content\/uploads\/2019\/09\/cropped-AIKIDO-ORIGIN-DEFINITIVO-1-1.png\",\"contentUrl\":\"https:\/\/www.aikido-origin.it\/wordpress\/wp-content\/uploads\/2019\/09\/cropped-AIKIDO-ORIGIN-DEFINITIVO-1-1.png\",\"width\":1002,\"height\":1042,\"caption\":\"Aikido Origin\"},\"image\":{\"@id\":\"http:\/\/www.aikido-origin.it\/#\/schema\/logo\/image\/\"},\"sameAs\":[\"https:\/\/www.facebook.com\/AikidoOrigin\",\"https:\/\/www.youtube.com\/AikidoOrigin\",\"https:\/\/www.instagram.com\/aikido_origin\"]},{\"@type\":\"Person\",\"@id\":\"http:\/\/www.aikido-origin.it\/#\/schema\/person\/5f355cfd81900cfddcbb83493964aae4\",\"name\":\"AdminSensei\",\"image\":{\"@type\":\"ImageObject\",\"inLanguage\":\"it-IT\",\"@id\":\"http:\/\/www.aikido-origin.it\/#\/schema\/person\/image\/\",\"url\":\"https:\/\/secure.gravatar.com\/avatar\/73767cd6cd374cc216306eebd0d67968?s=96&d=mm&r=g\",\"contentUrl\":\"https:\/\/secure.gravatar.com\/avatar\/73767cd6cd374cc216306eebd0d67968?s=96&d=mm&r=g\",\"caption\":\"AdminSensei\"},\"url\":\"https:\/\/www.aikido-origin.it\/?author=1\"}]}<\/script>\n<!-- \/ Yoast SEO plugin. -->","yoast_head_json":{"title":"Sandro Lucagnano Shidoin! - Aikido Origin","robots":{"index":"index","follow":"follow","max-snippet":"max-snippet:-1","max-image-preview":"max-image-preview:large","max-video-preview":"max-video-preview:-1"},"canonical":"https:\/\/www.aikido-origin.it\/?p=796","og_locale":"it_IT","og_type":"article","og_title":"Sandro Lucagnano Shidoin! - Aikido Origin","og_description":"Il Maestro dell&#8217;Aikido Vittorio Veneto torna a Berlino e ottiene la qualifica mondiale di &#8220;Shidoin&#8221;. Sono passati appena due mesi dall&#8217;ultima volta in cui il Maestro Lucagnano ha visitato la splendida capitale tedesca in occasione dell&#8217;International Koshukai diretto da Bill Witt Shihan. Ma la Germania, si sa, \u00e8 uno dei &hellip;","og_url":"https:\/\/www.aikido-origin.it\/?p=796","og_site_name":"Aikido Origin","article_publisher":"https:\/\/www.facebook.com\/AikidoOrigin","article_published_time":"2014-12-09T13:51:15+00:00","article_modified_time":"2014-12-10T15:40:10+00:00","og_image":[{"url":"http:\/\/www.aikido-origin.it\/wp-content\/uploads\/2014\/12\/Shidoin-3-1024x746.jpg","type":"","width":"","height":""}],"author":"AdminSensei","twitter_card":"summary_large_image","twitter_misc":{"Scritto da":"AdminSensei","Tempo di lettura stimato":"2 minuti"},"schema":{"@context":"https:\/\/schema.org","@graph":[{"@type":"Article","@id":"https:\/\/www.aikido-origin.it\/?p=796#article","isPartOf":{"@id":"https:\/\/www.aikido-origin.it\/?p=796"},"author":{"name":"AdminSensei","@id":"http:\/\/www.aikido-origin.it\/#\/schema\/person\/5f355cfd81900cfddcbb83493964aae4"},"headline":"Sandro Lucagnano Shidoin!","datePublished":"2014-12-09T13:51:15+00:00","dateModified":"2014-12-10T15:40:10+00:00","mainEntityOfPage":{"@id":"https:\/\/www.aikido-origin.it\/?p=796"},"wordCount":507,"publisher":{"@id":"http:\/\/www.aikido-origin.it\/#organization"},"image":{"@id":"https:\/\/www.aikido-origin.it\/?p=796#primaryimage"},"thumbnailUrl":"http:\/\/www.aikido-origin.it\/wp-content\/uploads\/2014\/12\/Shidoin-3-1024x746.jpg","articleSection":["Articoli"],"inLanguage":"it-IT"},{"@type":"WebPage","@id":"https:\/\/www.aikido-origin.it\/?p=796","url":"https:\/\/www.aikido-origin.it\/?p=796","name":"Sandro Lucagnano Shidoin! - Aikido Origin","isPartOf":{"@id":"http:\/\/www.aikido-origin.it\/#website"},"primaryImageOfPage":{"@id":"https:\/\/www.aikido-origin.it\/?p=796#primaryimage"},"image":{"@id":"https:\/\/www.aikido-origin.it\/?p=796#primaryimage"},"thumbnailUrl":"http:\/\/www.aikido-origin.it\/wp-content\/uploads\/2014\/12\/Shidoin-3-1024x746.jpg","datePublished":"2014-12-09T13:51:15+00:00","dateModified":"2014-12-10T15:40:10+00:00","breadcrumb":{"@id":"https:\/\/www.aikido-origin.it\/?p=796#breadcrumb"},"inLanguage":"it-IT","potentialAction":[{"@type":"ReadAction","target":["https:\/\/www.aikido-origin.it\/?p=796"]}]},{"@type":"ImageObject","inLanguage":"it-IT","@id":"https:\/\/www.aikido-origin.it\/?p=796#primaryimage","url":"https:\/\/www.aikido-origin.it\/wordpress\/wp-content\/uploads\/2014\/12\/Shidoin-3.jpg","contentUrl":"https:\/\/www.aikido-origin.it\/wordpress\/wp-content\/uploads\/2014\/12\/Shidoin-3.jpg","width":3072,"height":2238},{"@type":"BreadcrumbList","@id":"https:\/\/www.aikido-origin.it\/?p=796#breadcrumb","itemListElement":[{"@type":"ListItem","position":1,"name":"Home","item":"http:\/\/www.aikido-origin.it\/"},{"@type":"ListItem","position":2,"name":"Sandro Lucagnano Shidoin!"}]},{"@type":"WebSite","@id":"http:\/\/www.aikido-origin.it\/#website","url":"http:\/\/www.aikido-origin.it\/","name":"Aikido Origin","description":"The Art of Peace","publisher":{"@id":"http:\/\/www.aikido-origin.it\/#organization"},"potentialAction":[{"@type":"SearchAction","target":{"@type":"EntryPoint","urlTemplate":"http:\/\/www.aikido-origin.it\/?s={search_term_string}"},"query-input":{"@type":"PropertyValueSpecification","valueRequired":true,"valueName":"search_term_string"}}],"inLanguage":"it-IT"},{"@type":"Organization","@id":"http:\/\/www.aikido-origin.it\/#organization","name":"Aikido Origin","url":"http:\/\/www.aikido-origin.it\/","logo":{"@type":"ImageObject","inLanguage":"it-IT","@id":"http:\/\/www.aikido-origin.it\/#\/schema\/logo\/image\/","url":"https:\/\/www.aikido-origin.it\/wordpress\/wp-content\/uploads\/2019\/09\/cropped-AIKIDO-ORIGIN-DEFINITIVO-1-1.png","contentUrl":"https:\/\/www.aikido-origin.it\/wordpress\/wp-content\/uploads\/2019\/09\/cropped-AIKIDO-ORIGIN-DEFINITIVO-1-1.png","width":1002,"height":1042,"caption":"Aikido Origin"},"image":{"@id":"http:\/\/www.aikido-origin.it\/#\/schema\/logo\/image\/"},"sameAs":["https:\/\/www.facebook.com\/AikidoOrigin","https:\/\/www.youtube.com\/AikidoOrigin","https:\/\/www.instagram.com\/aikido_origin"]},{"@type":"Person","@id":"http:\/\/www.aikido-origin.it\/#\/schema\/person\/5f355cfd81900cfddcbb83493964aae4","name":"AdminSensei","image":{"@type":"ImageObject","inLanguage":"it-IT","@id":"http:\/\/www.aikido-origin.it\/#\/schema\/person\/image\/","url":"https:\/\/secure.gravatar.com\/avatar\/73767cd6cd374cc216306eebd0d67968?s=96&d=mm&r=g","contentUrl":"https:\/\/secure.gravatar.com\/avatar\/73767cd6cd374cc216306eebd0d67968?s=96&d=mm&r=g","caption":"AdminSensei"},"url":"https:\/\/www.aikido-origin.it\/?author=1"}]}},"jetpack_featured_media_url":"","jetpack_sharing_enabled":true,"_links":{"self":[{"href":"https:\/\/www.aikido-origin.it\/index.php?rest_route=\/wp\/v2\/posts\/796","targetHints":{"allow":["GET"]}}],"collection":[{"href":"https:\/\/www.aikido-origin.it\/index.php?rest_route=\/wp\/v2\/posts"}],"about":[{"href":"https:\/\/www.aikido-origin.it\/index.php?rest_route=\/wp\/v2\/types\/post"}],"author":[{"embeddable":true,"href":"https:\/\/www.aikido-origin.it\/index.php?rest_route=\/wp\/v2\/users\/1"}],"replies":[{"embeddable":true,"href":"https:\/\/www.aikido-origin.it\/index.php?rest_route=%2Fwp%2Fv2%2Fcomments&post=796"}],"version-history":[{"count":3,"href":"https:\/\/www.aikido-origin.it\/index.php?rest_route=\/wp\/v2\/posts\/796\/revisions"}],"predecessor-version":[{"id":804,"href":"https:\/\/www.aikido-origin.it\/index.php?rest_route=\/wp\/v2\/posts\/796\/revisions\/804"}],"wp:attachment":[{"href":"https:\/\/www.aikido-origin.it\/index.php?rest_route=%2Fwp%2Fv2%2Fmedia&parent=796"}],"wp:term":[{"taxonomy":"category","embeddable":true,"href":"https:\/\/www.aikido-origin.it\/index.php?rest_route=%2Fwp%2Fv2%2Fcategories&post=796"},{"taxonomy":"post_tag","embeddable":true,"href":"https:\/\/www.aikido-origin.it\/index.php?rest_route=%2Fwp%2Fv2%2Ftags&post=796"}],"curies":[{"name":"wp","href":"https:\/\/api.w.org\/{rel}","templated":true}]}}