{"id":864,"date":"2015-03-13T08:40:41","date_gmt":"2015-03-13T07:40:41","guid":{"rendered":"http:\/\/www.aikido-vittorioveneto.it\/?p=864"},"modified":"2015-03-13T08:40:41","modified_gmt":"2015-03-13T07:40:41","slug":"21-marzo-2015-seminar-di-aikido","status":"publish","type":"post","link":"https:\/\/www.aikido-origin.it\/?p=864","title":{"rendered":"21 Marzo 2015: Seminar di Aikido"},"content":{"rendered":"<p style=\"text-align: justify;\">Sabato 21 Marzo 2015 dalle ore 10.00 alle ore 13.00 presso il Palazzetto dello Sport di Vittorio Veneto (accanto alle piscine comunali) si terr\u00e0 il quinto Seminar di Aikido diretto dal <strong>Maestro Sandro Lucagnano<\/strong>, 4 Dan Aikikai Shidoin.<\/p>\n<p style=\"text-align: justify;\">Si ricorda che l&#8217;evento \u00e8 <strong>aperti a tutti<\/strong> purch\u00e9 regolarmente iscritti ad una federazione e assicurati.<\/p>\n<p style=\"text-align: justify;\">Il tema di questo seminar sar\u00e0 <strong>Ushiro Waza<\/strong>. Il costo \u00e8 di 10,00\u20ac da versare presso la Segreteria prima dell\u2019inizio della lezione. Per ogni informazione contattare il Maestro Sandro Lucagnano al numero 347\/6264129<\/p>\n<p style=\"text-align: justify;\"><a href=\"http:\/\/www.aikido-origin.it\/wp-content\/uploads\/2015\/03\/Seminar-21-03-15.jpg\"><img loading=\"lazy\" decoding=\"async\" class=\"aligncenter size-large wp-image-863\" src=\"http:\/\/www.aikido-origin.it\/wp-content\/uploads\/2015\/03\/Seminar-21-03-15-566x1024.jpg\" alt=\"Seminar 21-03-15\" width=\"566\" height=\"1024\" srcset=\"https:\/\/www.aikido-origin.it\/wordpress\/wp-content\/uploads\/2015\/03\/Seminar-21-03-15-566x1024.jpg 566w, https:\/\/www.aikido-origin.it\/wordpress\/wp-content\/uploads\/2015\/03\/Seminar-21-03-15-166x300.jpg 166w, https:\/\/www.aikido-origin.it\/wordpress\/wp-content\/uploads\/2015\/03\/Seminar-21-03-15.jpg 596w\" sizes=\"auto, (max-width: 566px) 100vw, 566px\" \/><\/a><\/p>\n","protected":false},"excerpt":{"rendered":"<p>Sabato 21 Marzo 2015 dalle ore 10.00 alle ore 13.00 presso il Palazzetto dello Sport di Vittorio Veneto (accanto alle piscine comunali) si terr\u00e0 il quinto Seminar di Aikido diretto dal Maestro Sandro Lucagnano, 4 Dan Aikikai Shidoin. Si ricorda che l&#8217;evento \u00e8 aperti a tutti purch\u00e9 regolarmente iscritti ad &hellip;<\/p>\n","protected":false},"author":1,"featured_media":0,"comment_status":"closed","ping_status":"open","sticky":false,"template":"","format":"standard","meta":{"sfsi_plus_gutenberg_text_before_share":"","sfsi_plus_gutenberg_show_text_before_share":"","sfsi_plus_gutenberg_icon_type":"","sfsi_plus_gutenberg_icon_alignemt":"","sfsi_plus_gutenburg_max_per_row":"","_jetpack_memberships_contains_paid_content":false,"footnotes":""},"categories":[6,1],"tags":[],"class_list":["post-864","post","type-post","status-publish","format-standard","hentry","category-articoli","category-articoli-seminar"],"yoast_head":"<!-- This site is optimized with the Yoast SEO plugin v25.6 - https:\/\/yoast.com\/wordpress\/plugins\/seo\/ -->\n<title>21 Marzo 2015: Seminar di Aikido  - Aikido Origin<\/title>\n<meta name=\"robots\" content=\"index, follow, max-snippet:-1, max-image-preview:large, max-video-preview:-1\" \/>\n<link rel=\"canonical\" href=\"http:\/\/www.aikido-origin.it\/?p=864\" \/>\n<meta property=\"og:locale\" content=\"it_IT\" \/>\n<meta property=\"og:type\" content=\"article\" \/>\n<meta property=\"og:title\" content=\"21 Marzo 2015: Seminar di Aikido  - Aikido Origin\" \/>\n<meta property=\"og:description\" content=\"Sabato 21 Marzo 2015 dalle ore 10.00 alle ore 13.00 presso il Palazzetto dello Sport di Vittorio Veneto (accanto alle piscine comunali) si terr\u00e0 il quinto Seminar di Aikido diretto dal Maestro Sandro Lucagnano, 4 Dan Aikikai Shidoin. Si ricorda che l&#8217;evento \u00e8 aperti a tutti purch\u00e9 regolarmente iscritti ad &hellip;\" \/>\n<meta property=\"og:url\" content=\"http:\/\/www.aikido-origin.it\/?p=864\" \/>\n<meta property=\"og:site_name\" content=\"Aikido Origin\" \/>\n<meta property=\"article:publisher\" content=\"https:\/\/www.facebook.com\/AikidoOrigin\" \/>\n<meta property=\"article:published_time\" content=\"2015-03-13T07:40:41+00:00\" \/>\n<meta property=\"og:image\" content=\"http:\/\/www.aikido-origin.it\/wp-content\/uploads\/2015\/03\/Seminar-21-03-15-566x1024.jpg\" \/>\n<meta name=\"author\" content=\"AdminSensei\" \/>\n<meta name=\"twitter:card\" content=\"summary_large_image\" \/>\n<meta name=\"twitter:label1\" content=\"Scritto da\" \/>\n\t<meta name=\"twitter:data1\" content=\"AdminSensei\" \/>\n<script type=\"application\/ld+json\" class=\"yoast-schema-graph\">{\"@context\":\"https:\/\/schema.org\",\"@graph\":[{\"@type\":\"Article\",\"@id\":\"http:\/\/www.aikido-origin.it\/?p=864#article\",\"isPartOf\":{\"@id\":\"http:\/\/www.aikido-origin.it\/?p=864\"},\"author\":{\"name\":\"AdminSensei\",\"@id\":\"https:\/\/www.aikido-origin.it\/#\/schema\/person\/5f355cfd81900cfddcbb83493964aae4\"},\"headline\":\"21 Marzo 2015: Seminar di Aikido\",\"datePublished\":\"2015-03-13T07:40:41+00:00\",\"mainEntityOfPage\":{\"@id\":\"http:\/\/www.aikido-origin.it\/?p=864\"},\"wordCount\":84,\"publisher\":{\"@id\":\"https:\/\/www.aikido-origin.it\/#organization\"},\"image\":{\"@id\":\"http:\/\/www.aikido-origin.it\/?p=864#primaryimage\"},\"thumbnailUrl\":\"http:\/\/www.aikido-origin.it\/wp-content\/uploads\/2015\/03\/Seminar-21-03-15-566x1024.jpg\",\"articleSection\":[\"Articoli\",\"I Nostri Seminar\"],\"inLanguage\":\"it-IT\"},{\"@type\":\"WebPage\",\"@id\":\"http:\/\/www.aikido-origin.it\/?p=864\",\"url\":\"http:\/\/www.aikido-origin.it\/?p=864\",\"name\":\"21 Marzo 2015: Seminar di Aikido - Aikido Origin\",\"isPartOf\":{\"@id\":\"https:\/\/www.aikido-origin.it\/#website\"},\"primaryImageOfPage\":{\"@id\":\"http:\/\/www.aikido-origin.it\/?p=864#primaryimage\"},\"image\":{\"@id\":\"http:\/\/www.aikido-origin.it\/?p=864#primaryimage\"},\"thumbnailUrl\":\"http:\/\/www.aikido-origin.it\/wp-content\/uploads\/2015\/03\/Seminar-21-03-15-566x1024.jpg\",\"datePublished\":\"2015-03-13T07:40:41+00:00\",\"breadcrumb\":{\"@id\":\"http:\/\/www.aikido-origin.it\/?p=864#breadcrumb\"},\"inLanguage\":\"it-IT\",\"potentialAction\":[{\"@type\":\"ReadAction\",\"target\":[\"http:\/\/www.aikido-origin.it\/?p=864\"]}]},{\"@type\":\"ImageObject\",\"inLanguage\":\"it-IT\",\"@id\":\"http:\/\/www.aikido-origin.it\/?p=864#primaryimage\",\"url\":\"https:\/\/www.aikido-origin.it\/wordpress\/wp-content\/uploads\/2015\/03\/Seminar-21-03-15.jpg\",\"contentUrl\":\"https:\/\/www.aikido-origin.it\/wordpress\/wp-content\/uploads\/2015\/03\/Seminar-21-03-15.jpg\",\"width\":596,\"height\":1077},{\"@type\":\"BreadcrumbList\",\"@id\":\"http:\/\/www.aikido-origin.it\/?p=864#breadcrumb\",\"itemListElement\":[{\"@type\":\"ListItem\",\"position\":1,\"name\":\"Home\",\"item\":\"https:\/\/www.aikido-origin.it\/\"},{\"@type\":\"ListItem\",\"position\":2,\"name\":\"21 Marzo 2015: Seminar di Aikido\"}]},{\"@type\":\"WebSite\",\"@id\":\"https:\/\/www.aikido-origin.it\/#website\",\"url\":\"https:\/\/www.aikido-origin.it\/\",\"name\":\"Aikido Origin\",\"description\":\"The Art of Peace\",\"publisher\":{\"@id\":\"https:\/\/www.aikido-origin.it\/#organization\"},\"potentialAction\":[{\"@type\":\"SearchAction\",\"target\":{\"@type\":\"EntryPoint\",\"urlTemplate\":\"https:\/\/www.aikido-origin.it\/?s={search_term_string}\"},\"query-input\":{\"@type\":\"PropertyValueSpecification\",\"valueRequired\":true,\"valueName\":\"search_term_string\"}}],\"inLanguage\":\"it-IT\"},{\"@type\":\"Organization\",\"@id\":\"https:\/\/www.aikido-origin.it\/#organization\",\"name\":\"Aikido Origin\",\"url\":\"https:\/\/www.aikido-origin.it\/\",\"logo\":{\"@type\":\"ImageObject\",\"inLanguage\":\"it-IT\",\"@id\":\"https:\/\/www.aikido-origin.it\/#\/schema\/logo\/image\/\",\"url\":\"https:\/\/www.aikido-origin.it\/wordpress\/wp-content\/uploads\/2019\/09\/cropped-AIKIDO-ORIGIN-DEFINITIVO-1-1.png\",\"contentUrl\":\"https:\/\/www.aikido-origin.it\/wordpress\/wp-content\/uploads\/2019\/09\/cropped-AIKIDO-ORIGIN-DEFINITIVO-1-1.png\",\"width\":1002,\"height\":1042,\"caption\":\"Aikido Origin\"},\"image\":{\"@id\":\"https:\/\/www.aikido-origin.it\/#\/schema\/logo\/image\/\"},\"sameAs\":[\"https:\/\/www.facebook.com\/AikidoOrigin\",\"https:\/\/www.youtube.com\/AikidoOrigin\",\"https:\/\/www.instagram.com\/aikido_origin\"]},{\"@type\":\"Person\",\"@id\":\"https:\/\/www.aikido-origin.it\/#\/schema\/person\/5f355cfd81900cfddcbb83493964aae4\",\"name\":\"AdminSensei\",\"image\":{\"@type\":\"ImageObject\",\"inLanguage\":\"it-IT\",\"@id\":\"https:\/\/www.aikido-origin.it\/#\/schema\/person\/image\/\",\"url\":\"https:\/\/secure.gravatar.com\/avatar\/73767cd6cd374cc216306eebd0d67968?s=96&d=mm&r=g\",\"contentUrl\":\"https:\/\/secure.gravatar.com\/avatar\/73767cd6cd374cc216306eebd0d67968?s=96&d=mm&r=g\",\"caption\":\"AdminSensei\"},\"url\":\"https:\/\/www.aikido-origin.it\/?author=1\"}]}<\/script>\n<!-- \/ Yoast SEO plugin. -->","yoast_head_json":{"title":"21 Marzo 2015: Seminar di Aikido  - Aikido Origin","robots":{"index":"index","follow":"follow","max-snippet":"max-snippet:-1","max-image-preview":"max-image-preview:large","max-video-preview":"max-video-preview:-1"},"canonical":"http:\/\/www.aikido-origin.it\/?p=864","og_locale":"it_IT","og_type":"article","og_title":"21 Marzo 2015: Seminar di Aikido  - Aikido Origin","og_description":"Sabato 21 Marzo 2015 dalle ore 10.00 alle ore 13.00 presso il Palazzetto dello Sport di Vittorio Veneto (accanto alle piscine comunali) si terr\u00e0 il quinto Seminar di Aikido diretto dal Maestro Sandro Lucagnano, 4 Dan Aikikai Shidoin. Si ricorda che l&#8217;evento \u00e8 aperti a tutti purch\u00e9 regolarmente iscritti ad &hellip;","og_url":"http:\/\/www.aikido-origin.it\/?p=864","og_site_name":"Aikido Origin","article_publisher":"https:\/\/www.facebook.com\/AikidoOrigin","article_published_time":"2015-03-13T07:40:41+00:00","og_image":[{"url":"http:\/\/www.aikido-origin.it\/wp-content\/uploads\/2015\/03\/Seminar-21-03-15-566x1024.jpg","type":"","width":"","height":""}],"author":"AdminSensei","twitter_card":"summary_large_image","twitter_misc":{"Scritto da":"AdminSensei"},"schema":{"@context":"https:\/\/schema.org","@graph":[{"@type":"Article","@id":"http:\/\/www.aikido-origin.it\/?p=864#article","isPartOf":{"@id":"http:\/\/www.aikido-origin.it\/?p=864"},"author":{"name":"AdminSensei","@id":"https:\/\/www.aikido-origin.it\/#\/schema\/person\/5f355cfd81900cfddcbb83493964aae4"},"headline":"21 Marzo 2015: Seminar di Aikido","datePublished":"2015-03-13T07:40:41+00:00","mainEntityOfPage":{"@id":"http:\/\/www.aikido-origin.it\/?p=864"},"wordCount":84,"publisher":{"@id":"https:\/\/www.aikido-origin.it\/#organization"},"image":{"@id":"http:\/\/www.aikido-origin.it\/?p=864#primaryimage"},"thumbnailUrl":"http:\/\/www.aikido-origin.it\/wp-content\/uploads\/2015\/03\/Seminar-21-03-15-566x1024.jpg","articleSection":["Articoli","I Nostri Seminar"],"inLanguage":"it-IT"},{"@type":"WebPage","@id":"http:\/\/www.aikido-origin.it\/?p=864","url":"http:\/\/www.aikido-origin.it\/?p=864","name":"21 Marzo 2015: Seminar di Aikido - Aikido Origin","isPartOf":{"@id":"https:\/\/www.aikido-origin.it\/#website"},"primaryImageOfPage":{"@id":"http:\/\/www.aikido-origin.it\/?p=864#primaryimage"},"image":{"@id":"http:\/\/www.aikido-origin.it\/?p=864#primaryimage"},"thumbnailUrl":"http:\/\/www.aikido-origin.it\/wp-content\/uploads\/2015\/03\/Seminar-21-03-15-566x1024.jpg","datePublished":"2015-03-13T07:40:41+00:00","breadcrumb":{"@id":"http:\/\/www.aikido-origin.it\/?p=864#breadcrumb"},"inLanguage":"it-IT","potentialAction":[{"@type":"ReadAction","target":["http:\/\/www.aikido-origin.it\/?p=864"]}]},{"@type":"ImageObject","inLanguage":"it-IT","@id":"http:\/\/www.aikido-origin.it\/?p=864#primaryimage","url":"https:\/\/www.aikido-origin.it\/wordpress\/wp-content\/uploads\/2015\/03\/Seminar-21-03-15.jpg","contentUrl":"https:\/\/www.aikido-origin.it\/wordpress\/wp-content\/uploads\/2015\/03\/Seminar-21-03-15.jpg","width":596,"height":1077},{"@type":"BreadcrumbList","@id":"http:\/\/www.aikido-origin.it\/?p=864#breadcrumb","itemListElement":[{"@type":"ListItem","position":1,"name":"Home","item":"https:\/\/www.aikido-origin.it\/"},{"@type":"ListItem","position":2,"name":"21 Marzo 2015: Seminar di Aikido"}]},{"@type":"WebSite","@id":"https:\/\/www.aikido-origin.it\/#website","url":"https:\/\/www.aikido-origin.it\/","name":"Aikido Origin","description":"The Art of Peace","publisher":{"@id":"https:\/\/www.aikido-origin.it\/#organization"},"potentialAction":[{"@type":"SearchAction","target":{"@type":"EntryPoint","urlTemplate":"https:\/\/www.aikido-origin.it\/?s={search_term_string}"},"query-input":{"@type":"PropertyValueSpecification","valueRequired":true,"valueName":"search_term_string"}}],"inLanguage":"it-IT"},{"@type":"Organization","@id":"https:\/\/www.aikido-origin.it\/#organization","name":"Aikido Origin","url":"https:\/\/www.aikido-origin.it\/","logo":{"@type":"ImageObject","inLanguage":"it-IT","@id":"https:\/\/www.aikido-origin.it\/#\/schema\/logo\/image\/","url":"https:\/\/www.aikido-origin.it\/wordpress\/wp-content\/uploads\/2019\/09\/cropped-AIKIDO-ORIGIN-DEFINITIVO-1-1.png","contentUrl":"https:\/\/www.aikido-origin.it\/wordpress\/wp-content\/uploads\/2019\/09\/cropped-AIKIDO-ORIGIN-DEFINITIVO-1-1.png","width":1002,"height":1042,"caption":"Aikido Origin"},"image":{"@id":"https:\/\/www.aikido-origin.it\/#\/schema\/logo\/image\/"},"sameAs":["https:\/\/www.facebook.com\/AikidoOrigin","https:\/\/www.youtube.com\/AikidoOrigin","https:\/\/www.instagram.com\/aikido_origin"]},{"@type":"Person","@id":"https:\/\/www.aikido-origin.it\/#\/schema\/person\/5f355cfd81900cfddcbb83493964aae4","name":"AdminSensei","image":{"@type":"ImageObject","inLanguage":"it-IT","@id":"https:\/\/www.aikido-origin.it\/#\/schema\/person\/image\/","url":"https:\/\/secure.gravatar.com\/avatar\/73767cd6cd374cc216306eebd0d67968?s=96&d=mm&r=g","contentUrl":"https:\/\/secure.gravatar.com\/avatar\/73767cd6cd374cc216306eebd0d67968?s=96&d=mm&r=g","caption":"AdminSensei"},"url":"https:\/\/www.aikido-origin.it\/?author=1"}]}},"jetpack_featured_media_url":"","jetpack_sharing_enabled":true,"_links":{"self":[{"href":"https:\/\/www.aikido-origin.it\/index.php?rest_route=\/wp\/v2\/posts\/864","targetHints":{"allow":["GET"]}}],"collection":[{"href":"https:\/\/www.aikido-origin.it\/index.php?rest_route=\/wp\/v2\/posts"}],"about":[{"href":"https:\/\/www.aikido-origin.it\/index.php?rest_route=\/wp\/v2\/types\/post"}],"author":[{"embeddable":true,"href":"https:\/\/www.aikido-origin.it\/index.php?rest_route=\/wp\/v2\/users\/1"}],"replies":[{"embeddable":true,"href":"https:\/\/www.aikido-origin.it\/index.php?rest_route=%2Fwp%2Fv2%2Fcomments&post=864"}],"version-history":[{"count":1,"href":"https:\/\/www.aikido-origin.it\/index.php?rest_route=\/wp\/v2\/posts\/864\/revisions"}],"predecessor-version":[{"id":865,"href":"https:\/\/www.aikido-origin.it\/index.php?rest_route=\/wp\/v2\/posts\/864\/revisions\/865"}],"wp:attachment":[{"href":"https:\/\/www.aikido-origin.it\/index.php?rest_route=%2Fwp%2Fv2%2Fmedia&parent=864"}],"wp:term":[{"taxonomy":"category","embeddable":true,"href":"https:\/\/www.aikido-origin.it\/index.php?rest_route=%2Fwp%2Fv2%2Fcategories&post=864"},{"taxonomy":"post_tag","embeddable":true,"href":"https:\/\/www.aikido-origin.it\/index.php?rest_route=%2Fwp%2Fv2%2Ftags&post=864"}],"curies":[{"name":"wp","href":"https:\/\/api.w.org\/{rel}","templated":true}]}}