{"id":867,"date":"2015-03-23T18:11:12","date_gmt":"2015-03-23T17:11:12","guid":{"rendered":"http:\/\/www.aikido-vittorioveneto.it\/?p=867"},"modified":"2015-03-23T18:11:12","modified_gmt":"2015-03-23T17:11:12","slug":"aikidoka-vittoriesi-in-viaggio-verso-roma","status":"publish","type":"post","link":"https:\/\/www.aikido-origin.it\/?p=867","title":{"rendered":"Aikidoka vittoriesi in viaggio verso Roma"},"content":{"rendered":"<p style=\"text-align: justify;\"><em>Il Maestro Sandro Lucagnano e i suoi allievi si sono recati nella capitale per incontrare Wolfgang Baumgartner Sensei.<\/em><\/p>\n<p style=\"text-align: justify;\">\n<p style=\"text-align: justify;\">L&#8217;Aikido \u00e8 un Arte Marziale pacifica che diversamente da altre discipline marziali non prevede n\u00e9 scontri n\u00e9 competizioni. Ma non si pensi che per percorrere la Via dell&#8217;Aiki non ci sia bisogno di <em>confronto<\/em> e quando si parla di confronto si intende il senso positivo del termine: lo scopo non \u00e8 tanto quello di paragonarsi, di valutare chi \u00e8 il migliore o di premiare il pi\u00f9 preparato. Confronto significa riconoscere i propri errori con l&#8217;aiuto del proprio compagno e colmare insieme le lacune attraverso lo studio e la pratica costante. Per questo motivo sono necessari anni di esperienza maturata insieme ai propri compagni prima di poter padroneggiare la tecnica senza abusare della forza o danneggiare il proprio partner, ma sfruttando gli efficaci spostamenti, proiezioni e le leve articolari che O&#8217;Sensei e i suoi successori ci hanno tramandato.<\/p>\n<p style=\"text-align: justify;\">Un buon Aikidoka dovrebbe saper praticare con chiunque: grossa o minuta, alta o bassa, la costituzione del proprio Uke (compagno di pratica) non deve influire in alcun modo sulla riuscita della tecnica. Per raggiungere questo obiettivo \u00e8 quindi essenziale esercitare e perfezionare il proprio Aikido praticando ogni volta con Uke diversi tra loro. Ma un&#8217;eterogeneit\u00e0 simile \u00e8 difficile da trovare anche nel Dojo pi\u00f9 numeroso, e in ogni caso praticare con allievi provenienti da altre palestre dislocate sul territorio italiano e, perch\u00e9 no, internazionale, oltre ad essere un ottimo esercizio di formazione, costituisce anche una stimolante esperienza di vita.<\/p>\n<p style=\"text-align: justify;\">Questo \u00e8 sicuramente uno dei tanti validi motivi che spinge gli allievi dell&#8217;Aikido Vittorio Veneto a partecipare con entusiasmo ai tanti seminar organizzati ogni anno in Italia e nel resto dell&#8217;Europa: confronto, crescita, amicizia. Il tutto coadiuvato da grandi Maestri del Takemusu, come appunto il tedesco Wolfgang Baumgartner Sensei, uno degli migliori allievi diretti di Saito Sensei e grande conoscitore della forma, della storia e della cultura dell&#8217;Aikido.<\/p>\n<p style=\"text-align: justify;\">Anche quest&#8217;anno i suoi preziosi insegnamenti saranno a disposizione dell&#8217;Aikido italiano che lo vedr\u00e0 ospite il 6-7 Giugno a Vittorio Veneto in occasione del 4\u00b0 Seminar di Takemusu Aikido Citt\u00e0 di Vittorio Veneto (a breve la locandina e i dettagli) e che lo ha appena visto protagonista nel weekend del 14-15 Marzo proprio nella capitale, al Bushido Dojo Roma.<\/p>\n<p style=\"text-align: justify;\">L&#8217;evento, organizzato dall&#8217;amico Andrea Lembo Sensei (che ricordiamo per essere stato uno dei Maestri che hanno diretto l&#8217;European Gasshuku 2013), si \u00e8 svolto nell&#8217;accogliente Dojo del Maestro Luciano, nel cuore del nostro Paese. Al Seminar sono accorsi Aikidoka da tutta Italia e Germania non solo per assistere alle sempre appassionanti lezioni di Baumgartner Sensei, ma anche per festeggiare lo stesso Andrea Lembo, che quest&#8217;anno compie 40 anni di Aikido. Un valoroso traguardo certamente degno di tutta la nostra stima.<\/p>\n<p style=\"text-align: justify;\">Ad onorare questo straordinario evento sono stati i Dojo Cho (capo palestra) presenti che a conclusione del Seminar hanno esibito il proprio Aikido con un breve Embukai (dimostrazione) e alla quale ha partecipato anche l&#8217;Aikido Vittorio Veneto. L&#8217;occasione \u00e8 stata colta per la consegna ufficiale di Shidoin ai Maestri che lo scorso Ottobre hanno partecipato al prestigioso corso per l&#8217;ottenimento della &#8220;Qualifica Giapponese di Istruttore&#8221; tenutosi a Berlino e diretto dallo stesso Wolfgang Baumgartner, tra i quali naturalmente figura il Maestro Lucagnano.<\/p>\n<p style=\"text-align: justify;\">\n<p style=\"text-align: justify;\"><a href=\"http:\/\/www.aikido-origin.it\/wp-content\/uploads\/2015\/03\/DA-PUBBLICARE-.jpg\"><img loading=\"lazy\" decoding=\"async\" class=\"aligncenter size-large wp-image-868\" src=\"http:\/\/www.aikido-origin.it\/wp-content\/uploads\/2015\/03\/DA-PUBBLICARE--1024x464.jpg\" alt=\"Roma 14-15 marzo\" width=\"584\" height=\"264\" srcset=\"https:\/\/www.aikido-origin.it\/wordpress\/wp-content\/uploads\/2015\/03\/DA-PUBBLICARE--1024x464.jpg 1024w, https:\/\/www.aikido-origin.it\/wordpress\/wp-content\/uploads\/2015\/03\/DA-PUBBLICARE--300x135.jpg 300w, https:\/\/www.aikido-origin.it\/wordpress\/wp-content\/uploads\/2015\/03\/DA-PUBBLICARE--500x226.jpg 500w, https:\/\/www.aikido-origin.it\/wordpress\/wp-content\/uploads\/2015\/03\/DA-PUBBLICARE-.jpg 1092w\" sizes=\"auto, (max-width: 584px) 100vw, 584px\" \/><\/a><\/p>\n","protected":false},"excerpt":{"rendered":"<p>Il Maestro Sandro Lucagnano e i suoi allievi si sono recati nella capitale per incontrare Wolfgang Baumgartner Sensei. L&#8217;Aikido \u00e8 un Arte Marziale pacifica che diversamente da altre discipline marziali non prevede n\u00e9 scontri n\u00e9 competizioni. Ma non si pensi che per percorrere la Via dell&#8217;Aiki non ci sia bisogno &hellip;<\/p>\n","protected":false},"author":1,"featured_media":0,"comment_status":"closed","ping_status":"open","sticky":false,"template":"","format":"standard","meta":{"sfsi_plus_gutenberg_text_before_share":"","sfsi_plus_gutenberg_show_text_before_share":"","sfsi_plus_gutenberg_icon_type":"","sfsi_plus_gutenberg_icon_alignemt":"","sfsi_plus_gutenburg_max_per_row":"","_jetpack_memberships_contains_paid_content":false,"footnotes":""},"categories":[6],"tags":[],"class_list":["post-867","post","type-post","status-publish","format-standard","hentry","category-articoli"],"yoast_head":"<!-- This site is optimized with the Yoast SEO plugin v25.6 - https:\/\/yoast.com\/wordpress\/plugins\/seo\/ -->\n<title>Aikidoka vittoriesi in viaggio verso Roma - Aikido Origin<\/title>\n<meta name=\"robots\" content=\"index, follow, max-snippet:-1, max-image-preview:large, max-video-preview:-1\" \/>\n<link rel=\"canonical\" href=\"https:\/\/www.aikido-origin.it\/?p=867\" \/>\n<meta property=\"og:locale\" content=\"it_IT\" \/>\n<meta property=\"og:type\" content=\"article\" \/>\n<meta property=\"og:title\" content=\"Aikidoka vittoriesi in viaggio verso Roma - Aikido Origin\" \/>\n<meta property=\"og:description\" content=\"Il Maestro Sandro Lucagnano e i suoi allievi si sono recati nella capitale per incontrare Wolfgang Baumgartner Sensei. L&#8217;Aikido \u00e8 un Arte Marziale pacifica che diversamente da altre discipline marziali non prevede n\u00e9 scontri n\u00e9 competizioni. Ma non si pensi che per percorrere la Via dell&#8217;Aiki non ci sia bisogno &hellip;\" \/>\n<meta property=\"og:url\" content=\"https:\/\/www.aikido-origin.it\/?p=867\" \/>\n<meta property=\"og:site_name\" content=\"Aikido Origin\" \/>\n<meta property=\"article:publisher\" content=\"https:\/\/www.facebook.com\/AikidoOrigin\" \/>\n<meta property=\"article:published_time\" content=\"2015-03-23T17:11:12+00:00\" \/>\n<meta property=\"og:image\" content=\"http:\/\/www.aikido-origin.it\/wp-content\/uploads\/2015\/03\/DA-PUBBLICARE--1024x464.jpg\" \/>\n<meta name=\"author\" content=\"AdminSensei\" \/>\n<meta name=\"twitter:card\" content=\"summary_large_image\" \/>\n<meta name=\"twitter:label1\" content=\"Scritto da\" \/>\n\t<meta name=\"twitter:data1\" content=\"AdminSensei\" \/>\n\t<meta name=\"twitter:label2\" content=\"Tempo di lettura stimato\" \/>\n\t<meta name=\"twitter:data2\" content=\"3 minuti\" \/>\n<script type=\"application\/ld+json\" class=\"yoast-schema-graph\">{\"@context\":\"https:\/\/schema.org\",\"@graph\":[{\"@type\":\"Article\",\"@id\":\"https:\/\/www.aikido-origin.it\/?p=867#article\",\"isPartOf\":{\"@id\":\"https:\/\/www.aikido-origin.it\/?p=867\"},\"author\":{\"name\":\"AdminSensei\",\"@id\":\"https:\/\/www.aikido-origin.it\/#\/schema\/person\/5f355cfd81900cfddcbb83493964aae4\"},\"headline\":\"Aikidoka vittoriesi in viaggio verso Roma\",\"datePublished\":\"2015-03-23T17:11:12+00:00\",\"mainEntityOfPage\":{\"@id\":\"https:\/\/www.aikido-origin.it\/?p=867\"},\"wordCount\":555,\"publisher\":{\"@id\":\"https:\/\/www.aikido-origin.it\/#organization\"},\"image\":{\"@id\":\"https:\/\/www.aikido-origin.it\/?p=867#primaryimage\"},\"thumbnailUrl\":\"http:\/\/www.aikido-origin.it\/wp-content\/uploads\/2015\/03\/DA-PUBBLICARE--1024x464.jpg\",\"articleSection\":[\"Articoli\"],\"inLanguage\":\"it-IT\"},{\"@type\":\"WebPage\",\"@id\":\"https:\/\/www.aikido-origin.it\/?p=867\",\"url\":\"https:\/\/www.aikido-origin.it\/?p=867\",\"name\":\"Aikidoka vittoriesi in viaggio verso Roma - Aikido Origin\",\"isPartOf\":{\"@id\":\"https:\/\/www.aikido-origin.it\/#website\"},\"primaryImageOfPage\":{\"@id\":\"https:\/\/www.aikido-origin.it\/?p=867#primaryimage\"},\"image\":{\"@id\":\"https:\/\/www.aikido-origin.it\/?p=867#primaryimage\"},\"thumbnailUrl\":\"http:\/\/www.aikido-origin.it\/wp-content\/uploads\/2015\/03\/DA-PUBBLICARE--1024x464.jpg\",\"datePublished\":\"2015-03-23T17:11:12+00:00\",\"breadcrumb\":{\"@id\":\"https:\/\/www.aikido-origin.it\/?p=867#breadcrumb\"},\"inLanguage\":\"it-IT\",\"potentialAction\":[{\"@type\":\"ReadAction\",\"target\":[\"https:\/\/www.aikido-origin.it\/?p=867\"]}]},{\"@type\":\"ImageObject\",\"inLanguage\":\"it-IT\",\"@id\":\"https:\/\/www.aikido-origin.it\/?p=867#primaryimage\",\"url\":\"https:\/\/www.aikido-origin.it\/wordpress\/wp-content\/uploads\/2015\/03\/DA-PUBBLICARE-.jpg\",\"contentUrl\":\"https:\/\/www.aikido-origin.it\/wordpress\/wp-content\/uploads\/2015\/03\/DA-PUBBLICARE-.jpg\",\"width\":1092,\"height\":495},{\"@type\":\"BreadcrumbList\",\"@id\":\"https:\/\/www.aikido-origin.it\/?p=867#breadcrumb\",\"itemListElement\":[{\"@type\":\"ListItem\",\"position\":1,\"name\":\"Home\",\"item\":\"https:\/\/www.aikido-origin.it\/\"},{\"@type\":\"ListItem\",\"position\":2,\"name\":\"Aikidoka vittoriesi in viaggio verso Roma\"}]},{\"@type\":\"WebSite\",\"@id\":\"https:\/\/www.aikido-origin.it\/#website\",\"url\":\"https:\/\/www.aikido-origin.it\/\",\"name\":\"Aikido Origin\",\"description\":\"The Art of Peace\",\"publisher\":{\"@id\":\"https:\/\/www.aikido-origin.it\/#organization\"},\"potentialAction\":[{\"@type\":\"SearchAction\",\"target\":{\"@type\":\"EntryPoint\",\"urlTemplate\":\"https:\/\/www.aikido-origin.it\/?s={search_term_string}\"},\"query-input\":{\"@type\":\"PropertyValueSpecification\",\"valueRequired\":true,\"valueName\":\"search_term_string\"}}],\"inLanguage\":\"it-IT\"},{\"@type\":\"Organization\",\"@id\":\"https:\/\/www.aikido-origin.it\/#organization\",\"name\":\"Aikido Origin\",\"url\":\"https:\/\/www.aikido-origin.it\/\",\"logo\":{\"@type\":\"ImageObject\",\"inLanguage\":\"it-IT\",\"@id\":\"https:\/\/www.aikido-origin.it\/#\/schema\/logo\/image\/\",\"url\":\"https:\/\/www.aikido-origin.it\/wordpress\/wp-content\/uploads\/2019\/09\/cropped-AIKIDO-ORIGIN-DEFINITIVO-1-1.png\",\"contentUrl\":\"https:\/\/www.aikido-origin.it\/wordpress\/wp-content\/uploads\/2019\/09\/cropped-AIKIDO-ORIGIN-DEFINITIVO-1-1.png\",\"width\":1002,\"height\":1042,\"caption\":\"Aikido Origin\"},\"image\":{\"@id\":\"https:\/\/www.aikido-origin.it\/#\/schema\/logo\/image\/\"},\"sameAs\":[\"https:\/\/www.facebook.com\/AikidoOrigin\",\"https:\/\/www.youtube.com\/AikidoOrigin\",\"https:\/\/www.instagram.com\/aikido_origin\"]},{\"@type\":\"Person\",\"@id\":\"https:\/\/www.aikido-origin.it\/#\/schema\/person\/5f355cfd81900cfddcbb83493964aae4\",\"name\":\"AdminSensei\",\"image\":{\"@type\":\"ImageObject\",\"inLanguage\":\"it-IT\",\"@id\":\"https:\/\/www.aikido-origin.it\/#\/schema\/person\/image\/\",\"url\":\"https:\/\/secure.gravatar.com\/avatar\/73767cd6cd374cc216306eebd0d67968?s=96&d=mm&r=g\",\"contentUrl\":\"https:\/\/secure.gravatar.com\/avatar\/73767cd6cd374cc216306eebd0d67968?s=96&d=mm&r=g\",\"caption\":\"AdminSensei\"},\"url\":\"https:\/\/www.aikido-origin.it\/?author=1\"}]}<\/script>\n<!-- \/ Yoast SEO plugin. -->","yoast_head_json":{"title":"Aikidoka vittoriesi in viaggio verso Roma - Aikido Origin","robots":{"index":"index","follow":"follow","max-snippet":"max-snippet:-1","max-image-preview":"max-image-preview:large","max-video-preview":"max-video-preview:-1"},"canonical":"https:\/\/www.aikido-origin.it\/?p=867","og_locale":"it_IT","og_type":"article","og_title":"Aikidoka vittoriesi in viaggio verso Roma - Aikido Origin","og_description":"Il Maestro Sandro Lucagnano e i suoi allievi si sono recati nella capitale per incontrare Wolfgang Baumgartner Sensei. L&#8217;Aikido \u00e8 un Arte Marziale pacifica che diversamente da altre discipline marziali non prevede n\u00e9 scontri n\u00e9 competizioni. Ma non si pensi che per percorrere la Via dell&#8217;Aiki non ci sia bisogno &hellip;","og_url":"https:\/\/www.aikido-origin.it\/?p=867","og_site_name":"Aikido Origin","article_publisher":"https:\/\/www.facebook.com\/AikidoOrigin","article_published_time":"2015-03-23T17:11:12+00:00","og_image":[{"url":"http:\/\/www.aikido-origin.it\/wp-content\/uploads\/2015\/03\/DA-PUBBLICARE--1024x464.jpg","type":"","width":"","height":""}],"author":"AdminSensei","twitter_card":"summary_large_image","twitter_misc":{"Scritto da":"AdminSensei","Tempo di lettura stimato":"3 minuti"},"schema":{"@context":"https:\/\/schema.org","@graph":[{"@type":"Article","@id":"https:\/\/www.aikido-origin.it\/?p=867#article","isPartOf":{"@id":"https:\/\/www.aikido-origin.it\/?p=867"},"author":{"name":"AdminSensei","@id":"https:\/\/www.aikido-origin.it\/#\/schema\/person\/5f355cfd81900cfddcbb83493964aae4"},"headline":"Aikidoka vittoriesi in viaggio verso Roma","datePublished":"2015-03-23T17:11:12+00:00","mainEntityOfPage":{"@id":"https:\/\/www.aikido-origin.it\/?p=867"},"wordCount":555,"publisher":{"@id":"https:\/\/www.aikido-origin.it\/#organization"},"image":{"@id":"https:\/\/www.aikido-origin.it\/?p=867#primaryimage"},"thumbnailUrl":"http:\/\/www.aikido-origin.it\/wp-content\/uploads\/2015\/03\/DA-PUBBLICARE--1024x464.jpg","articleSection":["Articoli"],"inLanguage":"it-IT"},{"@type":"WebPage","@id":"https:\/\/www.aikido-origin.it\/?p=867","url":"https:\/\/www.aikido-origin.it\/?p=867","name":"Aikidoka vittoriesi in viaggio verso Roma - Aikido Origin","isPartOf":{"@id":"https:\/\/www.aikido-origin.it\/#website"},"primaryImageOfPage":{"@id":"https:\/\/www.aikido-origin.it\/?p=867#primaryimage"},"image":{"@id":"https:\/\/www.aikido-origin.it\/?p=867#primaryimage"},"thumbnailUrl":"http:\/\/www.aikido-origin.it\/wp-content\/uploads\/2015\/03\/DA-PUBBLICARE--1024x464.jpg","datePublished":"2015-03-23T17:11:12+00:00","breadcrumb":{"@id":"https:\/\/www.aikido-origin.it\/?p=867#breadcrumb"},"inLanguage":"it-IT","potentialAction":[{"@type":"ReadAction","target":["https:\/\/www.aikido-origin.it\/?p=867"]}]},{"@type":"ImageObject","inLanguage":"it-IT","@id":"https:\/\/www.aikido-origin.it\/?p=867#primaryimage","url":"https:\/\/www.aikido-origin.it\/wordpress\/wp-content\/uploads\/2015\/03\/DA-PUBBLICARE-.jpg","contentUrl":"https:\/\/www.aikido-origin.it\/wordpress\/wp-content\/uploads\/2015\/03\/DA-PUBBLICARE-.jpg","width":1092,"height":495},{"@type":"BreadcrumbList","@id":"https:\/\/www.aikido-origin.it\/?p=867#breadcrumb","itemListElement":[{"@type":"ListItem","position":1,"name":"Home","item":"https:\/\/www.aikido-origin.it\/"},{"@type":"ListItem","position":2,"name":"Aikidoka vittoriesi in viaggio verso Roma"}]},{"@type":"WebSite","@id":"https:\/\/www.aikido-origin.it\/#website","url":"https:\/\/www.aikido-origin.it\/","name":"Aikido Origin","description":"The Art of Peace","publisher":{"@id":"https:\/\/www.aikido-origin.it\/#organization"},"potentialAction":[{"@type":"SearchAction","target":{"@type":"EntryPoint","urlTemplate":"https:\/\/www.aikido-origin.it\/?s={search_term_string}"},"query-input":{"@type":"PropertyValueSpecification","valueRequired":true,"valueName":"search_term_string"}}],"inLanguage":"it-IT"},{"@type":"Organization","@id":"https:\/\/www.aikido-origin.it\/#organization","name":"Aikido Origin","url":"https:\/\/www.aikido-origin.it\/","logo":{"@type":"ImageObject","inLanguage":"it-IT","@id":"https:\/\/www.aikido-origin.it\/#\/schema\/logo\/image\/","url":"https:\/\/www.aikido-origin.it\/wordpress\/wp-content\/uploads\/2019\/09\/cropped-AIKIDO-ORIGIN-DEFINITIVO-1-1.png","contentUrl":"https:\/\/www.aikido-origin.it\/wordpress\/wp-content\/uploads\/2019\/09\/cropped-AIKIDO-ORIGIN-DEFINITIVO-1-1.png","width":1002,"height":1042,"caption":"Aikido Origin"},"image":{"@id":"https:\/\/www.aikido-origin.it\/#\/schema\/logo\/image\/"},"sameAs":["https:\/\/www.facebook.com\/AikidoOrigin","https:\/\/www.youtube.com\/AikidoOrigin","https:\/\/www.instagram.com\/aikido_origin"]},{"@type":"Person","@id":"https:\/\/www.aikido-origin.it\/#\/schema\/person\/5f355cfd81900cfddcbb83493964aae4","name":"AdminSensei","image":{"@type":"ImageObject","inLanguage":"it-IT","@id":"https:\/\/www.aikido-origin.it\/#\/schema\/person\/image\/","url":"https:\/\/secure.gravatar.com\/avatar\/73767cd6cd374cc216306eebd0d67968?s=96&d=mm&r=g","contentUrl":"https:\/\/secure.gravatar.com\/avatar\/73767cd6cd374cc216306eebd0d67968?s=96&d=mm&r=g","caption":"AdminSensei"},"url":"https:\/\/www.aikido-origin.it\/?author=1"}]}},"jetpack_featured_media_url":"","jetpack_sharing_enabled":true,"_links":{"self":[{"href":"https:\/\/www.aikido-origin.it\/index.php?rest_route=\/wp\/v2\/posts\/867","targetHints":{"allow":["GET"]}}],"collection":[{"href":"https:\/\/www.aikido-origin.it\/index.php?rest_route=\/wp\/v2\/posts"}],"about":[{"href":"https:\/\/www.aikido-origin.it\/index.php?rest_route=\/wp\/v2\/types\/post"}],"author":[{"embeddable":true,"href":"https:\/\/www.aikido-origin.it\/index.php?rest_route=\/wp\/v2\/users\/1"}],"replies":[{"embeddable":true,"href":"https:\/\/www.aikido-origin.it\/index.php?rest_route=%2Fwp%2Fv2%2Fcomments&post=867"}],"version-history":[{"count":1,"href":"https:\/\/www.aikido-origin.it\/index.php?rest_route=\/wp\/v2\/posts\/867\/revisions"}],"predecessor-version":[{"id":869,"href":"https:\/\/www.aikido-origin.it\/index.php?rest_route=\/wp\/v2\/posts\/867\/revisions\/869"}],"wp:attachment":[{"href":"https:\/\/www.aikido-origin.it\/index.php?rest_route=%2Fwp%2Fv2%2Fmedia&parent=867"}],"wp:term":[{"taxonomy":"category","embeddable":true,"href":"https:\/\/www.aikido-origin.it\/index.php?rest_route=%2Fwp%2Fv2%2Fcategories&post=867"},{"taxonomy":"post_tag","embeddable":true,"href":"https:\/\/www.aikido-origin.it\/index.php?rest_route=%2Fwp%2Fv2%2Ftags&post=867"}],"curies":[{"name":"wp","href":"https:\/\/api.w.org\/{rel}","templated":true}]}}